{"id":1593,"date":"2023-01-07T19:57:09","date_gmt":"2023-01-07T19:57:09","guid":{"rendered":"https:\/\/pornuestrolaredo.com\/?p=1593"},"modified":"2023-01-07T19:57:09","modified_gmt":"2023-01-07T19:57:09","slug":"choca-el-metro-de-cdmx-muere-pasajero","status":"publish","type":"post","link":"https:\/\/pornuestrolaredo.com\/?p=1593","title":{"rendered":"Choca el Metro de CDMX; muere pasajero"},"content":{"rendered":"<p><strong>CIUDAD DE M\u00c9XICO.- <\/strong>Dos trenes de la L\u00ednea 3 del Metro sufrieron una colisi\u00f3n en el t\u00fanel entre las estaciones Potrero y La Raza, lo que dej\u00f3 un muerto y al menos 41 heridos.<\/p>\n<p>El secretario de Gobierno de CDMX, Mart\u00ed Batres, report\u00f3 un muerto y 4 personas prensadas rescatadas.<\/p>\n<blockquote><p>Se registr\u00f3 un choque entre trenes en la L\u00ednea 3 del Metro, servicios de emergencia en el sitio. Los secretarios de Gobierno, de Seguridad Ciudadadana, de Gesti\u00f3n Integral de Riesgos, y el Dir. del Metro arribando al lugar. Estoy informando y en camino. En breve m\u00e1s informaci\u00f3n&#8221;, indic\u00f3 la Mandataria Capitalina.<\/p><\/blockquote>\n<blockquote><p>He ordenado al Director del Metro, @GCalderon_Metro as\u00ed como al secretario de Seguridad Ciudadana @OHarfuch, informen a la brevedad posible sobre los hechos&#8221;.<\/p><\/blockquote>\n<p>De acuerdo con reportes, el incidente se habr\u00eda dado alrededor de las 9:10 horas cuando un tren se detuvo en medio del t\u00fanel y fue impactado por otro convoy.<\/p>\n<blockquote><p>Ven\u00eda yo de Indios Verdes, hab\u00edamos pasado justamente Potrero y ya \u00edbamos hacia La Raza, y en eso se escuch\u00f3 un golpe horrible y toda la gente sali\u00f3 volando, en eso se fue la luz y empez\u00f3 a salir mucho humo y la gente empez\u00f3 a gritar, todos empezaron a correr&#8221;, narr\u00f3 Mariela Casasola, quien iba en el segundo vag\u00f3n del tren colisionado.<\/p><\/blockquote>\n<p>El STC Metro inform\u00f3 que el servicio se suspendi\u00f3 de Indios Verdes a Guerrero por un incidente, sin detallar el car\u00e1cter del mismo.<\/p>\n<blockquote><p>No se ofrece servicio de Indios Verdes a Guerrero de la L\u00ednea 3, personal del sistema labora en la zona por incidente. El servicio provisional de ofrece de Hidalgo a Universidad. Toma previsiones&#8221;, indic\u00f3 el sistema de transporte en su cuenta de Twitter.<\/p><\/blockquote>\n<p>Por su lado, Carlos Olivares, otro usuario de la L\u00ednea inform\u00f3 que tras el choque, usuarios trataron de bajarse y abrir las puertas, pero fueron detenidos por personal del Metro.<\/p>\n","protected":false},"excerpt":{"rendered":"<p>Por lo menos 41 personas resultaron heridas en el encontronazo entre dos trenes en el t\u00fanel entre las estaciones Potrero y La Raza<\/p>\n","protected":false},"author":1,"featured_media":1594,"comment_status":"closed","ping_status":"closed","sticky":false,"template":"","format":"standard","meta":{"_crdt_document":"","_jetpack_memberships_contains_paid_content":false,"footnotes":"","jetpack_publicize_message":"","jetpack_publicize_feature_enabled":true,"jetpack_social_post_already_shared":true,"jetpack_social_options":{"image_generator_settings":{"template":"highway","default_image_id":0,"font":"","enabled":false},"version":2},"_wpas_customize_per_network":false},"categories":[33],"tags":[],"class_list":["post-1593","post","type-post","status-publish","format-standard","has-post-thumbnail","hentry","category-mexico"],"magazineBlocksPostFeaturedMedia":{"thumbnail":"https:\/\/pornuestrolaredo.com\/wp-content\/uploads\/2023\/01\/Stereo91-20230107-1-150x150.jpeg","medium":"https:\/\/pornuestrolaredo.com\/wp-content\/uploads\/2023\/01\/Stereo91-20230107-1-300x196.jpeg","medium_large":"https:\/\/pornuestrolaredo.com\/wp-content\/uploads\/2023\/01\/Stereo91-20230107-1-768x503.jpeg","large":"https:\/\/pornuestrolaredo.com\/wp-content\/uploads\/2023\/01\/Stereo91-20230107-1-1024x670.jpeg","1536x1536":"https:\/\/pornuestrolaredo.com\/wp-content\/uploads\/2023\/01\/Stereo91-20230107-1.jpeg","2048x2048":"https:\/\/pornuestrolaredo.com\/wp-content\/uploads\/2023\/01\/Stereo91-20230107-1.jpeg","morenews-large":"https:\/\/pornuestrolaredo.com\/wp-content\/uploads\/2023\/01\/Stereo91-20230107-1.jpeg","morenews-medium":"https:\/\/pornuestrolaredo.com\/wp-content\/uploads\/2023\/01\/Stereo91-20230107-1.jpeg"},"magazineBlocksPostAuthor":{"name":"Redactor","avatar":"https:\/\/pornuestrolaredo.com\/wp-content\/litespeed\/avatar\/dca1d7ec750c399f025f23b0b314f4cf.jpg?ver=1777612120"},"magazineBlocksPostCommentsNumber":false,"magazineBlocksPostExcerpt":"Por lo menos 41 personas resultaron heridas en el encontronazo entre dos trenes en el t\u00fanel entre las estaciones Potrero y La Raza","magazineBlocksPostCategories":["Mexico"],"magazineBlocksPostViewCount":116,"magazineBlocksPostReadTime":2,"magazine_blocks_featured_image_url":{"full":["https:\/\/pornuestrolaredo.com\/wp-content\/uploads\/2023\/01\/Stereo91-20230107-1.jpeg",1100,720,false],"medium":["https:\/\/pornuestrolaredo.com\/wp-content\/uploads\/2023\/01\/Stereo91-20230107-1-300x196.jpeg",300,196,true],"thumbnail":["https:\/\/pornuestrolaredo.com\/wp-content\/uploads\/2023\/01\/Stereo91-20230107-1-150x150.jpeg",150,150,true]},"magazine_blocks_author":{"display_name":"Redactor","author_link":"https:\/\/pornuestrolaredo.com\/?author=1"},"magazine_blocks_comment":0,"magazine_blocks_author_image":"https:\/\/pornuestrolaredo.com\/wp-content\/litespeed\/avatar\/dca1d7ec750c399f025f23b0b314f4cf.jpg?ver=1777612120","magazine_blocks_category":"<a href=\"#\" class=\"category-link category-link-33\">Mexico<\/a>","jetpack_publicize_connections":[],"featured_image_urls":{"full":["https:\/\/pornuestrolaredo.com\/wp-content\/uploads\/2023\/01\/Stereo91-20230107-1.jpeg",1100,720,false],"thumbnail":["https:\/\/pornuestrolaredo.com\/wp-content\/uploads\/2023\/01\/Stereo91-20230107-1-150x150.jpeg",150,150,true],"medium":["https:\/\/pornuestrolaredo.com\/wp-content\/uploads\/2023\/01\/Stereo91-20230107-1-300x196.jpeg",300,196,true],"medium_large":["https:\/\/pornuestrolaredo.com\/wp-content\/uploads\/2023\/01\/Stereo91-20230107-1-768x503.jpeg",640,419,true],"large":["https:\/\/pornuestrolaredo.com\/wp-content\/uploads\/2023\/01\/Stereo91-20230107-1-1024x670.jpeg",640,419,true],"1536x1536":["https:\/\/pornuestrolaredo.com\/wp-content\/uploads\/2023\/01\/Stereo91-20230107-1.jpeg",1100,720,false],"2048x2048":["https:\/\/pornuestrolaredo.com\/wp-content\/uploads\/2023\/01\/Stereo91-20230107-1.jpeg",1100,720,false],"morenews-large":["https:\/\/pornuestrolaredo.com\/wp-content\/uploads\/2023\/01\/Stereo91-20230107-1.jpeg",825,540,false],"morenews-medium":["https:\/\/pornuestrolaredo.com\/wp-content\/uploads\/2023\/01\/Stereo91-20230107-1.jpeg",590,386,false]},"author_info":{"info":["Redactor"]},"category_info":"<a href=\"https:\/\/pornuestrolaredo.com\/?cat=33\" rel=\"category\">Mexico<\/a>","tag_info":"Mexico","comment_count":"0","jetpack_featured_media_url":"https:\/\/pornuestrolaredo.com\/wp-content\/uploads\/2023\/01\/Stereo91-20230107-1.jpeg","jetpack_sharing_enabled":true,"_links":{"self":[{"href":"https:\/\/pornuestrolaredo.com\/index.php?rest_route=\/wp\/v2\/posts\/1593","targetHints":{"allow":["GET"]}}],"collection":[{"href":"https:\/\/pornuestrolaredo.com\/index.php?rest_route=\/wp\/v2\/posts"}],"about":[{"href":"https:\/\/pornuestrolaredo.com\/index.php?rest_route=\/wp\/v2\/types\/post"}],"author":[{"embeddable":true,"href":"https:\/\/pornuestrolaredo.com\/index.php?rest_route=\/wp\/v2\/users\/1"}],"replies":[{"embeddable":true,"href":"https:\/\/pornuestrolaredo.com\/index.php?rest_route=%2Fwp%2Fv2%2Fcomments&post=1593"}],"version-history":[{"count":1,"href":"https:\/\/pornuestrolaredo.com\/index.php?rest_route=\/wp\/v2\/posts\/1593\/revisions"}],"predecessor-version":[{"id":1595,"href":"https:\/\/pornuestrolaredo.com\/index.php?rest_route=\/wp\/v2\/posts\/1593\/revisions\/1595"}],"wp:featuredmedia":[{"embeddable":true,"href":"https:\/\/pornuestrolaredo.com\/index.php?rest_route=\/wp\/v2\/media\/1594"}],"wp:attachment":[{"href":"https:\/\/pornuestrolaredo.com\/index.php?rest_route=%2Fwp%2Fv2%2Fmedia&parent=1593"}],"wp:term":[{"taxonomy":"category","embeddable":true,"href":"https:\/\/pornuestrolaredo.com\/index.php?rest_route=%2Fwp%2Fv2%2Fcategories&post=1593"},{"taxonomy":"post_tag","embeddable":true,"href":"https:\/\/pornuestrolaredo.com\/index.php?rest_route=%2Fwp%2Fv2%2Ftags&post=1593"}],"curies":[{"name":"wp","href":"https:\/\/api.w.org\/{rel}","templated":true}]}}