{"id":1596,"date":"2023-01-09T21:03:51","date_gmt":"2023-01-09T21:03:51","guid":{"rendered":"https:\/\/pornuestrolaredo.com\/?p=1596"},"modified":"2023-01-09T21:03:51","modified_gmt":"2023-01-09T21:03:51","slug":"arriba-trudeau-para-cumbre-de-lideres-de-norteamerica","status":"publish","type":"post","link":"https:\/\/pornuestrolaredo.com\/?p=1596","title":{"rendered":"Arriba Trudeau para cumbre de l\u00edderes de Norteam\u00e9rica"},"content":{"rendered":"<p><strong>CIUDAD DE M\u00c9XICO.- <\/strong>Justin Trudeau, primer ministro de Canad\u00e1, arrib\u00f3 esta tarde al Aeropuerto Internacional Felipe \u00c1ngeles (AIFA) donde fue recibido por el presidente Andr\u00e9s Manuel L\u00f3pez Obrador.<\/p>\n<p>Esta ma\u00f1ana, Trudeau parti\u00f3 hacia la Ciudad de M\u00e9xico para la X Cumbre de L\u00edderes de Am\u00e9rica del Norte con el fin de fortalecer las econom\u00edas entre los tres pa\u00edses.<\/p>\n<blockquote><p>Despegando hacia la Ciudad de M\u00e9xico. En los pr\u00f3ximos d\u00edas, me reunir\u00e9 con @POTUS Biden, presidente @LopezObrador_ y l\u00edderes empresariales para fortalecer nuestras econom\u00edas, crear buenos empleos y construir un futuro mejor para las personas en toda Am\u00e9rica del Norte. M\u00e1s por venir, estar atentos&#8221;, expres\u00f3 Trudeau.<\/p><\/blockquote>\n<p>A su llegada al AIFA, Justin Trudeau baj\u00f3 de su avi\u00f3n oficial acompa\u00f1ado por su esposa Sophie Gr\u00e9goire y al descender fueron recibidos por L\u00f3pez Obrador y Beatriz Guti\u00e9rrez M\u00fcller, la cual entreg\u00f3 un ramo de flores a la esposa del canadiense.<\/p>\n<p>La agenda de Trudeau contempla una visita a Palacio Nacional ma\u00f1ana cerca de las 11:30 horas. A la 13:30 de la tarde aproximadamente habr\u00e1 una reuni\u00f3n bilateral con las delegaciones de los tres pa\u00edses, se estima que termine a las 15:30 horas y se brindar\u00e1 un mensaje a medios.<\/p>\n<p>El mi\u00e9rcoles, el presidente L\u00f3pez Obrador har\u00e1 la recepci\u00f3n de Trudeau, habr\u00e1 saludo privado, foto con su familia y una reuni\u00f3n bilateral. Ese mismo d\u00eda, el Mandatario canadiense y su esposa saldr\u00e1n de M\u00e9xico alrededor de las 18:00 horas, actividad con la cual quedar\u00e1 concluida la Cumbre de L\u00edderes de Am\u00e9rica del Norte.<\/p>\n","protected":false},"excerpt":{"rendered":"<p>El presidente Andr\u00e9s Manuel L\u00f3pez Obrador recibe al primer ministro de Canad\u00e1 en el aeropuerto Felipe \u00c1ngeles<\/p>\n","protected":false},"author":1,"featured_media":1597,"comment_status":"closed","ping_status":"closed","sticky":false,"template":"","format":"standard","meta":{"_crdt_document":"","_jetpack_memberships_contains_paid_content":false,"footnotes":"","jetpack_publicize_message":"","jetpack_publicize_feature_enabled":true,"jetpack_social_post_already_shared":true,"jetpack_social_options":{"image_generator_settings":{"template":"highway","default_image_id":0,"font":"","enabled":false},"version":2},"_wpas_customize_per_network":false},"categories":[33],"tags":[],"class_list":["post-1596","post","type-post","status-publish","format-standard","has-post-thumbnail","hentry","category-mexico"],"magazineBlocksPostFeaturedMedia":{"thumbnail":"https:\/\/pornuestrolaredo.com\/wp-content\/uploads\/2023\/01\/Stereo91-20230109-1-150x150.jpeg","medium":"https:\/\/pornuestrolaredo.com\/wp-content\/uploads\/2023\/01\/Stereo91-20230109-1-300x200.jpeg","medium_large":"https:\/\/pornuestrolaredo.com\/wp-content\/uploads\/2023\/01\/Stereo91-20230109-1-768x512.jpeg","large":"https:\/\/pornuestrolaredo.com\/wp-content\/uploads\/2023\/01\/Stereo91-20230109-1.jpeg","1536x1536":"https:\/\/pornuestrolaredo.com\/wp-content\/uploads\/2023\/01\/Stereo91-20230109-1.jpeg","2048x2048":"https:\/\/pornuestrolaredo.com\/wp-content\/uploads\/2023\/01\/Stereo91-20230109-1.jpeg","morenews-large":"https:\/\/pornuestrolaredo.com\/wp-content\/uploads\/2023\/01\/Stereo91-20230109-1.jpeg","morenews-medium":"https:\/\/pornuestrolaredo.com\/wp-content\/uploads\/2023\/01\/Stereo91-20230109-1.jpeg"},"magazineBlocksPostAuthor":{"name":"Redactor","avatar":"https:\/\/pornuestrolaredo.com\/wp-content\/litespeed\/avatar\/dca1d7ec750c399f025f23b0b314f4cf.jpg?ver=1777612120"},"magazineBlocksPostCommentsNumber":false,"magazineBlocksPostExcerpt":"El presidente Andr\u00e9s Manuel L\u00f3pez Obrador recibe al primer ministro de Canad\u00e1 en el aeropuerto Felipe \u00c1ngeles","magazineBlocksPostCategories":["Mexico"],"magazineBlocksPostViewCount":120,"magazineBlocksPostReadTime":2,"magazine_blocks_featured_image_url":{"full":["https:\/\/pornuestrolaredo.com\/wp-content\/uploads\/2023\/01\/Stereo91-20230109-1.jpeg",960,640,false],"medium":["https:\/\/pornuestrolaredo.com\/wp-content\/uploads\/2023\/01\/Stereo91-20230109-1-300x200.jpeg",300,200,true],"thumbnail":["https:\/\/pornuestrolaredo.com\/wp-content\/uploads\/2023\/01\/Stereo91-20230109-1-150x150.jpeg",150,150,true]},"magazine_blocks_author":{"display_name":"Redactor","author_link":"https:\/\/pornuestrolaredo.com\/?author=1"},"magazine_blocks_comment":0,"magazine_blocks_author_image":"https:\/\/pornuestrolaredo.com\/wp-content\/litespeed\/avatar\/dca1d7ec750c399f025f23b0b314f4cf.jpg?ver=1777612120","magazine_blocks_category":"<a href=\"#\" class=\"category-link category-link-33\">Mexico<\/a>","jetpack_publicize_connections":[],"featured_image_urls":{"full":["https:\/\/pornuestrolaredo.com\/wp-content\/uploads\/2023\/01\/Stereo91-20230109-1.jpeg",960,640,false],"thumbnail":["https:\/\/pornuestrolaredo.com\/wp-content\/uploads\/2023\/01\/Stereo91-20230109-1-150x150.jpeg",150,150,true],"medium":["https:\/\/pornuestrolaredo.com\/wp-content\/uploads\/2023\/01\/Stereo91-20230109-1-300x200.jpeg",300,200,true],"medium_large":["https:\/\/pornuestrolaredo.com\/wp-content\/uploads\/2023\/01\/Stereo91-20230109-1-768x512.jpeg",640,427,true],"large":["https:\/\/pornuestrolaredo.com\/wp-content\/uploads\/2023\/01\/Stereo91-20230109-1.jpeg",640,427,false],"1536x1536":["https:\/\/pornuestrolaredo.com\/wp-content\/uploads\/2023\/01\/Stereo91-20230109-1.jpeg",960,640,false],"2048x2048":["https:\/\/pornuestrolaredo.com\/wp-content\/uploads\/2023\/01\/Stereo91-20230109-1.jpeg",960,640,false],"morenews-large":["https:\/\/pornuestrolaredo.com\/wp-content\/uploads\/2023\/01\/Stereo91-20230109-1.jpeg",825,550,false],"morenews-medium":["https:\/\/pornuestrolaredo.com\/wp-content\/uploads\/2023\/01\/Stereo91-20230109-1.jpeg",590,393,false]},"author_info":{"info":["Redactor"]},"category_info":"<a href=\"https:\/\/pornuestrolaredo.com\/?cat=33\" rel=\"category\">Mexico<\/a>","tag_info":"Mexico","comment_count":"0","jetpack_featured_media_url":"https:\/\/pornuestrolaredo.com\/wp-content\/uploads\/2023\/01\/Stereo91-20230109-1.jpeg","jetpack_sharing_enabled":true,"_links":{"self":[{"href":"https:\/\/pornuestrolaredo.com\/index.php?rest_route=\/wp\/v2\/posts\/1596","targetHints":{"allow":["GET"]}}],"collection":[{"href":"https:\/\/pornuestrolaredo.com\/index.php?rest_route=\/wp\/v2\/posts"}],"about":[{"href":"https:\/\/pornuestrolaredo.com\/index.php?rest_route=\/wp\/v2\/types\/post"}],"author":[{"embeddable":true,"href":"https:\/\/pornuestrolaredo.com\/index.php?rest_route=\/wp\/v2\/users\/1"}],"replies":[{"embeddable":true,"href":"https:\/\/pornuestrolaredo.com\/index.php?rest_route=%2Fwp%2Fv2%2Fcomments&post=1596"}],"version-history":[{"count":1,"href":"https:\/\/pornuestrolaredo.com\/index.php?rest_route=\/wp\/v2\/posts\/1596\/revisions"}],"predecessor-version":[{"id":1598,"href":"https:\/\/pornuestrolaredo.com\/index.php?rest_route=\/wp\/v2\/posts\/1596\/revisions\/1598"}],"wp:featuredmedia":[{"embeddable":true,"href":"https:\/\/pornuestrolaredo.com\/index.php?rest_route=\/wp\/v2\/media\/1597"}],"wp:attachment":[{"href":"https:\/\/pornuestrolaredo.com\/index.php?rest_route=%2Fwp%2Fv2%2Fmedia&parent=1596"}],"wp:term":[{"taxonomy":"category","embeddable":true,"href":"https:\/\/pornuestrolaredo.com\/index.php?rest_route=%2Fwp%2Fv2%2Fcategories&post=1596"},{"taxonomy":"post_tag","embeddable":true,"href":"https:\/\/pornuestrolaredo.com\/index.php?rest_route=%2Fwp%2Fv2%2Ftags&post=1596"}],"curies":[{"name":"wp","href":"https:\/\/api.w.org\/{rel}","templated":true}]}}