{"id":1599,"date":"2023-01-09T21:10:38","date_gmt":"2023-01-09T21:10:38","guid":{"rendered":"https:\/\/pornuestrolaredo.com\/?p=1599"},"modified":"2023-01-09T21:10:38","modified_gmt":"2023-01-09T21:10:38","slug":"busca-amlo-ampliar-programa-migratorio-con-eu","status":"publish","type":"post","link":"https:\/\/pornuestrolaredo.com\/?p=1599","title":{"rendered":"Busca AMLO ampliar programa migratorio con EU"},"content":{"rendered":"<p><strong>CIUDAD DE M\u00c9XICO.- <\/strong>El presidente mexicano Andr\u00e9s Manuel L\u00f3pez Obrador dijo el lunes que considerar\u00eda ampliar el programa migratorio reci\u00e9n anunciado por Estados Unidos mediante el cual se incrementar\u00eda tanto el n\u00famero de visas temporales que podr\u00eda dar ese pa\u00eds como el de migrantes expulsados por la frontera com\u00fan.<\/p>\n<p>La declaraci\u00f3n se produjo a pocas horas de un encuentro que sostendr\u00e1n L\u00f3pez Obrador, Biden y el primer ministro canadiense, Justin Trudeau, en la Ciudad de M\u00e9xico en la cumbre de l\u00edderes norteamericanos.<\/p>\n<blockquote><p>No nos queremos adelantar, pero es parte de lo que vamos a tratar en la cumbre\u201d, dijo L\u00f3pez Obrador al anunciar que estar\u00eda a favor de que \u201cse ampl\u00ede el n\u00famero\u201d de migrantes, y agreg\u00f3 \u201capoyamos todas estas medidas de dar opciones, dar alternativas\u201d.<\/p><\/blockquote>\n<p>Jake Sullivan, asesor de Seguridad Nacional de Biden, declar\u00f3 a los periodistas que las conversaciones continuaban.<\/p>\n<p>\u201cLo que necesitamos es ver c\u00f3mo funciona en la pr\u00e1ctica el programa anunciado la semana pasada, qu\u00e9 ajustes hay que hacer a ese programa, si es que hay que hacer alguno, y entonces podremos hablar de dar los siguientes pasos\u201d, indic\u00f3 Sullivan.<\/p>\n<p>Antes de la cumbre Biden anunci\u00f3 un importante cambio en la pol\u00edtica fronteriza entre Estados Unidos y M\u00e9xico. Seg\u00fan el acuerdo, que cont\u00f3 con el benepl\u00e1cito del gobierno mexicano, M\u00e9xico acept\u00f3 recibir cada mes a 30.000 cubanos, nicarag\u00fcenses, venezolanos y haitianos devueltos desde Estados Unidos y a cambio Washington ofrecer\u00e1 cada mes visas temporales de trabajo al mismo numero de personas de esas cuatro nacionalidades si cumplen con ciertos requisitos, como llegar en avi\u00f3n.<\/p>\n<p>El env\u00edo de m\u00e1s inmigrantes a M\u00e9xico podr\u00eda ayudar a resolver el problema de la deportaci\u00f3n de personas a sus pa\u00edses de origen con los que Estados Unidos mantiene relaciones poco s\u00f3lidas.<\/p>\n<p>L\u00f3pez Obrador insisti\u00f3 en las bonanzas del acuerdo que ha sido cuestionado por grupos de derechos humanos que alegan que los cambios recuerdan la l\u00ednea dura del expresidente Donald Trump.<\/p>\n<blockquote><p>Si esto se consolida, va a generar un esperanza en la gente que quiere salir\u201d, subray\u00f3 L\u00f3pez Obrador. En su opini\u00f3n \u201ces un inicio\u201d para tener una migraci\u00f3n m\u00e1s ordenada.<\/p><\/blockquote>\n<p>Biden aterriz\u00f3 en M\u00e9xico el domingo por la noche y fue recibido por su par mexicano. Luego se subieron a la \u201cBestia\u201d para cruzar la Ciudad de M\u00e9xico hasta al lugar donde pernotar\u00eda Biden. Esa conversaci\u00f3n fue el primer contacto privado y directo de los mandatarios, dos pol\u00edticos que necesitan entenderse pero que tienen distintas visiones y prioridades. <\/p>\n<blockquote><p>Hablamos en muy buenos t\u00e9rminos\u201d, dijo el mexicano en su conferencia matutina. \u201cPlaticamos sobre temas que vamos a tratar en la reuni\u00f3n de hoy\u201d, agreg\u00f3.<\/p><\/blockquote>\n","protected":false},"excerpt":{"rendered":"<p>Pretende que sea a\u00fan mayor el el n\u00famero de visas temporales que podr\u00eda dar Estados Unidos an trabajadores migrantes<\/p>\n","protected":false},"author":1,"featured_media":1600,"comment_status":"closed","ping_status":"closed","sticky":false,"template":"","format":"standard","meta":{"_crdt_document":"","_jetpack_memberships_contains_paid_content":false,"footnotes":"","jetpack_publicize_message":"","jetpack_publicize_feature_enabled":true,"jetpack_social_post_already_shared":true,"jetpack_social_options":{"image_generator_settings":{"template":"highway","default_image_id":0,"font":"","enabled":false},"version":2},"_wpas_customize_per_network":false},"categories":[9],"tags":[],"class_list":["post-1599","post","type-post","status-publish","format-standard","has-post-thumbnail","hentry","category-el-mundo"],"magazineBlocksPostFeaturedMedia":{"thumbnail":"https:\/\/pornuestrolaredo.com\/wp-content\/uploads\/2023\/01\/Stereo91-20230109-2-150x150.jpeg","medium":"https:\/\/pornuestrolaredo.com\/wp-content\/uploads\/2023\/01\/Stereo91-20230109-2-300x164.jpeg","medium_large":"https:\/\/pornuestrolaredo.com\/wp-content\/uploads\/2023\/01\/Stereo91-20230109-2-768x419.jpeg","large":"https:\/\/pornuestrolaredo.com\/wp-content\/uploads\/2023\/01\/Stereo91-20230109-2.jpeg","1536x1536":"https:\/\/pornuestrolaredo.com\/wp-content\/uploads\/2023\/01\/Stereo91-20230109-2.jpeg","2048x2048":"https:\/\/pornuestrolaredo.com\/wp-content\/uploads\/2023\/01\/Stereo91-20230109-2.jpeg","morenews-large":"https:\/\/pornuestrolaredo.com\/wp-content\/uploads\/2023\/01\/Stereo91-20230109-2.jpeg","morenews-medium":"https:\/\/pornuestrolaredo.com\/wp-content\/uploads\/2023\/01\/Stereo91-20230109-2.jpeg"},"magazineBlocksPostAuthor":{"name":"Redactor","avatar":"https:\/\/pornuestrolaredo.com\/wp-content\/litespeed\/avatar\/dca1d7ec750c399f025f23b0b314f4cf.jpg?ver=1777612120"},"magazineBlocksPostCommentsNumber":false,"magazineBlocksPostExcerpt":"Pretende que sea a\u00fan mayor el el n\u00famero de visas temporales que podr\u00eda dar Estados Unidos an trabajadores migrantes","magazineBlocksPostCategories":["El Mundo"],"magazineBlocksPostViewCount":109,"magazineBlocksPostReadTime":3,"magazine_blocks_featured_image_url":{"full":["https:\/\/pornuestrolaredo.com\/wp-content\/uploads\/2023\/01\/Stereo91-20230109-2.jpeg",1000,546,false],"medium":["https:\/\/pornuestrolaredo.com\/wp-content\/uploads\/2023\/01\/Stereo91-20230109-2-300x164.jpeg",300,164,true],"thumbnail":["https:\/\/pornuestrolaredo.com\/wp-content\/uploads\/2023\/01\/Stereo91-20230109-2-150x150.jpeg",150,150,true]},"magazine_blocks_author":{"display_name":"Redactor","author_link":"https:\/\/pornuestrolaredo.com\/?author=1"},"magazine_blocks_comment":0,"magazine_blocks_author_image":"https:\/\/pornuestrolaredo.com\/wp-content\/litespeed\/avatar\/dca1d7ec750c399f025f23b0b314f4cf.jpg?ver=1777612120","magazine_blocks_category":"<a href=\"#\" class=\"category-link category-link-9\">El Mundo<\/a>","jetpack_publicize_connections":[],"featured_image_urls":{"full":["https:\/\/pornuestrolaredo.com\/wp-content\/uploads\/2023\/01\/Stereo91-20230109-2.jpeg",1000,546,false],"thumbnail":["https:\/\/pornuestrolaredo.com\/wp-content\/uploads\/2023\/01\/Stereo91-20230109-2-150x150.jpeg",150,150,true],"medium":["https:\/\/pornuestrolaredo.com\/wp-content\/uploads\/2023\/01\/Stereo91-20230109-2-300x164.jpeg",300,164,true],"medium_large":["https:\/\/pornuestrolaredo.com\/wp-content\/uploads\/2023\/01\/Stereo91-20230109-2-768x419.jpeg",640,349,true],"large":["https:\/\/pornuestrolaredo.com\/wp-content\/uploads\/2023\/01\/Stereo91-20230109-2.jpeg",640,349,false],"1536x1536":["https:\/\/pornuestrolaredo.com\/wp-content\/uploads\/2023\/01\/Stereo91-20230109-2.jpeg",1000,546,false],"2048x2048":["https:\/\/pornuestrolaredo.com\/wp-content\/uploads\/2023\/01\/Stereo91-20230109-2.jpeg",1000,546,false],"morenews-large":["https:\/\/pornuestrolaredo.com\/wp-content\/uploads\/2023\/01\/Stereo91-20230109-2.jpeg",825,450,false],"morenews-medium":["https:\/\/pornuestrolaredo.com\/wp-content\/uploads\/2023\/01\/Stereo91-20230109-2.jpeg",590,322,false]},"author_info":{"info":["Redactor"]},"category_info":"<a href=\"https:\/\/pornuestrolaredo.com\/?cat=9\" rel=\"category\">El Mundo<\/a>","tag_info":"El Mundo","comment_count":"0","jetpack_featured_media_url":"https:\/\/pornuestrolaredo.com\/wp-content\/uploads\/2023\/01\/Stereo91-20230109-2.jpeg","jetpack_sharing_enabled":true,"_links":{"self":[{"href":"https:\/\/pornuestrolaredo.com\/index.php?rest_route=\/wp\/v2\/posts\/1599","targetHints":{"allow":["GET"]}}],"collection":[{"href":"https:\/\/pornuestrolaredo.com\/index.php?rest_route=\/wp\/v2\/posts"}],"about":[{"href":"https:\/\/pornuestrolaredo.com\/index.php?rest_route=\/wp\/v2\/types\/post"}],"author":[{"embeddable":true,"href":"https:\/\/pornuestrolaredo.com\/index.php?rest_route=\/wp\/v2\/users\/1"}],"replies":[{"embeddable":true,"href":"https:\/\/pornuestrolaredo.com\/index.php?rest_route=%2Fwp%2Fv2%2Fcomments&post=1599"}],"version-history":[{"count":1,"href":"https:\/\/pornuestrolaredo.com\/index.php?rest_route=\/wp\/v2\/posts\/1599\/revisions"}],"predecessor-version":[{"id":1601,"href":"https:\/\/pornuestrolaredo.com\/index.php?rest_route=\/wp\/v2\/posts\/1599\/revisions\/1601"}],"wp:featuredmedia":[{"embeddable":true,"href":"https:\/\/pornuestrolaredo.com\/index.php?rest_route=\/wp\/v2\/media\/1600"}],"wp:attachment":[{"href":"https:\/\/pornuestrolaredo.com\/index.php?rest_route=%2Fwp%2Fv2%2Fmedia&parent=1599"}],"wp:term":[{"taxonomy":"category","embeddable":true,"href":"https:\/\/pornuestrolaredo.com\/index.php?rest_route=%2Fwp%2Fv2%2Fcategories&post=1599"},{"taxonomy":"post_tag","embeddable":true,"href":"https:\/\/pornuestrolaredo.com\/index.php?rest_route=%2Fwp%2Fv2%2Ftags&post=1599"}],"curies":[{"name":"wp","href":"https:\/\/api.w.org\/{rel}","templated":true}]}}