{"id":1602,"date":"2023-01-10T06:13:08","date_gmt":"2023-01-10T06:13:08","guid":{"rendered":"https:\/\/pornuestrolaredo.com\/?p=1602"},"modified":"2023-01-10T06:13:08","modified_gmt":"2023-01-10T06:13:08","slug":"tienen-amlo-y-biden-brusco-arranque","status":"publish","type":"post","link":"https:\/\/pornuestrolaredo.com\/?p=1602","title":{"rendered":"Tienen AMLO y Biden brusco arranque"},"content":{"rendered":"<p><strong>CIUDAD DE M\u00c9XICO.- <\/strong>El presidente mexicano Andr\u00e9s Manuel L\u00f3pez Obrador desafi\u00f3 a su par estadounidense Joe Biden a poner fin a una actitud de \u201cabandono\u201d y \u201cdesprecio\u201d por Am\u00e9rica Latina y el Caribe cuando los dos l\u00edderes se reunieron el lunes, lo que dio lugar a una brusca apertura de una cumbre de l\u00edderes norteamericanos.<\/p>\n<p>Los comentarios contrastaron con las muestras p\u00fablicas de afecto entre L\u00f3pez Obrador y Biden poco antes, cuando sonrieron, se abrazaron y se dieron la mano para las c\u00e1maras. Pero una vez que los dos se sentaron en un sal\u00f3n del Palacio Nacional, flanqueados por delegaciones de altos funcionarios, las a\u00f1ejas tensiones no tardaron en salir a la superficie.<\/p>\n<p>L\u00f3pez Obrador desafi\u00f3 a Biden a mejorar la situaci\u00f3n en toda la regi\u00f3n y le dijo que \u201ctiene la llave para abrir y mejorar sustancialmente las relaciones entre todos los pa\u00edses del continente americano\u201d.<\/p>\n<blockquote><p>Este es el momento de terminar con ese olvido, ese abandono, ese desd\u00e9n hacia Am\u00e9rica Latina y el Caribe\u201d, agreg\u00f3.<\/p><\/blockquote>\n<p>Biden respondi\u00f3 defendiendo las erogaciones de miles de millones de d\u00f3lares de Estados Unidos en ayuda en todo el mundo en los \u00faltimos 15 a\u00f1os, y dijo que \u201clamentablemente, nuestra responsabilidad no termina en el hemisferio occidental\u201d. El gobernante tambi\u00e9n se refiri\u00f3 a los 100 mil estadounidenses que han muerto por la \u201cplaga del fentanilo\u201d, una droga que ingresa por la frontera de M\u00e9xico, y habl\u00f3 de las acciones conjuntas que deben tomar para enfrentar el narcotr\u00e1fico.<\/p>\n<p>Si bien ambos gobernantes se comprometieron a trabajar juntos, fue un intercambio notablemente brusco que se dio ante los periodistas, quienes tras el tenso momento fueron sacados del sal\u00f3n. Biden y L\u00f3pez Obrador se reunieron en privado durante una hora antes de cenar con el primer ministro canadiense Justin Trudeau y sus esposas.<\/p>\n<p>Tras la reuni\u00f3n bilateral, el canciller mexicano Marcelo Ebrard dijo en su cuenta de Twitter que la conversaci\u00f3n fue \u201cespl\u00e9ndida\u201d, y que fue \u201cla m\u00e1s productiva y cordial\u201d entre los mandatarios.<\/p>\n<p>La mayor parte del trabajo de la cumbre se manejar\u00e1 el martes, cuando los tres l\u00edderes sostendr\u00e1n conversaciones nuevamente.<\/p>\n<p>La reuni\u00f3n se lleva a cabo de forma anual, aunque hubo una interrupci\u00f3n mientras Donald Trump era presidente de Estados Unidos. A menudo se la llama la \u201ccumbre de los tres amigos\u201d, una referencia a los profundos lazos diplom\u00e1ticos y econ\u00f3micos entre los tres pa\u00edses norteamericanos, pero han surgido nuevas tensiones.<\/p>\n<p>Las tres naciones se esfuerzan por gestionar lo mejor posible el movimiento de personas hacia Norteam\u00e9rica y por acabar con el contrabando de personas, que genera grandes ganancias al ser persuadidos los migrantes de realizar el peligroso viaje a Estados Unidos. Adem\u00e1s, Ottawa y Washington acusan a L\u00f3pez Obrador de violar un acuerdo de libre comercio al favorecer en materia energ\u00e9tica a la Comisi\u00f3n Federal de Electricidad mexicana frente a las centrales el\u00e9ctricas construidas por inversores extranjeros y privados del pa\u00eds. <\/p>\n<p>Por su parte, a Trudeau y a L\u00f3pez Obrador les preocupan los intentos de Biden de impulsar la producci\u00f3n nacional, lo que genera inquietud por la posibilidad de que los dos vecinos de Estados Unidos se queden atr\u00e1s.<\/p>\n","protected":false},"excerpt":{"rendered":"<p>L\u00f3pez Obrador desafi\u00f3 a Biden a mejorar la situaci\u00f3n en toda la regi\u00f3n y el presidente norteamericano revira: \u2018Hemos invertido miles de millones de d\u00f3lares\u2019<\/p>\n","protected":false},"author":1,"featured_media":1603,"comment_status":"closed","ping_status":"closed","sticky":false,"template":"","format":"standard","meta":{"_crdt_document":"","_jetpack_memberships_contains_paid_content":false,"footnotes":"","jetpack_publicize_message":"","jetpack_publicize_feature_enabled":true,"jetpack_social_post_already_shared":true,"jetpack_social_options":{"image_generator_settings":{"template":"highway","default_image_id":0,"font":"","enabled":false},"version":2},"_wpas_customize_per_network":false},"categories":[9],"tags":[],"class_list":["post-1602","post","type-post","status-publish","format-standard","has-post-thumbnail","hentry","category-el-mundo"],"magazineBlocksPostFeaturedMedia":{"thumbnail":"https:\/\/pornuestrolaredo.com\/wp-content\/uploads\/2023\/01\/Stereo91-20230109-3psd-150x150.jpg","medium":"https:\/\/pornuestrolaredo.com\/wp-content\/uploads\/2023\/01\/Stereo91-20230109-3psd-300x170.jpg","medium_large":"https:\/\/pornuestrolaredo.com\/wp-content\/uploads\/2023\/01\/Stereo91-20230109-3psd-768x435.jpg","large":"https:\/\/pornuestrolaredo.com\/wp-content\/uploads\/2023\/01\/Stereo91-20230109-3psd.jpg","1536x1536":"https:\/\/pornuestrolaredo.com\/wp-content\/uploads\/2023\/01\/Stereo91-20230109-3psd.jpg","2048x2048":"https:\/\/pornuestrolaredo.com\/wp-content\/uploads\/2023\/01\/Stereo91-20230109-3psd.jpg","morenews-large":"https:\/\/pornuestrolaredo.com\/wp-content\/uploads\/2023\/01\/Stereo91-20230109-3psd.jpg","morenews-medium":"https:\/\/pornuestrolaredo.com\/wp-content\/uploads\/2023\/01\/Stereo91-20230109-3psd.jpg"},"magazineBlocksPostAuthor":{"name":"Redactor","avatar":"https:\/\/pornuestrolaredo.com\/wp-content\/litespeed\/avatar\/dca1d7ec750c399f025f23b0b314f4cf.jpg?ver=1777612120"},"magazineBlocksPostCommentsNumber":false,"magazineBlocksPostExcerpt":"L\u00f3pez Obrador desafi\u00f3 a Biden a mejorar la situaci\u00f3n en toda la regi\u00f3n y el presidente norteamericano revira: \u2018Hemos invertido miles de millones de d\u00f3lares\u2019","magazineBlocksPostCategories":["El Mundo"],"magazineBlocksPostViewCount":118,"magazineBlocksPostReadTime":3,"magazine_blocks_featured_image_url":{"full":["https:\/\/pornuestrolaredo.com\/wp-content\/uploads\/2023\/01\/Stereo91-20230109-3psd.jpg",1000,566,false],"medium":["https:\/\/pornuestrolaredo.com\/wp-content\/uploads\/2023\/01\/Stereo91-20230109-3psd-300x170.jpg",300,170,true],"thumbnail":["https:\/\/pornuestrolaredo.com\/wp-content\/uploads\/2023\/01\/Stereo91-20230109-3psd-150x150.jpg",150,150,true]},"magazine_blocks_author":{"display_name":"Redactor","author_link":"https:\/\/pornuestrolaredo.com\/?author=1"},"magazine_blocks_comment":0,"magazine_blocks_author_image":"https:\/\/pornuestrolaredo.com\/wp-content\/litespeed\/avatar\/dca1d7ec750c399f025f23b0b314f4cf.jpg?ver=1777612120","magazine_blocks_category":"<a href=\"#\" class=\"category-link category-link-9\">El Mundo<\/a>","jetpack_publicize_connections":[],"featured_image_urls":{"full":["https:\/\/pornuestrolaredo.com\/wp-content\/uploads\/2023\/01\/Stereo91-20230109-3psd.jpg",1000,566,false],"thumbnail":["https:\/\/pornuestrolaredo.com\/wp-content\/uploads\/2023\/01\/Stereo91-20230109-3psd-150x150.jpg",150,150,true],"medium":["https:\/\/pornuestrolaredo.com\/wp-content\/uploads\/2023\/01\/Stereo91-20230109-3psd-300x170.jpg",300,170,true],"medium_large":["https:\/\/pornuestrolaredo.com\/wp-content\/uploads\/2023\/01\/Stereo91-20230109-3psd-768x435.jpg",640,363,true],"large":["https:\/\/pornuestrolaredo.com\/wp-content\/uploads\/2023\/01\/Stereo91-20230109-3psd.jpg",640,362,false],"1536x1536":["https:\/\/pornuestrolaredo.com\/wp-content\/uploads\/2023\/01\/Stereo91-20230109-3psd.jpg",1000,566,false],"2048x2048":["https:\/\/pornuestrolaredo.com\/wp-content\/uploads\/2023\/01\/Stereo91-20230109-3psd.jpg",1000,566,false],"morenews-large":["https:\/\/pornuestrolaredo.com\/wp-content\/uploads\/2023\/01\/Stereo91-20230109-3psd.jpg",825,467,false],"morenews-medium":["https:\/\/pornuestrolaredo.com\/wp-content\/uploads\/2023\/01\/Stereo91-20230109-3psd.jpg",590,334,false]},"author_info":{"info":["Redactor"]},"category_info":"<a href=\"https:\/\/pornuestrolaredo.com\/?cat=9\" rel=\"category\">El Mundo<\/a>","tag_info":"El Mundo","comment_count":"0","jetpack_featured_media_url":"https:\/\/pornuestrolaredo.com\/wp-content\/uploads\/2023\/01\/Stereo91-20230109-3psd.jpg","jetpack_sharing_enabled":true,"_links":{"self":[{"href":"https:\/\/pornuestrolaredo.com\/index.php?rest_route=\/wp\/v2\/posts\/1602","targetHints":{"allow":["GET"]}}],"collection":[{"href":"https:\/\/pornuestrolaredo.com\/index.php?rest_route=\/wp\/v2\/posts"}],"about":[{"href":"https:\/\/pornuestrolaredo.com\/index.php?rest_route=\/wp\/v2\/types\/post"}],"author":[{"embeddable":true,"href":"https:\/\/pornuestrolaredo.com\/index.php?rest_route=\/wp\/v2\/users\/1"}],"replies":[{"embeddable":true,"href":"https:\/\/pornuestrolaredo.com\/index.php?rest_route=%2Fwp%2Fv2%2Fcomments&post=1602"}],"version-history":[{"count":1,"href":"https:\/\/pornuestrolaredo.com\/index.php?rest_route=\/wp\/v2\/posts\/1602\/revisions"}],"predecessor-version":[{"id":1604,"href":"https:\/\/pornuestrolaredo.com\/index.php?rest_route=\/wp\/v2\/posts\/1602\/revisions\/1604"}],"wp:featuredmedia":[{"embeddable":true,"href":"https:\/\/pornuestrolaredo.com\/index.php?rest_route=\/wp\/v2\/media\/1603"}],"wp:attachment":[{"href":"https:\/\/pornuestrolaredo.com\/index.php?rest_route=%2Fwp%2Fv2%2Fmedia&parent=1602"}],"wp:term":[{"taxonomy":"category","embeddable":true,"href":"https:\/\/pornuestrolaredo.com\/index.php?rest_route=%2Fwp%2Fv2%2Fcategories&post=1602"},{"taxonomy":"post_tag","embeddable":true,"href":"https:\/\/pornuestrolaredo.com\/index.php?rest_route=%2Fwp%2Fv2%2Ftags&post=1602"}],"curies":[{"name":"wp","href":"https:\/\/api.w.org\/{rel}","templated":true}]}}