{"id":1609,"date":"2023-01-11T19:33:45","date_gmt":"2023-01-11T19:33:45","guid":{"rendered":"https:\/\/pornuestrolaredo.com\/?p=1609"},"modified":"2023-01-11T19:33:45","modified_gmt":"2023-01-11T19:33:45","slug":"falla-informatica-obliga-a-cancelar-todos-los-vuelos-en-eu","status":"publish","type":"post","link":"https:\/\/pornuestrolaredo.com\/?p=1609","title":{"rendered":"Falla inform\u00e1tica obliga a cancelar todos los vuelos en EU"},"content":{"rendered":"<p><strong>NUEVA YORK.- <\/strong>La Administraci\u00f3n Federal de Aviaci\u00f3n (FAA) levant\u00f3 la orden de mantener en tierra todos los vuelos en Estados Unidos, luego de una falla inform\u00e1tica el mi\u00e9rcoles temprano que oblig\u00f3 a demorar o cancelar miles de vuelos en todo el pa\u00eds.<\/p>\n<p>La FAA orden\u00f3 suspender todos los despegues temprano el mi\u00e9rcoles en la ma\u00f1ana, pero levant\u00f3 la orden poco antes de las 9 a.m. hora del este. Sin embargo, segu\u00edan repercutiendo las demoras y cancelaciones.<\/p>\n<p>M\u00e1s de 6 mil vuelos fueron retrasados y m\u00e1s de mil fueron cancelados para las 11:00 de la ma\u00f1ana, de acuerdo con el sitio FlightAware.<\/p>\n<p>La suspensi\u00f3n de la FAA afect\u00f3 casi todos los vuelos de pasajeros y carga.<\/p>\n<p>M\u00e1s de 21 mil vuelos estaban programados para despegar hoy en Estados Unidos, en su mayor\u00eda viajes nacionales, y se esperaba que unos mil 840 vuelos internacionales volaran hacia Estados Unidos, seg\u00fan la firma de datos de aviaci\u00f3n Cirium.<\/p>\n<p>Algunos vuelos m\u00e9dicos ten\u00edan autorizaci\u00f3n y la interrupci\u00f3n no afect\u00f3 ninguna operaci\u00f3n militar.<\/p>\n<p>Los vuelos del Comando de Movilidad A\u00e9rea de las fuerzas armadas estadounidenses no se vieron afectados, dijo el coronel de la fuerza a\u00e9rea Damien Pickart, un vocero. El Comando de Movilidad A\u00e9rea es el responsable de todos los movimientos de tropas y vuelos de soporte, como los aviones C-17 que transportan la caravana presidencial cuando viaja el mandatario, pero tambi\u00e9n todos los vuelos que transportan a militares de una base a otra.<\/p>\n<p>Por su parte, si bien la Casa Blanca dijo inicialmente que no hay evidencia de un ataque cibern\u00e9tico, el presidente Joe Biden coment\u00f3 \u201cno sabemos\u201d y dijo a los periodistas que orden\u00f3 al Departamento de Transporte que investigue la causa de la interrupci\u00f3n.<\/p>\n<p>Biden habl\u00f3 del asunto el mi\u00e9rcoles al salir de la Casa Blanca para acompa\u00f1ar a su esposa a hacerse un procedimiento m\u00e9dico en el Centro M\u00e9dico Walter Reed en las afueras de Washington. Agreg\u00f3 que el secretario de Transporte, Pete Buttigieg, lo est\u00e1 poniendo al tanto del tema.<\/p>\n<blockquote><p>Acabo de hablar con Buttigieg. No saben cu\u00e1l es la causa. Pero estuve hablando por tel\u00e9fono con \u00e9l unos 10 minutos\u201d, dijo Biden. \u201cLe dije que me informara directamente cuando se enteraran. El tr\u00e1fico a\u00e9reo a\u00fan puede aterrizar de manera segura, pero no despegar en este momento. No sabemos cu\u00e1l es la causa de esto\u201d.<\/p><\/blockquote>\n<p>Buttigieg indic\u00f3 en un tuit que est\u00e1 en contacto con la FAA y monitorea la situaci\u00f3n.<\/p>\n<p>El FBI de momento no ha respondido a un pedido de comentario.<\/p>\n<p>La mayor\u00eda de los incidentes se concentraban en la Costa Este del pa\u00eds, pero se estaban extendiendo al oeste.<\/p>\n<p>La FAA explic\u00f3 en un tuit que estaba trabajando para restaurar el Sistema de Notificaci\u00f3n a Misiones A\u00e9reas (NOTAM).<\/p>\n<blockquote><p>Estamos realizando comprobaciones finales de validaci\u00f3n y reiniciando el sistema\u201d, indic\u00f3 la agencia. \u201cLas operaciones en todo el espacio a\u00e9reo estadounidense est\u00e1n afectadas\u201d.<\/p><\/blockquote>\n<p>La agencia indic\u00f3 que algunas funciones se han restaurado, pero que \u201clas operaciones dentro del sistema del espacio a\u00e9reo nacional siguen siendo limitadas\u201d.<\/p>\n<p>Julia Macpherson estaba en un vuelo de United Airlines proveniente de Sydney a Los \u00c1ngeles el mi\u00e9rcoles cuando se enter\u00f3 de las demoras. <\/p>\n<blockquote><p>Cuando estaba en el aire me enter\u00e9 de un amigo que tambi\u00e9n estaba viajando en el extranjero, de que hubo una falla\u201d, relat\u00f3 Macpherson, quien regresaba a Florida proveniente de Hobart, Tasmania. Deb\u00eda viajar primero a Los \u00c1ngeles, luego ir a Denver para un vuelo de conexi\u00f3n a Jacksonville, Florida.<\/p><\/blockquote>\n","protected":false},"excerpt":{"rendered":"<p>Este mi\u00e9rcoles, poco despu\u00e9s de las 9:00 de la ma\u00f1ana, Administraci\u00f3n Federal de Aviaci\u00f3n levant\u00f3 la orden de mantener en tierra todos los aviones en Estados Unidos<\/p>\n","protected":false},"author":1,"featured_media":1610,"comment_status":"closed","ping_status":"closed","sticky":false,"template":"","format":"standard","meta":{"_crdt_document":"","_jetpack_memberships_contains_paid_content":false,"footnotes":"","jetpack_publicize_message":"","jetpack_publicize_feature_enabled":true,"jetpack_social_post_already_shared":true,"jetpack_social_options":{"image_generator_settings":{"template":"highway","default_image_id":0,"font":"","enabled":false},"version":2},"_wpas_customize_per_network":false},"categories":[9],"tags":[],"class_list":["post-1609","post","type-post","status-publish","format-standard","has-post-thumbnail","hentry","category-el-mundo"],"magazineBlocksPostFeaturedMedia":{"thumbnail":"https:\/\/pornuestrolaredo.com\/wp-content\/uploads\/2023\/01\/Stereo91-20231011-2-150x150.jpg","medium":"https:\/\/pornuestrolaredo.com\/wp-content\/uploads\/2023\/01\/Stereo91-20231011-2-300x157.jpg","medium_large":"https:\/\/pornuestrolaredo.com\/wp-content\/uploads\/2023\/01\/Stereo91-20231011-2-768x402.jpg","large":"https:\/\/pornuestrolaredo.com\/wp-content\/uploads\/2023\/01\/Stereo91-20231011-2.jpg","1536x1536":"https:\/\/pornuestrolaredo.com\/wp-content\/uploads\/2023\/01\/Stereo91-20231011-2.jpg","2048x2048":"https:\/\/pornuestrolaredo.com\/wp-content\/uploads\/2023\/01\/Stereo91-20231011-2.jpg","morenews-large":"https:\/\/pornuestrolaredo.com\/wp-content\/uploads\/2023\/01\/Stereo91-20231011-2.jpg","morenews-medium":"https:\/\/pornuestrolaredo.com\/wp-content\/uploads\/2023\/01\/Stereo91-20231011-2.jpg"},"magazineBlocksPostAuthor":{"name":"Redactor","avatar":"https:\/\/pornuestrolaredo.com\/wp-content\/litespeed\/avatar\/dca1d7ec750c399f025f23b0b314f4cf.jpg?ver=1777612120"},"magazineBlocksPostCommentsNumber":false,"magazineBlocksPostExcerpt":"Este mi\u00e9rcoles, poco despu\u00e9s de las 9:00 de la ma\u00f1ana, Administraci\u00f3n Federal de Aviaci\u00f3n levant\u00f3 la orden de mantener en tierra todos los aviones en Estados Unidos","magazineBlocksPostCategories":["El Mundo"],"magazineBlocksPostViewCount":124,"magazineBlocksPostReadTime":4,"magazine_blocks_featured_image_url":{"full":["https:\/\/pornuestrolaredo.com\/wp-content\/uploads\/2023\/01\/Stereo91-20231011-2.jpg",1000,524,false],"medium":["https:\/\/pornuestrolaredo.com\/wp-content\/uploads\/2023\/01\/Stereo91-20231011-2-300x157.jpg",300,157,true],"thumbnail":["https:\/\/pornuestrolaredo.com\/wp-content\/uploads\/2023\/01\/Stereo91-20231011-2-150x150.jpg",150,150,true]},"magazine_blocks_author":{"display_name":"Redactor","author_link":"https:\/\/pornuestrolaredo.com\/?author=1"},"magazine_blocks_comment":0,"magazine_blocks_author_image":"https:\/\/pornuestrolaredo.com\/wp-content\/litespeed\/avatar\/dca1d7ec750c399f025f23b0b314f4cf.jpg?ver=1777612120","magazine_blocks_category":"<a href=\"#\" class=\"category-link category-link-9\">El Mundo<\/a>","jetpack_publicize_connections":[],"featured_image_urls":{"full":["https:\/\/pornuestrolaredo.com\/wp-content\/uploads\/2023\/01\/Stereo91-20231011-2.jpg",1000,524,false],"thumbnail":["https:\/\/pornuestrolaredo.com\/wp-content\/uploads\/2023\/01\/Stereo91-20231011-2-150x150.jpg",150,150,true],"medium":["https:\/\/pornuestrolaredo.com\/wp-content\/uploads\/2023\/01\/Stereo91-20231011-2-300x157.jpg",300,157,true],"medium_large":["https:\/\/pornuestrolaredo.com\/wp-content\/uploads\/2023\/01\/Stereo91-20231011-2-768x402.jpg",640,335,true],"large":["https:\/\/pornuestrolaredo.com\/wp-content\/uploads\/2023\/01\/Stereo91-20231011-2.jpg",640,335,false],"1536x1536":["https:\/\/pornuestrolaredo.com\/wp-content\/uploads\/2023\/01\/Stereo91-20231011-2.jpg",1000,524,false],"2048x2048":["https:\/\/pornuestrolaredo.com\/wp-content\/uploads\/2023\/01\/Stereo91-20231011-2.jpg",1000,524,false],"morenews-large":["https:\/\/pornuestrolaredo.com\/wp-content\/uploads\/2023\/01\/Stereo91-20231011-2.jpg",825,432,false],"morenews-medium":["https:\/\/pornuestrolaredo.com\/wp-content\/uploads\/2023\/01\/Stereo91-20231011-2.jpg",590,309,false]},"author_info":{"info":["Redactor"]},"category_info":"<a href=\"https:\/\/pornuestrolaredo.com\/?cat=9\" rel=\"category\">El Mundo<\/a>","tag_info":"El Mundo","comment_count":"0","jetpack_featured_media_url":"https:\/\/pornuestrolaredo.com\/wp-content\/uploads\/2023\/01\/Stereo91-20231011-2.jpg","jetpack_sharing_enabled":true,"_links":{"self":[{"href":"https:\/\/pornuestrolaredo.com\/index.php?rest_route=\/wp\/v2\/posts\/1609","targetHints":{"allow":["GET"]}}],"collection":[{"href":"https:\/\/pornuestrolaredo.com\/index.php?rest_route=\/wp\/v2\/posts"}],"about":[{"href":"https:\/\/pornuestrolaredo.com\/index.php?rest_route=\/wp\/v2\/types\/post"}],"author":[{"embeddable":true,"href":"https:\/\/pornuestrolaredo.com\/index.php?rest_route=\/wp\/v2\/users\/1"}],"replies":[{"embeddable":true,"href":"https:\/\/pornuestrolaredo.com\/index.php?rest_route=%2Fwp%2Fv2%2Fcomments&post=1609"}],"version-history":[{"count":1,"href":"https:\/\/pornuestrolaredo.com\/index.php?rest_route=\/wp\/v2\/posts\/1609\/revisions"}],"predecessor-version":[{"id":1611,"href":"https:\/\/pornuestrolaredo.com\/index.php?rest_route=\/wp\/v2\/posts\/1609\/revisions\/1611"}],"wp:featuredmedia":[{"embeddable":true,"href":"https:\/\/pornuestrolaredo.com\/index.php?rest_route=\/wp\/v2\/media\/1610"}],"wp:attachment":[{"href":"https:\/\/pornuestrolaredo.com\/index.php?rest_route=%2Fwp%2Fv2%2Fmedia&parent=1609"}],"wp:term":[{"taxonomy":"category","embeddable":true,"href":"https:\/\/pornuestrolaredo.com\/index.php?rest_route=%2Fwp%2Fv2%2Fcategories&post=1609"},{"taxonomy":"post_tag","embeddable":true,"href":"https:\/\/pornuestrolaredo.com\/index.php?rest_route=%2Fwp%2Fv2%2Ftags&post=1609"}],"curies":[{"name":"wp","href":"https:\/\/api.w.org\/{rel}","templated":true}]}}