{"id":1615,"date":"2023-01-12T07:06:02","date_gmt":"2023-01-12T07:06:02","guid":{"rendered":"https:\/\/pornuestrolaredo.com\/?p=1615"},"modified":"2023-01-12T07:06:02","modified_gmt":"2023-01-12T07:06:02","slug":"extirpan-dos-lesiones-cancerosas-a-jill-biden","status":"publish","type":"post","link":"https:\/\/pornuestrolaredo.com\/?p=1615","title":{"rendered":"Extirpan dos lesiones cancerosas a Jill Biden"},"content":{"rendered":"<p><strong>WASHINGTON.- <\/strong>Cirujanos extirparon el mi\u00e9rcoles una lesi\u00f3n cancerosa ubicada encima del ojo derecho y otra en el pecho de la primera dama Jill Biden, anunci\u00f3 la Casa Blanca. Adem\u00e1s, los m\u00e9dicos examinan una tercera lesi\u00f3n en su p\u00e1rpado izquierdo.<\/p>\n<p>El doctor Kevin O\u2019Connor, m\u00e9dico del presidente, dijo que los ex\u00e1menes confirmaron que la lesi\u00f3n sobre el ojo derecho de Biden y la reci\u00e9n descubierta en su pecho eran carcinomas basocelulares. La lesi\u00f3n en su ojo izquierdo fue \u201celiminada por completo&#8230; y se envi\u00f3 para su an\u00e1lisis microsc\u00f3pico est\u00e1ndar\u201d, de acuerdo con el reporte de O\u2019Connor.<\/p>\n<p>El carcinoma basocelular es el tipo m\u00e1s com\u00fan de c\u00e1ncer de piel, pero tambi\u00e9n el m\u00e1s curable. Se considera muy tratable, sobre todo cuando se detecta a tiempo. Es un c\u00e1ncer de crecimiento lento que suele limitarse a la superficie de la piel. Los m\u00e9dicos casi siempre pueden extirparlo en su totalidad con una incisi\u00f3n poco profunda, y rara vez causa complicaciones graves o pone en peligro la vida.<\/p>\n<p>Biden y su esposo, el presidente Joe Biden, pasaron el d\u00eda en el Centro M\u00e9dico Militar Nacional Walter Reed, en Bethesda, Maryland, donde la primera dama, de 71 a\u00f1os de edad, se someti\u00f3 al procedimiento ambulatorio com\u00fan conocido como cirug\u00eda de Mohs para extirpar y analizar las lesiones. Despu\u00e9s de casi nueve horas en el hospital, el mandatario volvi\u00f3 a la Casa Blanca solo, y se ten\u00eda previsto que la primera dama regresara a la residencia presidencial m\u00e1s tarde.<\/p>\n<p>O\u2019Connor dijo que la primera dama \u201cexperimentaba cierta inflamaci\u00f3n facial y hematomas, pero se encontraba de buen \u00e1nimo y se sent\u00eda bien\u201d.<\/p>\n<p>El carcinoma basocelular es tan com\u00fan que no hay conteos fiables. La Sociedad Americana contra el C\u00e1ncer lo agrupa con otro tipo de c\u00e1ncer f\u00e1cil de tratar, el de c\u00e9lulas escamosas. Unos 3,3 millones de estadounidenses contraen alguno de estos dos tipos de c\u00e1ncer cada a\u00f1o, y la mayor\u00eda de los casos son de carcinoma basocelular, seg\u00fan la organizaci\u00f3n. <\/p>\n<p>La oficina de la primera dama anunci\u00f3 hace una semana, a trav\u00e9s de un memor\u00e1ndum que emiti\u00f3 O\u2019Connor el 4 de enero, que los m\u00e9dicos hab\u00edan encontrado la lesi\u00f3n sobre su ojo derecho durante una revisi\u00f3n de rutina de c\u00e1ncer de piel. <\/p>\n<p>Las lesiones extirpadas de su pecho y p\u00e1rpado izquierdo fueron descubiertas el mi\u00e9rcoles.<\/p>\n","protected":false},"excerpt":{"rendered":"<p>La primera dama de Estados Unidos ten\u00eda carcinomas basocelulares en su pecho y en e ojo derecho<\/p>\n","protected":false},"author":1,"featured_media":1616,"comment_status":"closed","ping_status":"closed","sticky":false,"template":"","format":"standard","meta":{"_crdt_document":"","_jetpack_memberships_contains_paid_content":false,"footnotes":"","jetpack_publicize_message":"","jetpack_publicize_feature_enabled":true,"jetpack_social_post_already_shared":true,"jetpack_social_options":{"image_generator_settings":{"template":"highway","default_image_id":0,"font":"","enabled":false},"version":2},"_wpas_customize_per_network":false},"categories":[9],"tags":[],"class_list":["post-1615","post","type-post","status-publish","format-standard","has-post-thumbnail","hentry","category-el-mundo"],"magazineBlocksPostFeaturedMedia":{"thumbnail":"https:\/\/pornuestrolaredo.com\/wp-content\/uploads\/2023\/01\/Stereo91-20231011-4-150x150.jpg","medium":"https:\/\/pornuestrolaredo.com\/wp-content\/uploads\/2023\/01\/Stereo91-20231011-4-300x160.jpg","medium_large":"https:\/\/pornuestrolaredo.com\/wp-content\/uploads\/2023\/01\/Stereo91-20231011-4-768x409.jpg","large":"https:\/\/pornuestrolaredo.com\/wp-content\/uploads\/2023\/01\/Stereo91-20231011-4.jpg","1536x1536":"https:\/\/pornuestrolaredo.com\/wp-content\/uploads\/2023\/01\/Stereo91-20231011-4.jpg","2048x2048":"https:\/\/pornuestrolaredo.com\/wp-content\/uploads\/2023\/01\/Stereo91-20231011-4.jpg","morenews-large":"https:\/\/pornuestrolaredo.com\/wp-content\/uploads\/2023\/01\/Stereo91-20231011-4.jpg","morenews-medium":"https:\/\/pornuestrolaredo.com\/wp-content\/uploads\/2023\/01\/Stereo91-20231011-4.jpg"},"magazineBlocksPostAuthor":{"name":"Redactor","avatar":"https:\/\/pornuestrolaredo.com\/wp-content\/litespeed\/avatar\/dca1d7ec750c399f025f23b0b314f4cf.jpg?ver=1777612120"},"magazineBlocksPostCommentsNumber":false,"magazineBlocksPostExcerpt":"La primera dama de Estados Unidos ten\u00eda carcinomas basocelulares en su pecho y en e ojo derecho","magazineBlocksPostCategories":["El Mundo"],"magazineBlocksPostViewCount":132,"magazineBlocksPostReadTime":3,"magazine_blocks_featured_image_url":{"full":["https:\/\/pornuestrolaredo.com\/wp-content\/uploads\/2023\/01\/Stereo91-20231011-4.jpg",1000,532,false],"medium":["https:\/\/pornuestrolaredo.com\/wp-content\/uploads\/2023\/01\/Stereo91-20231011-4-300x160.jpg",300,160,true],"thumbnail":["https:\/\/pornuestrolaredo.com\/wp-content\/uploads\/2023\/01\/Stereo91-20231011-4-150x150.jpg",150,150,true]},"magazine_blocks_author":{"display_name":"Redactor","author_link":"https:\/\/pornuestrolaredo.com\/?author=1"},"magazine_blocks_comment":0,"magazine_blocks_author_image":"https:\/\/pornuestrolaredo.com\/wp-content\/litespeed\/avatar\/dca1d7ec750c399f025f23b0b314f4cf.jpg?ver=1777612120","magazine_blocks_category":"<a href=\"#\" class=\"category-link category-link-9\">El Mundo<\/a>","jetpack_publicize_connections":[],"featured_image_urls":{"full":["https:\/\/pornuestrolaredo.com\/wp-content\/uploads\/2023\/01\/Stereo91-20231011-4.jpg",1000,532,false],"thumbnail":["https:\/\/pornuestrolaredo.com\/wp-content\/uploads\/2023\/01\/Stereo91-20231011-4-150x150.jpg",150,150,true],"medium":["https:\/\/pornuestrolaredo.com\/wp-content\/uploads\/2023\/01\/Stereo91-20231011-4-300x160.jpg",300,160,true],"medium_large":["https:\/\/pornuestrolaredo.com\/wp-content\/uploads\/2023\/01\/Stereo91-20231011-4-768x409.jpg",640,341,true],"large":["https:\/\/pornuestrolaredo.com\/wp-content\/uploads\/2023\/01\/Stereo91-20231011-4.jpg",640,340,false],"1536x1536":["https:\/\/pornuestrolaredo.com\/wp-content\/uploads\/2023\/01\/Stereo91-20231011-4.jpg",1000,532,false],"2048x2048":["https:\/\/pornuestrolaredo.com\/wp-content\/uploads\/2023\/01\/Stereo91-20231011-4.jpg",1000,532,false],"morenews-large":["https:\/\/pornuestrolaredo.com\/wp-content\/uploads\/2023\/01\/Stereo91-20231011-4.jpg",825,439,false],"morenews-medium":["https:\/\/pornuestrolaredo.com\/wp-content\/uploads\/2023\/01\/Stereo91-20231011-4.jpg",590,314,false]},"author_info":{"info":["Redactor"]},"category_info":"<a href=\"https:\/\/pornuestrolaredo.com\/?cat=9\" rel=\"category\">El Mundo<\/a>","tag_info":"El Mundo","comment_count":"0","jetpack_featured_media_url":"https:\/\/pornuestrolaredo.com\/wp-content\/uploads\/2023\/01\/Stereo91-20231011-4.jpg","jetpack_sharing_enabled":true,"_links":{"self":[{"href":"https:\/\/pornuestrolaredo.com\/index.php?rest_route=\/wp\/v2\/posts\/1615","targetHints":{"allow":["GET"]}}],"collection":[{"href":"https:\/\/pornuestrolaredo.com\/index.php?rest_route=\/wp\/v2\/posts"}],"about":[{"href":"https:\/\/pornuestrolaredo.com\/index.php?rest_route=\/wp\/v2\/types\/post"}],"author":[{"embeddable":true,"href":"https:\/\/pornuestrolaredo.com\/index.php?rest_route=\/wp\/v2\/users\/1"}],"replies":[{"embeddable":true,"href":"https:\/\/pornuestrolaredo.com\/index.php?rest_route=%2Fwp%2Fv2%2Fcomments&post=1615"}],"version-history":[{"count":1,"href":"https:\/\/pornuestrolaredo.com\/index.php?rest_route=\/wp\/v2\/posts\/1615\/revisions"}],"predecessor-version":[{"id":1617,"href":"https:\/\/pornuestrolaredo.com\/index.php?rest_route=\/wp\/v2\/posts\/1615\/revisions\/1617"}],"wp:featuredmedia":[{"embeddable":true,"href":"https:\/\/pornuestrolaredo.com\/index.php?rest_route=\/wp\/v2\/media\/1616"}],"wp:attachment":[{"href":"https:\/\/pornuestrolaredo.com\/index.php?rest_route=%2Fwp%2Fv2%2Fmedia&parent=1615"}],"wp:term":[{"taxonomy":"category","embeddable":true,"href":"https:\/\/pornuestrolaredo.com\/index.php?rest_route=%2Fwp%2Fv2%2Fcategories&post=1615"},{"taxonomy":"post_tag","embeddable":true,"href":"https:\/\/pornuestrolaredo.com\/index.php?rest_route=%2Fwp%2Fv2%2Ftags&post=1615"}],"curies":[{"name":"wp","href":"https:\/\/api.w.org\/{rel}","templated":true}]}}