{"id":1625,"date":"2023-01-17T08:11:34","date_gmt":"2023-01-17T08:11:34","guid":{"rendered":"https:\/\/pornuestrolaredo.com\/?p=1625"},"modified":"2023-01-17T08:11:34","modified_gmt":"2023-01-17T08:11:34","slug":"impulsan-ampliacion-del-puente-iii","status":"publish","type":"post","link":"https:\/\/pornuestrolaredo.com\/?p=1625","title":{"rendered":"Impulsan ampliaci\u00f3n del Puente III"},"content":{"rendered":"<p><strong>NUEVO LAREDO.-<\/strong> La ampliaci\u00f3n del Puente Internacional III es uno de los proyectos que el gobernador Am\u00e9rico Villarreal Anaya impulsar\u00e1 para promover el Comercio Mundial en la regi\u00f3n fronteriza\u00a0 de Nuevo Laredo.<\/p>\n<p>La alcaldesa Carmen Lilia Canturosas acompa\u00f1\u00f3 al mandatario estatal en una reuni\u00f3n con los integrantes del Consejo Nacional para el Fomento a la Inversi\u00f3n, el Empleo y el Crecimiento Econ\u00f3mico (COFINECE) quienes presentaron un proyecto ejecutivo sobre las ventajas competitivas de la expansi\u00f3n del Puente III.<\/p>\n<blockquote><p>Estamos dando gran inter\u00e9s a nuestros cruces internacionales a lo largo de la frontera de Tamaulipas y uno de los prioritarios es seguir d\u00e1ndole dinamismo a este puerto de Nuevo Laredo que es el m\u00e1s importante\u201d, indic\u00f3 Villarreal Anaya.<\/p><\/blockquote>\n<p>El Gobernador anunci\u00f3 que la expansi\u00f3n y remodelaci\u00f3n del Puente del Comercio Mundial duplicar\u00e1 el n\u00famero de sus carriles y con esto la capacidad de operaciones.<\/p>\n<p>Agreg\u00f3 que estas acciones consolidan a Nuevo Laredo como la principal aduana de todo M\u00e9xico al ser la que m\u00e1s recauda y por donde m\u00e1s operaciones de intercambio comercial se realizan.<\/p>\n<p>La presidenta municipal se\u00f1al\u00f3 que existe una sinergia entre el gobierno municipal y estatal con la finalidad de potenciar el proyecto del lado mexicano para que exista m\u00e1s agilidad en los cruces.<\/p>\n<blockquote><p>Con buenas noticias, finalmente la infraestructura de nuestra ciudad es lo que nos hace fuertes y es lo que podemos hacer nosotros como municipio y como estado para seguir fomentando el cruce por esta frontera\u201d se\u00f1al\u00f3 Canturosas.<\/p><\/blockquote>\n<p>La presidenta municipal dijo que una mayor infraestructura en Nuevo Laredo, se reflejar\u00e1 m\u00e1s la ventaja competitiva en el municipio, as\u00ed como la construcci\u00f3n del puente 4\/5.<\/p>\n<blockquote><p>La ampliaci\u00f3n del Puente Mundial es una parte que queremos potencializar, pero tambi\u00e9n la construcci\u00f3n del puente 4 y 5, si existe el inter\u00e9s tambi\u00e9n los vamos a impulsar\u201d, precis\u00f3 la presidenta municipal.<\/p><\/blockquote>\n<p><img decoding=\"async\" src=\"https:\/\/pornuestrolaredo.com\/wp-content\/uploads\/2023\/01\/Stereo91-20230117-4-2-300x200.jpg\" alt=\"\" width=\"300\" height=\"200\" class=\"alignnone size-medium wp-image-1627\" srcset=\"https:\/\/pornuestrolaredo.com\/wp-content\/uploads\/2023\/01\/Stereo91-20230117-4-2-300x200.jpg 300w, https:\/\/pornuestrolaredo.com\/wp-content\/uploads\/2023\/01\/Stereo91-20230117-4-2-1024x682.jpg 1024w, https:\/\/pornuestrolaredo.com\/wp-content\/uploads\/2023\/01\/Stereo91-20230117-4-2-768x512.jpg 768w, https:\/\/pornuestrolaredo.com\/wp-content\/uploads\/2023\/01\/Stereo91-20230117-4-2.jpg 1280w\" sizes=\"(max-width: 300px) 100vw, 300px\" \/><\/p>\n<p><img decoding=\"async\" src=\"https:\/\/pornuestrolaredo.com\/wp-content\/uploads\/2023\/01\/Stereo91-20230117-4-3-300x200.jpg\" alt=\"\" width=\"300\" height=\"200\" class=\"alignnone size-medium wp-image-1628\" srcset=\"https:\/\/pornuestrolaredo.com\/wp-content\/uploads\/2023\/01\/Stereo91-20230117-4-3-300x200.jpg 300w, https:\/\/pornuestrolaredo.com\/wp-content\/uploads\/2023\/01\/Stereo91-20230117-4-3-1024x682.jpg 1024w, https:\/\/pornuestrolaredo.com\/wp-content\/uploads\/2023\/01\/Stereo91-20230117-4-3-768x512.jpg 768w, https:\/\/pornuestrolaredo.com\/wp-content\/uploads\/2023\/01\/Stereo91-20230117-4-3.jpg 1280w\" sizes=\"(max-width: 300px) 100vw, 300px\" \/><\/p>\n<p><img decoding=\"async\" src=\"https:\/\/pornuestrolaredo.com\/wp-content\/uploads\/2023\/01\/Stereo91-20230117-4-4-300x200.jpg\" alt=\"\" width=\"300\" height=\"200\" class=\"alignnone size-medium wp-image-1629\" srcset=\"https:\/\/pornuestrolaredo.com\/wp-content\/uploads\/2023\/01\/Stereo91-20230117-4-4-300x200.jpg 300w, https:\/\/pornuestrolaredo.com\/wp-content\/uploads\/2023\/01\/Stereo91-20230117-4-4-1024x682.jpg 1024w, https:\/\/pornuestrolaredo.com\/wp-content\/uploads\/2023\/01\/Stereo91-20230117-4-4-768x512.jpg 768w, https:\/\/pornuestrolaredo.com\/wp-content\/uploads\/2023\/01\/Stereo91-20230117-4-4.jpg 1280w\" sizes=\"(max-width: 300px) 100vw, 300px\" \/><\/p>\n<p>El Mayor de Laredo, Texas, V\u00edctor Trevi\u00f1o manifest\u00f3 que fue una reuni\u00f3n productiva pues estuvieron presentes autoridades que les interesa que el progreso contin\u00fae para la frontera de los Dos Laredos.\u00a0<\/p>\n<p>De acuerdo con autoridades federales de la Agencia Nacional de Aduanas de M\u00e9xico (ANAM) para este 2023 se estima un crecimiento del 10 por ciento en la recaudaci\u00f3n, tras las acciones que se est\u00e1n tomando para agilizar y automatizar los cruces. Durante la reuni\u00f3n estuvieron presentes autoridades estatales; autoridades del estado de Texas; as\u00ed como los integrantes del COFINECE.<\/p>\n","protected":false},"excerpt":{"rendered":"<p>Se unen el gobernador Am\u00e9rico Villarreal Anaya, la alcaldesa Carmen Lilia, el Mayor de Laredo, V\u00edctor Trevi\u00f1o y fuerzas vidas de los dos Laredos<\/p>\n","protected":false},"author":1,"featured_media":1626,"comment_status":"closed","ping_status":"closed","sticky":false,"template":"","format":"standard","meta":{"_crdt_document":"","_jetpack_memberships_contains_paid_content":false,"footnotes":"","jetpack_publicize_message":"","jetpack_publicize_feature_enabled":true,"jetpack_social_post_already_shared":true,"jetpack_social_options":{"image_generator_settings":{"template":"highway","default_image_id":0,"font":"","enabled":false},"version":2},"_wpas_customize_per_network":false},"categories":[4],"tags":[],"class_list":["post-1625","post","type-post","status-publish","format-standard","has-post-thumbnail","hentry","category-los-dos-laredos"],"magazineBlocksPostFeaturedMedia":{"thumbnail":"https:\/\/pornuestrolaredo.com\/wp-content\/uploads\/2023\/01\/Stereo91-20230117-4-1-150x150.jpg","medium":"https:\/\/pornuestrolaredo.com\/wp-content\/uploads\/2023\/01\/Stereo91-20230117-4-1-300x200.jpg","medium_large":"https:\/\/pornuestrolaredo.com\/wp-content\/uploads\/2023\/01\/Stereo91-20230117-4-1-768x512.jpg","large":"https:\/\/pornuestrolaredo.com\/wp-content\/uploads\/2023\/01\/Stereo91-20230117-4-1-1024x682.jpg","1536x1536":"https:\/\/pornuestrolaredo.com\/wp-content\/uploads\/2023\/01\/Stereo91-20230117-4-1.jpg","2048x2048":"https:\/\/pornuestrolaredo.com\/wp-content\/uploads\/2023\/01\/Stereo91-20230117-4-1.jpg","morenews-large":"https:\/\/pornuestrolaredo.com\/wp-content\/uploads\/2023\/01\/Stereo91-20230117-4-1.jpg","morenews-medium":"https:\/\/pornuestrolaredo.com\/wp-content\/uploads\/2023\/01\/Stereo91-20230117-4-1.jpg"},"magazineBlocksPostAuthor":{"name":"Redactor","avatar":"https:\/\/pornuestrolaredo.com\/wp-content\/litespeed\/avatar\/dca1d7ec750c399f025f23b0b314f4cf.jpg?ver=1777612120"},"magazineBlocksPostCommentsNumber":false,"magazineBlocksPostExcerpt":"Se unen el gobernador Am\u00e9rico Villarreal Anaya, la alcaldesa Carmen Lilia, el Mayor de Laredo, V\u00edctor Trevi\u00f1o y fuerzas vidas de los dos Laredos","magazineBlocksPostCategories":["Los dos Laredos"],"magazineBlocksPostViewCount":203,"magazineBlocksPostReadTime":3,"magazine_blocks_featured_image_url":{"full":["https:\/\/pornuestrolaredo.com\/wp-content\/uploads\/2023\/01\/Stereo91-20230117-4-1.jpg",1280,853,false],"medium":["https:\/\/pornuestrolaredo.com\/wp-content\/uploads\/2023\/01\/Stereo91-20230117-4-1-300x200.jpg",300,200,true],"thumbnail":["https:\/\/pornuestrolaredo.com\/wp-content\/uploads\/2023\/01\/Stereo91-20230117-4-1-150x150.jpg",150,150,true]},"magazine_blocks_author":{"display_name":"Redactor","author_link":"https:\/\/pornuestrolaredo.com\/?author=1"},"magazine_blocks_comment":0,"magazine_blocks_author_image":"https:\/\/pornuestrolaredo.com\/wp-content\/litespeed\/avatar\/dca1d7ec750c399f025f23b0b314f4cf.jpg?ver=1777612120","magazine_blocks_category":"<a href=\"#\" class=\"category-link category-link-4\">Los dos Laredos<\/a>","jetpack_publicize_connections":[],"featured_image_urls":{"full":["https:\/\/pornuestrolaredo.com\/wp-content\/uploads\/2023\/01\/Stereo91-20230117-4-1.jpg",1280,853,false],"thumbnail":["https:\/\/pornuestrolaredo.com\/wp-content\/uploads\/2023\/01\/Stereo91-20230117-4-1-150x150.jpg",150,150,true],"medium":["https:\/\/pornuestrolaredo.com\/wp-content\/uploads\/2023\/01\/Stereo91-20230117-4-1-300x200.jpg",300,200,true],"medium_large":["https:\/\/pornuestrolaredo.com\/wp-content\/uploads\/2023\/01\/Stereo91-20230117-4-1-768x512.jpg",640,427,true],"large":["https:\/\/pornuestrolaredo.com\/wp-content\/uploads\/2023\/01\/Stereo91-20230117-4-1-1024x682.jpg",640,426,true],"1536x1536":["https:\/\/pornuestrolaredo.com\/wp-content\/uploads\/2023\/01\/Stereo91-20230117-4-1.jpg",1280,853,false],"2048x2048":["https:\/\/pornuestrolaredo.com\/wp-content\/uploads\/2023\/01\/Stereo91-20230117-4-1.jpg",1280,853,false],"morenews-large":["https:\/\/pornuestrolaredo.com\/wp-content\/uploads\/2023\/01\/Stereo91-20230117-4-1.jpg",825,550,false],"morenews-medium":["https:\/\/pornuestrolaredo.com\/wp-content\/uploads\/2023\/01\/Stereo91-20230117-4-1.jpg",590,393,false]},"author_info":{"info":["Redactor"]},"category_info":"<a href=\"https:\/\/pornuestrolaredo.com\/?cat=4\" rel=\"category\">Los dos Laredos<\/a>","tag_info":"Los dos Laredos","comment_count":"0","jetpack_featured_media_url":"https:\/\/pornuestrolaredo.com\/wp-content\/uploads\/2023\/01\/Stereo91-20230117-4-1.jpg","jetpack_sharing_enabled":true,"_links":{"self":[{"href":"https:\/\/pornuestrolaredo.com\/index.php?rest_route=\/wp\/v2\/posts\/1625","targetHints":{"allow":["GET"]}}],"collection":[{"href":"https:\/\/pornuestrolaredo.com\/index.php?rest_route=\/wp\/v2\/posts"}],"about":[{"href":"https:\/\/pornuestrolaredo.com\/index.php?rest_route=\/wp\/v2\/types\/post"}],"author":[{"embeddable":true,"href":"https:\/\/pornuestrolaredo.com\/index.php?rest_route=\/wp\/v2\/users\/1"}],"replies":[{"embeddable":true,"href":"https:\/\/pornuestrolaredo.com\/index.php?rest_route=%2Fwp%2Fv2%2Fcomments&post=1625"}],"version-history":[{"count":1,"href":"https:\/\/pornuestrolaredo.com\/index.php?rest_route=\/wp\/v2\/posts\/1625\/revisions"}],"predecessor-version":[{"id":1630,"href":"https:\/\/pornuestrolaredo.com\/index.php?rest_route=\/wp\/v2\/posts\/1625\/revisions\/1630"}],"wp:featuredmedia":[{"embeddable":true,"href":"https:\/\/pornuestrolaredo.com\/index.php?rest_route=\/wp\/v2\/media\/1626"}],"wp:attachment":[{"href":"https:\/\/pornuestrolaredo.com\/index.php?rest_route=%2Fwp%2Fv2%2Fmedia&parent=1625"}],"wp:term":[{"taxonomy":"category","embeddable":true,"href":"https:\/\/pornuestrolaredo.com\/index.php?rest_route=%2Fwp%2Fv2%2Fcategories&post=1625"},{"taxonomy":"post_tag","embeddable":true,"href":"https:\/\/pornuestrolaredo.com\/index.php?rest_route=%2Fwp%2Fv2%2Ftags&post=1625"}],"curies":[{"name":"wp","href":"https:\/\/api.w.org\/{rel}","templated":true}]}}