{"id":1645,"date":"2023-01-19T05:48:45","date_gmt":"2023-01-19T05:48:45","guid":{"rendered":"https:\/\/pornuestrolaredo.com\/?p=1645"},"modified":"2023-01-19T05:48:45","modified_gmt":"2023-01-19T05:48:45","slug":"visible-el-22-de-enero-desde-los-laredos-el-cometa-verde","status":"publish","type":"post","link":"https:\/\/pornuestrolaredo.com\/?p=1645","title":{"rendered":"Visible el 22 de enero desde los Laredos el \u2018Cometa Verde\u2019"},"content":{"rendered":"<p><strong>LOS DOS LAREDOS.- <\/strong>Este 22 de enero ser\u00e1 uno de los mejores d\u00edas para observar el cometa &#8220;C\/2022 E3 (ZTF)&#8221;, tambi\u00e9n conocido como \u201cEl Cometa Verde\u201d, un visitante que viene desde la la nube de Oort y regresa despu\u00e9s de 50 mil a\u00f1os a ser visible en la Tierra.<\/p>\n<p>El cometa ser\u00e1 visible a simple vista durante los primeros d\u00edas de febrero, pero desde el 12 de enero se ubica en su punto m\u00e1s cercano al Sol. La raz\u00f3n de porqu\u00e9 ser\u00e1 m\u00e1s visble este d\u00eda 22, es que habr\u00e1 Luna Nueva, es decir, su luz no lo opacar\u00e1.<\/p>\n<p>Este peque\u00f1o cuerpo rocoso y helado, de un di\u00e1metro de apenas un km, fue descubierto en marzo de 2022 por el programa &#8220;Zwicky Transient Facility&#8221; (ZTF), que opera el telescopio Samuel-Oschin del Observatorio Palomar, en California.<\/p>\n<p>Fue detectado cuando pasaba por la \u00f3rbita de J\u00fapiter.<\/p>\n<p>Alcanz\u00f3 su perihelio, es decir el punto m\u00e1s cercano al Sol, el 12 de enero, seg\u00fan los astr\u00f3nomos, que pudieron calcular su trayectoria tras meses de observaci\u00f3n.<\/p>\n<p>Cuando un cometa se acerca al Sol, el hielo que contiene su n\u00facleo pasa al estado gaseoso y suelta una larga cola que refleja la luz del astro rey.<\/p>\n<p>Este rastro brillante es lo que podr\u00e1 observarse desde la Tierra, inicialmente en el hemisferio norte, a medida que &#8220;C\/2022 E3 (ZTF)&#8221; se vaya acercando.<\/p>\n<p>El cometa brillar\u00e1 con todo su esplendor &#8220;cuando est\u00e9 lo m\u00e1s cerca de la Tierra&#8221;, explica Thomas Prince, profesor de F\u00edsica del Instituto de Tecnolog\u00eda de California, que trabaja para ZTF.<\/p>\n<p>Ser\u00e1 el 1 de febrero cuando alcance su mayor aproximaci\u00f3n a la Tierra, cuando se sit\u00fae a \u201cs\u00f3lo\u201d 42 millones de kil\u00f3metros, un acercamiento astron\u00f3micamente significativo.<\/p>\n<p>Tambi\u00e9n podr\u00e1 verse, en tiempo real, a trav\u00e9s de una retransmisi\u00f3n gratuita en Virtual Telescope Project.<\/p>\n<p>El cometa ser\u00e1 visible desde M\u00e9xico, principalmente si prevalecen los cielos despejados y oscuros. Con la ayuda de unos binoculares e incluso a simple vista, en la hora m\u00e1s oscura, antes del amanecer.<\/p>\n<p>El mejor momento para observar al C\/2022 E3, se estima que sea el pr\u00f3ximo 1 y 2 de febrero 2023 cuando alcance el perigeo, su punto m\u00e1s cercano a la Tierra.<\/p>\n<p>Ser\u00e1 menos espectacular de todas maneras que Hale-Bopp (1997) o Neowise (2020), que eran mucho m\u00e1s grandes.<\/p>\n<blockquote><p>A lo mejor tenemos suerte y ser\u00e1 dos veces m\u00e1s brillante de lo previsto&#8221;, aventura el astrof\u00edsico Nicolas Biver, del Observatorio de Par\u00eds-PSL.<\/p><\/blockquote>\n<p>La mejor ventana de observaci\u00f3n ser\u00e1 el fin de semana de los d\u00edas 21 y 22 de enero, y la semana siguiente.<\/p>\n<p>Durante ese periodo pasar\u00e1 entre las constelaciones de la Osa Menor y la Osa Mayor. Despu\u00e9s se podr\u00e1 ver en el hemisferio sur, para luego partir hacia los confines del sistema solar, donde probablemente naci\u00f3.<\/p>\n<p>Seg\u00fan los modelos actuales, los cometas provienen o del cintur\u00f3n de Kuiper, m\u00e1s all\u00e1 de la \u00f3rbita de Neptuno, o de la nube de Oort, una enorme zona te\u00f3rica situada a casi un a\u00f1o luz del Sol, en el l\u00edmite su campo gravitacional.<\/p>\n<p>Teniendo en cuenta su \u00f3rbita, este cometa &#8220;proviene inicialmente de la nube de Oort&#8221;, seg\u00fan Biver.<\/p>\n<p>Hace 50 mil \u00a0a\u00f1os, el &#8220;C\/2022 E3 (ZTF)&#8221; ya visit\u00f3 el interior del sistema solar y pas\u00f3 cerca de la Tierra. Esta vez probablemente &#8220;saldr\u00e1 de una vez por todas del sistema solar&#8221;, indica Biver.<\/p>\n<p>Todo estar\u00e1 listo para contemplarlo, y los cient\u00edficos esperan aprender un poco m\u00e1s de la composici\u00f3n de los cometas, en particular gracias al poderoso telescopio espacial James Webb. <\/p>\n<blockquote><p>Vamos a observarlo por todos lados. No es el cometa del siglo, pero estamos contentos de poder observar cometas como \u00e9ste cada uno o dos a\u00f1os, porque los consideramos como vestigios de la formaci\u00f3n del sistema solar&#8221;, explica el astrof\u00edsico.<\/p><\/blockquote>\n","protected":false},"excerpt":{"rendered":"<p>El peque\u00f1o cuerpo de apenas un kil\u00f3metro regresa a las cercan\u00edas de la Tierra luego de 50 mil a\u00f1os de viajar por el espacio<\/p>\n","protected":false},"author":1,"featured_media":1646,"comment_status":"closed","ping_status":"closed","sticky":false,"template":"","format":"standard","meta":{"_crdt_document":"","_jetpack_memberships_contains_paid_content":false,"footnotes":"","jetpack_publicize_message":"","jetpack_publicize_feature_enabled":true,"jetpack_social_post_already_shared":true,"jetpack_social_options":{"image_generator_settings":{"template":"highway","default_image_id":0,"font":"","enabled":false},"version":2},"_wpas_customize_per_network":false},"categories":[9],"tags":[],"class_list":["post-1645","post","type-post","status-publish","format-standard","has-post-thumbnail","hentry","category-el-mundo"],"magazineBlocksPostFeaturedMedia":{"thumbnail":"https:\/\/pornuestrolaredo.com\/wp-content\/uploads\/2023\/01\/PNL-20230118-6-150x150.jpeg","medium":"https:\/\/pornuestrolaredo.com\/wp-content\/uploads\/2023\/01\/PNL-20230118-6-300x212.jpeg","medium_large":"https:\/\/pornuestrolaredo.com\/wp-content\/uploads\/2023\/01\/PNL-20230118-6-768x543.jpeg","large":"https:\/\/pornuestrolaredo.com\/wp-content\/uploads\/2023\/01\/PNL-20230118-6-1024x724.jpeg","1536x1536":"https:\/\/pornuestrolaredo.com\/wp-content\/uploads\/2023\/01\/PNL-20230118-6-1536x1086.jpeg","2048x2048":"https:\/\/pornuestrolaredo.com\/wp-content\/uploads\/2023\/01\/PNL-20230118-6.jpeg","morenews-large":"https:\/\/pornuestrolaredo.com\/wp-content\/uploads\/2023\/01\/PNL-20230118-6.jpeg","morenews-medium":"https:\/\/pornuestrolaredo.com\/wp-content\/uploads\/2023\/01\/PNL-20230118-6.jpeg"},"magazineBlocksPostAuthor":{"name":"Redactor","avatar":"https:\/\/pornuestrolaredo.com\/wp-content\/litespeed\/avatar\/dca1d7ec750c399f025f23b0b314f4cf.jpg?ver=1777612120"},"magazineBlocksPostCommentsNumber":false,"magazineBlocksPostExcerpt":"El peque\u00f1o cuerpo de apenas un kil\u00f3metro regresa a las cercan\u00edas de la Tierra luego de 50 mil a\u00f1os de viajar por el espacio","magazineBlocksPostCategories":["El Mundo"],"magazineBlocksPostViewCount":126,"magazineBlocksPostReadTime":4,"magazine_blocks_featured_image_url":{"full":["https:\/\/pornuestrolaredo.com\/wp-content\/uploads\/2023\/01\/PNL-20230118-6.jpeg",1600,1131,false],"medium":["https:\/\/pornuestrolaredo.com\/wp-content\/uploads\/2023\/01\/PNL-20230118-6-300x212.jpeg",300,212,true],"thumbnail":["https:\/\/pornuestrolaredo.com\/wp-content\/uploads\/2023\/01\/PNL-20230118-6-150x150.jpeg",150,150,true]},"magazine_blocks_author":{"display_name":"Redactor","author_link":"https:\/\/pornuestrolaredo.com\/?author=1"},"magazine_blocks_comment":0,"magazine_blocks_author_image":"https:\/\/pornuestrolaredo.com\/wp-content\/litespeed\/avatar\/dca1d7ec750c399f025f23b0b314f4cf.jpg?ver=1777612120","magazine_blocks_category":"<a href=\"#\" class=\"category-link category-link-9\">El Mundo<\/a>","jetpack_publicize_connections":[],"featured_image_urls":{"full":["https:\/\/pornuestrolaredo.com\/wp-content\/uploads\/2023\/01\/PNL-20230118-6.jpeg",1600,1131,false],"thumbnail":["https:\/\/pornuestrolaredo.com\/wp-content\/uploads\/2023\/01\/PNL-20230118-6-150x150.jpeg",150,150,true],"medium":["https:\/\/pornuestrolaredo.com\/wp-content\/uploads\/2023\/01\/PNL-20230118-6-300x212.jpeg",300,212,true],"medium_large":["https:\/\/pornuestrolaredo.com\/wp-content\/uploads\/2023\/01\/PNL-20230118-6-768x543.jpeg",640,453,true],"large":["https:\/\/pornuestrolaredo.com\/wp-content\/uploads\/2023\/01\/PNL-20230118-6-1024x724.jpeg",640,453,true],"1536x1536":["https:\/\/pornuestrolaredo.com\/wp-content\/uploads\/2023\/01\/PNL-20230118-6-1536x1086.jpeg",1536,1086,true],"2048x2048":["https:\/\/pornuestrolaredo.com\/wp-content\/uploads\/2023\/01\/PNL-20230118-6.jpeg",1600,1131,false],"morenews-large":["https:\/\/pornuestrolaredo.com\/wp-content\/uploads\/2023\/01\/PNL-20230118-6.jpeg",813,575,false],"morenews-medium":["https:\/\/pornuestrolaredo.com\/wp-content\/uploads\/2023\/01\/PNL-20230118-6.jpeg",580,410,false]},"author_info":{"info":["Redactor"]},"category_info":"<a href=\"https:\/\/pornuestrolaredo.com\/?cat=9\" rel=\"category\">El Mundo<\/a>","tag_info":"El Mundo","comment_count":"0","jetpack_featured_media_url":"https:\/\/pornuestrolaredo.com\/wp-content\/uploads\/2023\/01\/PNL-20230118-6.jpeg","jetpack_sharing_enabled":true,"_links":{"self":[{"href":"https:\/\/pornuestrolaredo.com\/index.php?rest_route=\/wp\/v2\/posts\/1645","targetHints":{"allow":["GET"]}}],"collection":[{"href":"https:\/\/pornuestrolaredo.com\/index.php?rest_route=\/wp\/v2\/posts"}],"about":[{"href":"https:\/\/pornuestrolaredo.com\/index.php?rest_route=\/wp\/v2\/types\/post"}],"author":[{"embeddable":true,"href":"https:\/\/pornuestrolaredo.com\/index.php?rest_route=\/wp\/v2\/users\/1"}],"replies":[{"embeddable":true,"href":"https:\/\/pornuestrolaredo.com\/index.php?rest_route=%2Fwp%2Fv2%2Fcomments&post=1645"}],"version-history":[{"count":1,"href":"https:\/\/pornuestrolaredo.com\/index.php?rest_route=\/wp\/v2\/posts\/1645\/revisions"}],"predecessor-version":[{"id":1647,"href":"https:\/\/pornuestrolaredo.com\/index.php?rest_route=\/wp\/v2\/posts\/1645\/revisions\/1647"}],"wp:featuredmedia":[{"embeddable":true,"href":"https:\/\/pornuestrolaredo.com\/index.php?rest_route=\/wp\/v2\/media\/1646"}],"wp:attachment":[{"href":"https:\/\/pornuestrolaredo.com\/index.php?rest_route=%2Fwp%2Fv2%2Fmedia&parent=1645"}],"wp:term":[{"taxonomy":"category","embeddable":true,"href":"https:\/\/pornuestrolaredo.com\/index.php?rest_route=%2Fwp%2Fv2%2Fcategories&post=1645"},{"taxonomy":"post_tag","embeddable":true,"href":"https:\/\/pornuestrolaredo.com\/index.php?rest_route=%2Fwp%2Fv2%2Ftags&post=1645"}],"curies":[{"name":"wp","href":"https:\/\/api.w.org\/{rel}","templated":true}]}}