{"id":1651,"date":"2023-01-19T20:37:17","date_gmt":"2023-01-19T20:37:17","guid":{"rendered":"https:\/\/pornuestrolaredo.com\/?p=1651"},"modified":"2023-01-19T20:37:17","modified_gmt":"2023-01-19T20:37:17","slug":"fallece-la-persona-mas-anciana-del-mundo","status":"publish","type":"post","link":"https:\/\/pornuestrolaredo.com\/?p=1651","title":{"rendered":"Fallece la persona m\u00e1s anciana del mundo"},"content":{"rendered":"<p><strong>PAR\u00cdS.- <\/strong>Una monja francesa, que se cree era la persona m\u00e1s anciana del mundo, pero que aparentemente ya estaba fatigada por la edad, muri\u00f3 unas pocas semanas antes cumplir 119 a\u00f1os, inform\u00f3 la noche del mi\u00e9rcoles un portavoz de la residencia de cuidado geri\u00e1trico en la que viv\u00eda en el sur de Francia.<\/p>\n<p>Lucile Randon, conocida como hermana Andr\u00e9, naci\u00f3 el 11 de febrero de 1904 en la localidad de Ales, en el sur de Francia, y vivi\u00f3 las dos guerras mundiales. De ni\u00f1a qued\u00f3 asombrada por su primer contacto con la luz el\u00e9ctrica en la escuela y, m\u00e1s recientemente sobrevivi\u00f3 al covid-19 sin darse cuenta siquiera que estaba infectada.<\/p>\n<p>Falleci\u00f3 a las 02:00 de la ma\u00f1ana del martes en la residencia de Sainte-Catherine-Laboure, en la ciudad portuaria de Toulon, indic\u00f3 el vocero David Tavella.<\/p>\n<p>El Gerontology Research Group, que corrobora datos de personas que se cree tienen 110 a\u00f1os o m\u00e1s, la nombr\u00f3 como la persona de mayor edad en el mundo despu\u00e9s e que la japonesa Kane Tanaka falleci\u00f3 el a\u00f1o pasado a los 119 a\u00f1os.<\/p>\n<p>Ahora, la persona de m\u00e1s edad en el mundo de la que se tenga conocimiento, seg\u00fan la lista del Gerontology Research Group, es la estadounidense Maria Branyas Morera, quien vive en Espa\u00f1a y tiene 115 a\u00f1os.<\/p>\n<p>La hermana Andr\u00e9 arroj\u00f3 positivo a coronavirus en enero de 2021, poco antes de cumplir 117 a\u00f1os, pero ten\u00eda tan pocos s\u00edntomas que ni siquiera se dio cuenta que estaba infectada. Su supervivencia acapar\u00f3 titulares dentro y fuera de Francia.<\/p>\n<p>Cuando se le pregunt\u00f3 sobre su extraordinaria longevidad despu\u00e9s de haber sobrevivido a dos guerras mundiales, coment\u00f3 a los medios de comunicaci\u00f3n franceses en abril que: \u201cTrabajar&#8230; te hace vivir. Trabaj\u00e9 hasta los 108 a\u00f1os\u201d.<\/p>\n<p>Pero luego de haberse recuperado del covid-19 en 2020, la hermana Andr\u00e9 se\u00f1al\u00f3 que \u201cDios se ha olvidado de m\u00ed\u201d, de acuerdo con el peri\u00f3dico local Midi Libre.<\/p>\n<p>El peri\u00f3dico report\u00f3 que durante una visita que se le realiz\u00f3 en mayo se le vio aprisionada por los achaques de la edad, hab\u00eda perdido visi\u00f3n, ten\u00eda mala audici\u00f3n y su rostro estaba contorsionado por el dolor en las articulaciones.<\/p>\n<p>En sus mejores tiempos, la hermana Andr\u00e9 era conocida por disfrutar de una copa de vino a diario y un poco de chocolate. Brind\u00f3 con champa\u00f1a, vino tinto y oporto en su cumplea\u00f1os 117.<\/p>\n<blockquote><p>Me hizo muy, muy, muy, muy feliz\u201d, coment\u00f3 en aquel entonces durante una entrevista telef\u00f3nica con The Associated Press. \u201cPorque vi a todos los que amo y doy gracias al cielo por hab\u00e9rmelos dado. Doy gracias a Dios por las molestias que se tomaron\u201d.<\/p><\/blockquote>\n<p>La hermana Andr\u00e9, que al parecer adopt\u00f3 su nombre religioso en honor de un hermano predilecto, record\u00f3 los momentos culminantes de su larga vida durante su entrevista en mayo a Midi Libre, diciendo: \u201cEl d\u00eda m\u00e1s hermoso de mi vida fue cuando se declar\u00f3 el Armisticio (que pon\u00eda fin a la Primera Guerra Mundial)\u201d, y los residentes de Ales se reunieron en la plaza principal para cantar el himno nacional de Francia.<\/p>\n<p>La electricidad, con la que se encontr\u00f3 por primera vez al encender una luz en la escuela cuando era peque\u00f1a, fue para ella una palabra nueva que aprender y, dijo, \u201cuna alegr\u00eda.\u201d<\/p>\n<p>En un comunicado, el presidente franc\u00e9s Emmanuel Macron y su esposa, Brigitte, elogiaron a \u201cesta personalidad altruista a la que los franceses consideraban como una referencia, una fuente de orgullo y apego.\u201d <\/p>\n<p>El comunicado se\u00f1ala que la hermana Andr\u00e9 vivi\u00f3 a lo largo de 18 presidentes franceses diferentes. <\/p>\n<p>Jeanne Calment, una mujer francesa que tambi\u00e9n vivi\u00f3 en el sur de Francia, muri\u00f3 en 1997 a la edad de 122 a\u00f1os y se dice que ostenta el r\u00e9cord de longevidad.<\/p>\n","protected":false},"excerpt":{"rendered":"<p>La hermana Andr\u00e9, una monja francesa, muere mientras dorm\u00eda pocas semanas antes de cumplir 119 a\u00f1os<\/p>\n","protected":false},"author":1,"featured_media":1652,"comment_status":"closed","ping_status":"closed","sticky":false,"template":"","format":"standard","meta":{"_crdt_document":"","_jetpack_memberships_contains_paid_content":false,"footnotes":"","jetpack_publicize_message":"","jetpack_publicize_feature_enabled":true,"jetpack_social_post_already_shared":true,"jetpack_social_options":{"image_generator_settings":{"template":"highway","default_image_id":0,"font":"","enabled":false},"version":2},"_wpas_customize_per_network":false},"categories":[9],"tags":[],"class_list":["post-1651","post","type-post","status-publish","format-standard","has-post-thumbnail","hentry","category-el-mundo"],"magazineBlocksPostFeaturedMedia":{"thumbnail":"https:\/\/pornuestrolaredo.com\/wp-content\/uploads\/2023\/01\/107FM-20230119-3-150x150.jpg","medium":"https:\/\/pornuestrolaredo.com\/wp-content\/uploads\/2023\/01\/107FM-20230119-3-300x170.jpg","medium_large":"https:\/\/pornuestrolaredo.com\/wp-content\/uploads\/2023\/01\/107FM-20230119-3-768x434.jpg","large":"https:\/\/pornuestrolaredo.com\/wp-content\/uploads\/2023\/01\/107FM-20230119-3.jpg","1536x1536":"https:\/\/pornuestrolaredo.com\/wp-content\/uploads\/2023\/01\/107FM-20230119-3.jpg","2048x2048":"https:\/\/pornuestrolaredo.com\/wp-content\/uploads\/2023\/01\/107FM-20230119-3.jpg","morenews-large":"https:\/\/pornuestrolaredo.com\/wp-content\/uploads\/2023\/01\/107FM-20230119-3.jpg","morenews-medium":"https:\/\/pornuestrolaredo.com\/wp-content\/uploads\/2023\/01\/107FM-20230119-3.jpg"},"magazineBlocksPostAuthor":{"name":"Redactor","avatar":"https:\/\/pornuestrolaredo.com\/wp-content\/litespeed\/avatar\/dca1d7ec750c399f025f23b0b314f4cf.jpg?ver=1777612120"},"magazineBlocksPostCommentsNumber":false,"magazineBlocksPostExcerpt":"La hermana Andr\u00e9, una monja francesa, muere mientras dorm\u00eda pocas semanas antes de cumplir 119 a\u00f1os","magazineBlocksPostCategories":["El Mundo"],"magazineBlocksPostViewCount":131,"magazineBlocksPostReadTime":4,"magazine_blocks_featured_image_url":{"full":["https:\/\/pornuestrolaredo.com\/wp-content\/uploads\/2023\/01\/107FM-20230119-3.jpg",1000,565,false],"medium":["https:\/\/pornuestrolaredo.com\/wp-content\/uploads\/2023\/01\/107FM-20230119-3-300x170.jpg",300,170,true],"thumbnail":["https:\/\/pornuestrolaredo.com\/wp-content\/uploads\/2023\/01\/107FM-20230119-3-150x150.jpg",150,150,true]},"magazine_blocks_author":{"display_name":"Redactor","author_link":"https:\/\/pornuestrolaredo.com\/?author=1"},"magazine_blocks_comment":0,"magazine_blocks_author_image":"https:\/\/pornuestrolaredo.com\/wp-content\/litespeed\/avatar\/dca1d7ec750c399f025f23b0b314f4cf.jpg?ver=1777612120","magazine_blocks_category":"<a href=\"#\" class=\"category-link category-link-9\">El Mundo<\/a>","jetpack_publicize_connections":[],"featured_image_urls":{"full":["https:\/\/pornuestrolaredo.com\/wp-content\/uploads\/2023\/01\/107FM-20230119-3.jpg",1000,565,false],"thumbnail":["https:\/\/pornuestrolaredo.com\/wp-content\/uploads\/2023\/01\/107FM-20230119-3-150x150.jpg",150,150,true],"medium":["https:\/\/pornuestrolaredo.com\/wp-content\/uploads\/2023\/01\/107FM-20230119-3-300x170.jpg",300,170,true],"medium_large":["https:\/\/pornuestrolaredo.com\/wp-content\/uploads\/2023\/01\/107FM-20230119-3-768x434.jpg",640,362,true],"large":["https:\/\/pornuestrolaredo.com\/wp-content\/uploads\/2023\/01\/107FM-20230119-3.jpg",640,362,false],"1536x1536":["https:\/\/pornuestrolaredo.com\/wp-content\/uploads\/2023\/01\/107FM-20230119-3.jpg",1000,565,false],"2048x2048":["https:\/\/pornuestrolaredo.com\/wp-content\/uploads\/2023\/01\/107FM-20230119-3.jpg",1000,565,false],"morenews-large":["https:\/\/pornuestrolaredo.com\/wp-content\/uploads\/2023\/01\/107FM-20230119-3.jpg",825,466,false],"morenews-medium":["https:\/\/pornuestrolaredo.com\/wp-content\/uploads\/2023\/01\/107FM-20230119-3.jpg",590,333,false]},"author_info":{"info":["Redactor"]},"category_info":"<a href=\"https:\/\/pornuestrolaredo.com\/?cat=9\" rel=\"category\">El Mundo<\/a>","tag_info":"El Mundo","comment_count":"0","jetpack_featured_media_url":"https:\/\/pornuestrolaredo.com\/wp-content\/uploads\/2023\/01\/107FM-20230119-3.jpg","jetpack_sharing_enabled":true,"_links":{"self":[{"href":"https:\/\/pornuestrolaredo.com\/index.php?rest_route=\/wp\/v2\/posts\/1651","targetHints":{"allow":["GET"]}}],"collection":[{"href":"https:\/\/pornuestrolaredo.com\/index.php?rest_route=\/wp\/v2\/posts"}],"about":[{"href":"https:\/\/pornuestrolaredo.com\/index.php?rest_route=\/wp\/v2\/types\/post"}],"author":[{"embeddable":true,"href":"https:\/\/pornuestrolaredo.com\/index.php?rest_route=\/wp\/v2\/users\/1"}],"replies":[{"embeddable":true,"href":"https:\/\/pornuestrolaredo.com\/index.php?rest_route=%2Fwp%2Fv2%2Fcomments&post=1651"}],"version-history":[{"count":1,"href":"https:\/\/pornuestrolaredo.com\/index.php?rest_route=\/wp\/v2\/posts\/1651\/revisions"}],"predecessor-version":[{"id":1653,"href":"https:\/\/pornuestrolaredo.com\/index.php?rest_route=\/wp\/v2\/posts\/1651\/revisions\/1653"}],"wp:featuredmedia":[{"embeddable":true,"href":"https:\/\/pornuestrolaredo.com\/index.php?rest_route=\/wp\/v2\/media\/1652"}],"wp:attachment":[{"href":"https:\/\/pornuestrolaredo.com\/index.php?rest_route=%2Fwp%2Fv2%2Fmedia&parent=1651"}],"wp:term":[{"taxonomy":"category","embeddable":true,"href":"https:\/\/pornuestrolaredo.com\/index.php?rest_route=%2Fwp%2Fv2%2Fcategories&post=1651"},{"taxonomy":"post_tag","embeddable":true,"href":"https:\/\/pornuestrolaredo.com\/index.php?rest_route=%2Fwp%2Fv2%2Ftags&post=1651"}],"curies":[{"name":"wp","href":"https:\/\/api.w.org\/{rel}","templated":true}]}}