{"id":1662,"date":"2023-01-21T05:56:07","date_gmt":"2023-01-21T05:56:07","guid":{"rendered":"https:\/\/pornuestrolaredo.com\/?p=1662"},"modified":"2023-01-21T05:56:07","modified_gmt":"2023-01-21T05:56:07","slug":"luis-miguel-y-paloma-cuevas-son-novios","status":"publish","type":"post","link":"https:\/\/pornuestrolaredo.com\/?p=1662","title":{"rendered":"Luis Miguel y Paloma Cuevas \u00bfson novios?"},"content":{"rendered":"<p><strong>CIUDAD DE M\u00c9XICO.- <\/strong>El supuesto romance entre Luis Miguel y Paloma Cuevas volvi\u00f3 a ser captado en Madrid, mientras los famosos compart\u00edan una cena, sin dejar la discreci\u00f3n de lado.<\/p>\n<p>Los \u00faltimos reportes de medios espa\u00f1oles han hablado sobre la \u00faltima vez en que El Sol y la empresaria habr\u00edan disfrutado de una velada rom\u00e1ntica de parejas.<\/p>\n<p>De acuerdo con informaci\u00f3n de la revista \u00a1Hola! Espa\u00f1a, Luis Miguel y Paloma Cuevas cenaron con las parejas conformadas por los Duques de Anjou, Margarita Vargas y Luis Alfonso de Borb\u00f3n, y la del exfutbolista del Real Madrid, Ra\u00fal Gonz\u00e1lez y su esposa Mamen Sanz.<\/p>\n<p>Seg\u00fan reportan, durante la velada, que acab\u00f3 hasta tarde, en un restaurante de la capital, las parejas fueron vistas saliendo a pie del lugar, qued\u00e1ndose Paloma, Margarita y Mamen a la espera de que sus respectivos acompa\u00f1antes, quienes fueron por el coche para poder retirarse.<\/p>\n<p>Luis Miguel fue captado en el asiento del copiloto, mientras que Luis Alfonso iba al volante para pasar por Paloma y Margarita, quienes ocuparon los asientos traseros del auto.<\/p>\n<p>En las im\u00e1genes publicadas por el medio espa\u00f1ol, las tres mujeres lucen contentas por la velada, donde Mamen y Paloma intercambiaron algunas palabras. Por otro lado, Luis Miguel, de la misma forma aparece muy sonriente desde el auto del Duque de Anjou.<\/p>\n<p>Esta no es la primera ocasi\u00f3n en que Paloma Cuevas y Luis Miguel son captados juntos, pues en las fiestas decembrinas de 2022, los dos personajes fueron fotografiados mientras realizaban compras en un centro comercial en Madrid. Hasta el momento, ninguno de los dos ha confirmado o desmentido las especulaciones sobre un noviazgo.<\/p>\n","protected":false},"excerpt":{"rendered":"<p>El cantante es visto en plan rom\u00e1ntico con la empresaria en un restaurante de Madrid<\/p>\n","protected":false},"author":1,"featured_media":1663,"comment_status":"closed","ping_status":"closed","sticky":false,"template":"","format":"standard","meta":{"_crdt_document":"","_jetpack_memberships_contains_paid_content":false,"footnotes":"","jetpack_publicize_message":"","jetpack_publicize_feature_enabled":true,"jetpack_social_post_already_shared":true,"jetpack_social_options":{"image_generator_settings":{"template":"highway","default_image_id":0,"font":"","enabled":false},"version":2},"_wpas_customize_per_network":false},"categories":[34],"tags":[],"class_list":["post-1662","post","type-post","status-publish","format-standard","has-post-thumbnail","hentry","category-farandula"],"magazineBlocksPostFeaturedMedia":{"thumbnail":"https:\/\/pornuestrolaredo.com\/wp-content\/uploads\/2023\/01\/107FM-20230121-2-150x150.jpeg","medium":"https:\/\/pornuestrolaredo.com\/wp-content\/uploads\/2023\/01\/107FM-20230121-2-300x158.jpeg","medium_large":"https:\/\/pornuestrolaredo.com\/wp-content\/uploads\/2023\/01\/107FM-20230121-2-768x405.jpeg","large":"https:\/\/pornuestrolaredo.com\/wp-content\/uploads\/2023\/01\/107FM-20230121-2.jpeg","1536x1536":"https:\/\/pornuestrolaredo.com\/wp-content\/uploads\/2023\/01\/107FM-20230121-2.jpeg","2048x2048":"https:\/\/pornuestrolaredo.com\/wp-content\/uploads\/2023\/01\/107FM-20230121-2.jpeg","morenews-large":"https:\/\/pornuestrolaredo.com\/wp-content\/uploads\/2023\/01\/107FM-20230121-2.jpeg","morenews-medium":"https:\/\/pornuestrolaredo.com\/wp-content\/uploads\/2023\/01\/107FM-20230121-2.jpeg"},"magazineBlocksPostAuthor":{"name":"Redactor","avatar":"https:\/\/pornuestrolaredo.com\/wp-content\/litespeed\/avatar\/dca1d7ec750c399f025f23b0b314f4cf.jpg?ver=1777612120"},"magazineBlocksPostCommentsNumber":false,"magazineBlocksPostExcerpt":"El cantante es visto en plan rom\u00e1ntico con la empresaria en un restaurante de Madrid","magazineBlocksPostCategories":["Far\u00e1ndula"],"magazineBlocksPostViewCount":470,"magazineBlocksPostReadTime":2,"magazine_blocks_featured_image_url":{"full":["https:\/\/pornuestrolaredo.com\/wp-content\/uploads\/2023\/01\/107FM-20230121-2.jpeg",960,506,false],"medium":["https:\/\/pornuestrolaredo.com\/wp-content\/uploads\/2023\/01\/107FM-20230121-2-300x158.jpeg",300,158,true],"thumbnail":["https:\/\/pornuestrolaredo.com\/wp-content\/uploads\/2023\/01\/107FM-20230121-2-150x150.jpeg",150,150,true]},"magazine_blocks_author":{"display_name":"Redactor","author_link":"https:\/\/pornuestrolaredo.com\/?author=1"},"magazine_blocks_comment":0,"magazine_blocks_author_image":"https:\/\/pornuestrolaredo.com\/wp-content\/litespeed\/avatar\/dca1d7ec750c399f025f23b0b314f4cf.jpg?ver=1777612120","magazine_blocks_category":"<a href=\"#\" class=\"category-link category-link-34\">Far\u00e1ndula<\/a>","jetpack_publicize_connections":[],"featured_image_urls":{"full":["https:\/\/pornuestrolaredo.com\/wp-content\/uploads\/2023\/01\/107FM-20230121-2.jpeg",960,506,false],"thumbnail":["https:\/\/pornuestrolaredo.com\/wp-content\/uploads\/2023\/01\/107FM-20230121-2-150x150.jpeg",150,150,true],"medium":["https:\/\/pornuestrolaredo.com\/wp-content\/uploads\/2023\/01\/107FM-20230121-2-300x158.jpeg",300,158,true],"medium_large":["https:\/\/pornuestrolaredo.com\/wp-content\/uploads\/2023\/01\/107FM-20230121-2-768x405.jpeg",640,338,true],"large":["https:\/\/pornuestrolaredo.com\/wp-content\/uploads\/2023\/01\/107FM-20230121-2.jpeg",640,337,false],"1536x1536":["https:\/\/pornuestrolaredo.com\/wp-content\/uploads\/2023\/01\/107FM-20230121-2.jpeg",960,506,false],"2048x2048":["https:\/\/pornuestrolaredo.com\/wp-content\/uploads\/2023\/01\/107FM-20230121-2.jpeg",960,506,false],"morenews-large":["https:\/\/pornuestrolaredo.com\/wp-content\/uploads\/2023\/01\/107FM-20230121-2.jpeg",825,435,false],"morenews-medium":["https:\/\/pornuestrolaredo.com\/wp-content\/uploads\/2023\/01\/107FM-20230121-2.jpeg",590,311,false]},"author_info":{"info":["Redactor"]},"category_info":"<a href=\"https:\/\/pornuestrolaredo.com\/?cat=34\" rel=\"category\">Far\u00e1ndula<\/a>","tag_info":"Far\u00e1ndula","comment_count":"0","jetpack_featured_media_url":"https:\/\/pornuestrolaredo.com\/wp-content\/uploads\/2023\/01\/107FM-20230121-2.jpeg","jetpack_sharing_enabled":true,"_links":{"self":[{"href":"https:\/\/pornuestrolaredo.com\/index.php?rest_route=\/wp\/v2\/posts\/1662","targetHints":{"allow":["GET"]}}],"collection":[{"href":"https:\/\/pornuestrolaredo.com\/index.php?rest_route=\/wp\/v2\/posts"}],"about":[{"href":"https:\/\/pornuestrolaredo.com\/index.php?rest_route=\/wp\/v2\/types\/post"}],"author":[{"embeddable":true,"href":"https:\/\/pornuestrolaredo.com\/index.php?rest_route=\/wp\/v2\/users\/1"}],"replies":[{"embeddable":true,"href":"https:\/\/pornuestrolaredo.com\/index.php?rest_route=%2Fwp%2Fv2%2Fcomments&post=1662"}],"version-history":[{"count":1,"href":"https:\/\/pornuestrolaredo.com\/index.php?rest_route=\/wp\/v2\/posts\/1662\/revisions"}],"predecessor-version":[{"id":1664,"href":"https:\/\/pornuestrolaredo.com\/index.php?rest_route=\/wp\/v2\/posts\/1662\/revisions\/1664"}],"wp:featuredmedia":[{"embeddable":true,"href":"https:\/\/pornuestrolaredo.com\/index.php?rest_route=\/wp\/v2\/media\/1663"}],"wp:attachment":[{"href":"https:\/\/pornuestrolaredo.com\/index.php?rest_route=%2Fwp%2Fv2%2Fmedia&parent=1662"}],"wp:term":[{"taxonomy":"category","embeddable":true,"href":"https:\/\/pornuestrolaredo.com\/index.php?rest_route=%2Fwp%2Fv2%2Fcategories&post=1662"},{"taxonomy":"post_tag","embeddable":true,"href":"https:\/\/pornuestrolaredo.com\/index.php?rest_route=%2Fwp%2Fv2%2Ftags&post=1662"}],"curies":[{"name":"wp","href":"https:\/\/api.w.org\/{rel}","templated":true}]}}