{"id":1667,"date":"2023-01-21T06:24:50","date_gmt":"2023-01-21T06:24:50","guid":{"rendered":"https:\/\/pornuestrolaredo.com\/?p=1667"},"modified":"2023-01-21T06:24:50","modified_gmt":"2023-01-21T06:24:50","slug":"detienen-a-dani-alvez-y-pumas-lo-echa","status":"publish","type":"post","link":"https:\/\/pornuestrolaredo.com\/?p=1667","title":{"rendered":"Detienen a Dani Alvez y Pumas lo echa"},"content":{"rendered":"<p><strong>CIUDAD DE M\u00c9XICO.-<\/strong> Oficialmente termin\u00f3 la era de Dani Alves en Pumas.<\/p>\n<p>El brasile\u00f1o dej\u00f3 de ser jugador de los universitarios tras su acusaci\u00f3n de agresi\u00f3n sexual.<\/p>\n<p>Leopoldo Silva, presidente del club, confirm\u00f3 esta tarde la desvinculaci\u00f3n del futbolista de 39 a\u00f1os.<\/p>\n<p>Con motivo de la informaci\u00f3n del proceso legal que enfrenta el jugador Dani Alves y por el cual se encuentra detenido en Espa\u00f1a hemos determinado lo siguiente: el club Universidad Nacional ha tomado la decisi\u00f3n de rescindir, con causa justificada, el contrato laboral con el jugador Dani Alves a partir de este d\u00eda&#8221;, declar\u00f3 Silva en conferencia de prensa.<\/p>\n<p>Con esta decisi\u00f3n, el equipo reitera su compromiso de no tolerar actos de ning\u00fan integrante de nuestra instituci\u00f3n, sea quien sea, que atenten contra el esp\u00edritu universitario y sus valores&#8221;.<\/p>\n<p>La Liga MX apoy\u00f3 la decisi\u00f3n de Pumas.<\/p>\n<blockquote><p>La Liga MX respalda la determinaci\u00f3n del Club Universidad Nacional de rescindir el contrato del jugador Dani Alves. Reiteramos nuestro rechazo a cualquier comportamiento contrario a los valores que promueve el futbol&#8221;, estableci\u00f3 en un comunicado<\/p><\/blockquote>\n<p>Tras \u00fanicamente un torneo como auriazul, el multicampe\u00f3n con Barcelona no jugar\u00e1 m\u00e1s en la Liga MX, y deber\u00e1 seguir con su juicio en Espa\u00f1a.<\/p>\n<p>Un juez de catalu\u00f1a pidi\u00f3 prisi\u00f3n preventiva sin derecho a fianza para Alves, por lo que los reportes se\u00f1alan que el jugador no podr\u00e1 salir del pa\u00eds ib\u00e9rico ni regresar a M\u00e9xico mientras se cumple el proceso del juicio.<\/p>\n<p>El lateral derecho fue acusado por una presunta agresi\u00f3n sexual en contra de una chica en un club nocturno de Barcelona el 30 de diciembre, y este viernes fue detenido y trasladado a una prisi\u00f3n de la ciudad blaugrana. Seg\u00fan autoridades espa\u00f1olas, en caso de ser declarado culpable, Alves enfrentar\u00eda una pena de entre 4 a 8 a\u00f1os de c\u00e1rcel.<\/p>\n","protected":false},"excerpt":{"rendered":"<p>El jugador brasile\u00f1o es acusado en Espa\u00f1a de agresi\u00f3n sexual<\/p>\n","protected":false},"author":1,"featured_media":1668,"comment_status":"closed","ping_status":"closed","sticky":false,"template":"","format":"standard","meta":{"_crdt_document":"","_jetpack_memberships_contains_paid_content":false,"footnotes":"","jetpack_publicize_message":"","jetpack_publicize_feature_enabled":true,"jetpack_social_post_already_shared":true,"jetpack_social_options":{"image_generator_settings":{"template":"highway","default_image_id":0,"font":"","enabled":false},"version":2},"_wpas_customize_per_network":false},"categories":[10],"tags":[],"class_list":["post-1667","post","type-post","status-publish","format-standard","has-post-thumbnail","hentry","category-deportes"],"magazineBlocksPostFeaturedMedia":{"thumbnail":"https:\/\/pornuestrolaredo.com\/wp-content\/uploads\/2023\/01\/Stereo91-20230121-2-150x150.jpeg","medium":"https:\/\/pornuestrolaredo.com\/wp-content\/uploads\/2023\/01\/Stereo91-20230121-2-300x169.jpeg","medium_large":"https:\/\/pornuestrolaredo.com\/wp-content\/uploads\/2023\/01\/Stereo91-20230121-2-768x432.jpeg","large":"https:\/\/pornuestrolaredo.com\/wp-content\/uploads\/2023\/01\/Stereo91-20230121-2-1024x576.jpeg","1536x1536":"https:\/\/pornuestrolaredo.com\/wp-content\/uploads\/2023\/01\/Stereo91-20230121-2.jpeg","2048x2048":"https:\/\/pornuestrolaredo.com\/wp-content\/uploads\/2023\/01\/Stereo91-20230121-2.jpeg","morenews-large":"https:\/\/pornuestrolaredo.com\/wp-content\/uploads\/2023\/01\/Stereo91-20230121-2.jpeg","morenews-medium":"https:\/\/pornuestrolaredo.com\/wp-content\/uploads\/2023\/01\/Stereo91-20230121-2.jpeg"},"magazineBlocksPostAuthor":{"name":"Redactor","avatar":"https:\/\/pornuestrolaredo.com\/wp-content\/litespeed\/avatar\/dca1d7ec750c399f025f23b0b314f4cf.jpg?ver=1777612120"},"magazineBlocksPostCommentsNumber":false,"magazineBlocksPostExcerpt":"El jugador brasile\u00f1o es acusado en Espa\u00f1a de agresi\u00f3n sexual","magazineBlocksPostCategories":["Deportes"],"magazineBlocksPostViewCount":121,"magazineBlocksPostReadTime":2,"magazine_blocks_featured_image_url":{"full":["https:\/\/pornuestrolaredo.com\/wp-content\/uploads\/2023\/01\/Stereo91-20230121-2.jpeg",1200,675,false],"medium":["https:\/\/pornuestrolaredo.com\/wp-content\/uploads\/2023\/01\/Stereo91-20230121-2-300x169.jpeg",300,169,true],"thumbnail":["https:\/\/pornuestrolaredo.com\/wp-content\/uploads\/2023\/01\/Stereo91-20230121-2-150x150.jpeg",150,150,true]},"magazine_blocks_author":{"display_name":"Redactor","author_link":"https:\/\/pornuestrolaredo.com\/?author=1"},"magazine_blocks_comment":0,"magazine_blocks_author_image":"https:\/\/pornuestrolaredo.com\/wp-content\/litespeed\/avatar\/dca1d7ec750c399f025f23b0b314f4cf.jpg?ver=1777612120","magazine_blocks_category":"<a href=\"#\" class=\"category-link category-link-10\">Deportes<\/a>","jetpack_publicize_connections":[],"featured_image_urls":{"full":["https:\/\/pornuestrolaredo.com\/wp-content\/uploads\/2023\/01\/Stereo91-20230121-2.jpeg",1200,675,false],"thumbnail":["https:\/\/pornuestrolaredo.com\/wp-content\/uploads\/2023\/01\/Stereo91-20230121-2-150x150.jpeg",150,150,true],"medium":["https:\/\/pornuestrolaredo.com\/wp-content\/uploads\/2023\/01\/Stereo91-20230121-2-300x169.jpeg",300,169,true],"medium_large":["https:\/\/pornuestrolaredo.com\/wp-content\/uploads\/2023\/01\/Stereo91-20230121-2-768x432.jpeg",640,360,true],"large":["https:\/\/pornuestrolaredo.com\/wp-content\/uploads\/2023\/01\/Stereo91-20230121-2-1024x576.jpeg",640,360,true],"1536x1536":["https:\/\/pornuestrolaredo.com\/wp-content\/uploads\/2023\/01\/Stereo91-20230121-2.jpeg",1200,675,false],"2048x2048":["https:\/\/pornuestrolaredo.com\/wp-content\/uploads\/2023\/01\/Stereo91-20230121-2.jpeg",1200,675,false],"morenews-large":["https:\/\/pornuestrolaredo.com\/wp-content\/uploads\/2023\/01\/Stereo91-20230121-2.jpeg",825,464,false],"morenews-medium":["https:\/\/pornuestrolaredo.com\/wp-content\/uploads\/2023\/01\/Stereo91-20230121-2.jpeg",590,332,false]},"author_info":{"info":["Redactor"]},"category_info":"<a href=\"https:\/\/pornuestrolaredo.com\/?cat=10\" rel=\"category\">Deportes<\/a>","tag_info":"Deportes","comment_count":"0","jetpack_featured_media_url":"https:\/\/pornuestrolaredo.com\/wp-content\/uploads\/2023\/01\/Stereo91-20230121-2.jpeg","jetpack_sharing_enabled":true,"_links":{"self":[{"href":"https:\/\/pornuestrolaredo.com\/index.php?rest_route=\/wp\/v2\/posts\/1667","targetHints":{"allow":["GET"]}}],"collection":[{"href":"https:\/\/pornuestrolaredo.com\/index.php?rest_route=\/wp\/v2\/posts"}],"about":[{"href":"https:\/\/pornuestrolaredo.com\/index.php?rest_route=\/wp\/v2\/types\/post"}],"author":[{"embeddable":true,"href":"https:\/\/pornuestrolaredo.com\/index.php?rest_route=\/wp\/v2\/users\/1"}],"replies":[{"embeddable":true,"href":"https:\/\/pornuestrolaredo.com\/index.php?rest_route=%2Fwp%2Fv2%2Fcomments&post=1667"}],"version-history":[{"count":1,"href":"https:\/\/pornuestrolaredo.com\/index.php?rest_route=\/wp\/v2\/posts\/1667\/revisions"}],"predecessor-version":[{"id":1669,"href":"https:\/\/pornuestrolaredo.com\/index.php?rest_route=\/wp\/v2\/posts\/1667\/revisions\/1669"}],"wp:featuredmedia":[{"embeddable":true,"href":"https:\/\/pornuestrolaredo.com\/index.php?rest_route=\/wp\/v2\/media\/1668"}],"wp:attachment":[{"href":"https:\/\/pornuestrolaredo.com\/index.php?rest_route=%2Fwp%2Fv2%2Fmedia&parent=1667"}],"wp:term":[{"taxonomy":"category","embeddable":true,"href":"https:\/\/pornuestrolaredo.com\/index.php?rest_route=%2Fwp%2Fv2%2Fcategories&post=1667"},{"taxonomy":"post_tag","embeddable":true,"href":"https:\/\/pornuestrolaredo.com\/index.php?rest_route=%2Fwp%2Fv2%2Ftags&post=1667"}],"curies":[{"name":"wp","href":"https:\/\/api.w.org\/{rel}","templated":true}]}}