{"id":168,"date":"2022-09-01T06:52:07","date_gmt":"2022-09-01T06:52:07","guid":{"rendered":"https:\/\/pornuestrolaredo.com\/?p=168"},"modified":"2022-09-01T06:52:07","modified_gmt":"2022-09-01T06:52:07","slug":"buscas-mascota-comusa-tiene-una-para-ti%ef%bf%bc","status":"publish","type":"post","link":"https:\/\/pornuestrolaredo.com\/?p=168","title":{"rendered":"\u00bfBuscas mascota? COMUSA tiene una para ti\ufffc"},"content":{"rendered":"\n<p class=\"wp-block-paragraph\"><strong><em>NUEVO LAREDO.-<\/em><\/strong> Con la finalidad de que los animalitos&nbsp; cuenten con un hogar, a la vez de generar m\u00e1s espacio en el refugio para mascotas en situaci\u00f3n de calle, se realizar\u00e1 una feria de adopciones el pr\u00f3ximo 11 de septiembre.<\/p>\n\n\n\n<p class=\"wp-block-paragraph\">En la \u00faltima reuni\u00f3n del Consejo Municipal de Salud Animal (COMUSA) se program\u00f3 este evento que tendr\u00e1 lugar&nbsp; en el Parque Viveros de 10:00 AM a 5:00 PM, en el espacio para canes donde los ciudadanos podr\u00e1n convivir con los animales rescatados.<\/p>\n\n\n\n<p class=\"wp-block-paragraph\">Hasta el momento existen 27 mascotas listas para ser adoptadas para lo cual&nbsp; se entregar\u00e1n fichas informativas para que los interesados conozcan si el animalito est\u00e1 vacunado, esterilizado, lo que&nbsp; que facilitar\u00e1 el proceso de adopci\u00f3n al dar a conocer el perfil de la mascota.<\/p>\n\n\n\n<blockquote class=\"wp-block-quote is-layout-flow wp-block-quote-is-layout-flow\"><p>&nbsp;Para reforzar la adopci\u00f3n en Nuevo Laredo, tuvimos campa\u00f1as de esterilizaci\u00f3n para animales en situaci\u00f3n de calle donde informamos a las personas sobre los beneficios que conlleva tener una mascota esterilizada\u201d, mencion\u00f3 Pablo Garza Galindo,&nbsp; jefe de Salud Animal Municipal<\/p><\/blockquote>\n\n\n\n<p class=\"wp-block-paragraph\">Pidi\u00f3 a las personas que deseen contar con una mascota, tratar con respeto a estos seres, lo que hablar\u00e1 muy bien de su cultura. Tambi\u00e9n mencion\u00f3 que con el regreso a clases de la comunidad estudiantil, reanudar\u00e1n las pl\u00e1ticas de concientizaci\u00f3n que se imparten a los estudiantes.<\/p>\n","protected":false},"excerpt":{"rendered":"<p>NUEVO LAREDO.- Con la finalidad de que los animalitos&nbsp; cuenten con un hogar, a la vez de generar<\/p>\n","protected":false},"author":1,"featured_media":169,"comment_status":"open","ping_status":"open","sticky":false,"template":"","format":"standard","meta":{"_crdt_document":"","_jetpack_memberships_contains_paid_content":false,"footnotes":"","jetpack_publicize_message":"El refugio de animales prepara una feria de adopciones para este 11 de septiembre","jetpack_publicize_feature_enabled":true,"jetpack_social_post_already_shared":true,"jetpack_social_options":{"image_generator_settings":{"template":"highway","default_image_id":0,"font":"","enabled":false},"version":2},"_wpas_customize_per_network":false},"categories":[5],"tags":[],"class_list":["post-168","post","type-post","status-publish","format-standard","has-post-thumbnail","hentry","category-dos-laredos"],"magazineBlocksPostFeaturedMedia":{"thumbnail":"https:\/\/pornuestrolaredo.com\/wp-content\/uploads\/2022\/09\/PNL-20220831-8-0-150x150.jpeg","medium":"https:\/\/pornuestrolaredo.com\/wp-content\/uploads\/2022\/09\/PNL-20220831-8-0-300x200.jpeg","medium_large":"https:\/\/pornuestrolaredo.com\/wp-content\/uploads\/2022\/09\/PNL-20220831-8-0-768x512.jpeg","large":"https:\/\/pornuestrolaredo.com\/wp-content\/uploads\/2022\/09\/PNL-20220831-8-0-1024x683.jpeg","1536x1536":"https:\/\/pornuestrolaredo.com\/wp-content\/uploads\/2022\/09\/PNL-20220831-8-0.jpeg","2048x2048":"https:\/\/pornuestrolaredo.com\/wp-content\/uploads\/2022\/09\/PNL-20220831-8-0.jpeg","morenews-large":"https:\/\/pornuestrolaredo.com\/wp-content\/uploads\/2022\/09\/PNL-20220831-8-0.jpeg","morenews-medium":"https:\/\/pornuestrolaredo.com\/wp-content\/uploads\/2022\/09\/PNL-20220831-8-0.jpeg"},"magazineBlocksPostAuthor":{"name":"Redactor","avatar":"https:\/\/pornuestrolaredo.com\/wp-content\/litespeed\/avatar\/dca1d7ec750c399f025f23b0b314f4cf.jpg?ver=1777007253"},"magazineBlocksPostCommentsNumber":false,"magazineBlocksPostExcerpt":"NUEVO LAREDO.- Con la finalidad de que los animalitos&nbsp; cuenten con un hogar, a la vez de generar","magazineBlocksPostCategories":["Dos Laredos"],"magazineBlocksPostViewCount":142,"magazineBlocksPostReadTime":2,"magazine_blocks_featured_image_url":{"full":["https:\/\/pornuestrolaredo.com\/wp-content\/uploads\/2022\/09\/PNL-20220831-8-0.jpeg",1280,854,false],"medium":["https:\/\/pornuestrolaredo.com\/wp-content\/uploads\/2022\/09\/PNL-20220831-8-0-300x200.jpeg",300,200,true],"thumbnail":["https:\/\/pornuestrolaredo.com\/wp-content\/uploads\/2022\/09\/PNL-20220831-8-0-150x150.jpeg",150,150,true]},"magazine_blocks_author":{"display_name":"Redactor","author_link":"https:\/\/pornuestrolaredo.com\/?author=1"},"magazine_blocks_comment":0,"magazine_blocks_author_image":"https:\/\/pornuestrolaredo.com\/wp-content\/litespeed\/avatar\/dca1d7ec750c399f025f23b0b314f4cf.jpg?ver=1777007253","magazine_blocks_category":"<a href=\"#\" class=\"category-link category-link-5\">Dos Laredos<\/a>","jetpack_publicize_connections":[],"featured_image_urls":{"full":["https:\/\/pornuestrolaredo.com\/wp-content\/uploads\/2022\/09\/PNL-20220831-8-0.jpeg",1280,854,false],"thumbnail":["https:\/\/pornuestrolaredo.com\/wp-content\/uploads\/2022\/09\/PNL-20220831-8-0-150x150.jpeg",150,150,true],"medium":["https:\/\/pornuestrolaredo.com\/wp-content\/uploads\/2022\/09\/PNL-20220831-8-0-300x200.jpeg",300,200,true],"medium_large":["https:\/\/pornuestrolaredo.com\/wp-content\/uploads\/2022\/09\/PNL-20220831-8-0-768x512.jpeg",640,427,true],"large":["https:\/\/pornuestrolaredo.com\/wp-content\/uploads\/2022\/09\/PNL-20220831-8-0-1024x683.jpeg",640,427,true],"1536x1536":["https:\/\/pornuestrolaredo.com\/wp-content\/uploads\/2022\/09\/PNL-20220831-8-0.jpeg",1280,854,false],"2048x2048":["https:\/\/pornuestrolaredo.com\/wp-content\/uploads\/2022\/09\/PNL-20220831-8-0.jpeg",1280,854,false],"morenews-large":["https:\/\/pornuestrolaredo.com\/wp-content\/uploads\/2022\/09\/PNL-20220831-8-0.jpeg",825,550,false],"morenews-medium":["https:\/\/pornuestrolaredo.com\/wp-content\/uploads\/2022\/09\/PNL-20220831-8-0.jpeg",590,394,false]},"author_info":{"info":["Redactor"]},"category_info":"<a href=\"https:\/\/pornuestrolaredo.com\/?cat=5\" rel=\"category\">Dos Laredos<\/a>","tag_info":"Dos Laredos","comment_count":"0","jetpack_featured_media_url":"https:\/\/pornuestrolaredo.com\/wp-content\/uploads\/2022\/09\/PNL-20220831-8-0.jpeg","jetpack_sharing_enabled":true,"_links":{"self":[{"href":"https:\/\/pornuestrolaredo.com\/index.php?rest_route=\/wp\/v2\/posts\/168","targetHints":{"allow":["GET"]}}],"collection":[{"href":"https:\/\/pornuestrolaredo.com\/index.php?rest_route=\/wp\/v2\/posts"}],"about":[{"href":"https:\/\/pornuestrolaredo.com\/index.php?rest_route=\/wp\/v2\/types\/post"}],"author":[{"embeddable":true,"href":"https:\/\/pornuestrolaredo.com\/index.php?rest_route=\/wp\/v2\/users\/1"}],"replies":[{"embeddable":true,"href":"https:\/\/pornuestrolaredo.com\/index.php?rest_route=%2Fwp%2Fv2%2Fcomments&post=168"}],"version-history":[{"count":1,"href":"https:\/\/pornuestrolaredo.com\/index.php?rest_route=\/wp\/v2\/posts\/168\/revisions"}],"predecessor-version":[{"id":172,"href":"https:\/\/pornuestrolaredo.com\/index.php?rest_route=\/wp\/v2\/posts\/168\/revisions\/172"}],"wp:featuredmedia":[{"embeddable":true,"href":"https:\/\/pornuestrolaredo.com\/index.php?rest_route=\/wp\/v2\/media\/169"}],"wp:attachment":[{"href":"https:\/\/pornuestrolaredo.com\/index.php?rest_route=%2Fwp%2Fv2%2Fmedia&parent=168"}],"wp:term":[{"taxonomy":"category","embeddable":true,"href":"https:\/\/pornuestrolaredo.com\/index.php?rest_route=%2Fwp%2Fv2%2Fcategories&post=168"},{"taxonomy":"post_tag","embeddable":true,"href":"https:\/\/pornuestrolaredo.com\/index.php?rest_route=%2Fwp%2Fv2%2Ftags&post=168"}],"curies":[{"name":"wp","href":"https:\/\/api.w.org\/{rel}","templated":true}]}}