{"id":1682,"date":"2023-01-22T21:52:42","date_gmt":"2023-01-22T21:52:42","guid":{"rendered":"https:\/\/pornuestrolaredo.com\/?p=1682"},"modified":"2023-01-22T21:52:42","modified_gmt":"2023-01-22T21:52:42","slug":"astronauta-buzz-aldrin-se-casa-al-cumplir-93-anos","status":"publish","type":"post","link":"https:\/\/pornuestrolaredo.com\/?p=1682","title":{"rendered":"Astronauta Buzz Aldrin se casa al cumplir 93 a\u00f1os"},"content":{"rendered":"<p><strong>LOS \u00c1NGELES.\u2014 <\/strong>El astronauta Edwin \u201cBuzz\u201d Aldrin anunci\u00f3 en Facebook que se ha casado con su \u201camor de siempre\u201d en una ceremonia \u00edntima en Los \u00c1ngeles.<\/p>\n<p>Aldrin, quien junto con Neil Armstrong pas\u00f3 a la historia como los primeros seres humanos que pisan la Luna, dijo que la boda tuvo lugar el viernes, el mismo d\u00eda que cumpli\u00f3 93 a\u00f1os.<\/p>\n<blockquote><p>Me complace anunciar que mi amor y pareja de siempre, doctora Anca V Faur, y yo nos hemos casado. Nos unimos en santo matrimonio en una peque\u00f1a ceremonia \u00edntima en Los \u00c1ngeles, y estamos tan excitados como una pareja de adolescentes que han huido de la casa\u201d, escribi\u00f3.<\/p><\/blockquote>\n<p>El mensaje hab\u00eda recibido 53 mil \u201cme gusta\u201d para el s\u00e1bado e inclu\u00eda varias fotos de los reci\u00e9n casados.<\/p>\n<p>El 20 de julio de 1969, Armstrong y Aldrin, astronautas del Apolo XI, realizaron su hist\u00f3rica caminata lunar, cumpliendo una promesa del difunto presidente John F. Kennedy de enviar una misi\u00f3n tripulada a la Luna y regresarla a salvo a Tierra. Michael Collins fue el tercer tripulante.<\/p>\n","protected":false},"excerpt":{"rendered":"<p>Junto con Neil Armstrong pas\u00f3 a la historia como los primeros seres humanos que pisan la Luna<\/p>\n","protected":false},"author":1,"featured_media":1683,"comment_status":"closed","ping_status":"closed","sticky":false,"template":"","format":"standard","meta":{"_crdt_document":"","_jetpack_memberships_contains_paid_content":false,"footnotes":"","jetpack_publicize_message":"","jetpack_publicize_feature_enabled":true,"jetpack_social_post_already_shared":true,"jetpack_social_options":{"image_generator_settings":{"template":"highway","default_image_id":0,"font":"","enabled":false},"version":2},"_wpas_customize_per_network":false},"categories":[9],"tags":[],"class_list":["post-1682","post","type-post","status-publish","format-standard","has-post-thumbnail","hentry","category-el-mundo"],"magazineBlocksPostFeaturedMedia":{"thumbnail":"https:\/\/pornuestrolaredo.com\/wp-content\/uploads\/2023\/01\/107MF-20230122-2-150x150.jpg","medium":"https:\/\/pornuestrolaredo.com\/wp-content\/uploads\/2023\/01\/107MF-20230122-2-300x200.jpg","medium_large":"https:\/\/pornuestrolaredo.com\/wp-content\/uploads\/2023\/01\/107MF-20230122-2-768x511.jpg","large":"https:\/\/pornuestrolaredo.com\/wp-content\/uploads\/2023\/01\/107MF-20230122-2.jpg","1536x1536":"https:\/\/pornuestrolaredo.com\/wp-content\/uploads\/2023\/01\/107MF-20230122-2.jpg","2048x2048":"https:\/\/pornuestrolaredo.com\/wp-content\/uploads\/2023\/01\/107MF-20230122-2.jpg","morenews-large":"https:\/\/pornuestrolaredo.com\/wp-content\/uploads\/2023\/01\/107MF-20230122-2.jpg","morenews-medium":"https:\/\/pornuestrolaredo.com\/wp-content\/uploads\/2023\/01\/107MF-20230122-2.jpg"},"magazineBlocksPostAuthor":{"name":"Redactor","avatar":"https:\/\/pornuestrolaredo.com\/wp-content\/litespeed\/avatar\/dca1d7ec750c399f025f23b0b314f4cf.jpg?ver=1777612120"},"magazineBlocksPostCommentsNumber":false,"magazineBlocksPostExcerpt":"Junto con Neil Armstrong pas\u00f3 a la historia como los primeros seres humanos que pisan la Luna","magazineBlocksPostCategories":["El Mundo"],"magazineBlocksPostViewCount":117,"magazineBlocksPostReadTime":1,"magazine_blocks_featured_image_url":{"full":["https:\/\/pornuestrolaredo.com\/wp-content\/uploads\/2023\/01\/107MF-20230122-2.jpg",1000,665,false],"medium":["https:\/\/pornuestrolaredo.com\/wp-content\/uploads\/2023\/01\/107MF-20230122-2-300x200.jpg",300,200,true],"thumbnail":["https:\/\/pornuestrolaredo.com\/wp-content\/uploads\/2023\/01\/107MF-20230122-2-150x150.jpg",150,150,true]},"magazine_blocks_author":{"display_name":"Redactor","author_link":"https:\/\/pornuestrolaredo.com\/?author=1"},"magazine_blocks_comment":0,"magazine_blocks_author_image":"https:\/\/pornuestrolaredo.com\/wp-content\/litespeed\/avatar\/dca1d7ec750c399f025f23b0b314f4cf.jpg?ver=1777612120","magazine_blocks_category":"<a href=\"#\" class=\"category-link category-link-9\">El Mundo<\/a>","jetpack_publicize_connections":[],"featured_image_urls":{"full":["https:\/\/pornuestrolaredo.com\/wp-content\/uploads\/2023\/01\/107MF-20230122-2.jpg",1000,665,false],"thumbnail":["https:\/\/pornuestrolaredo.com\/wp-content\/uploads\/2023\/01\/107MF-20230122-2-150x150.jpg",150,150,true],"medium":["https:\/\/pornuestrolaredo.com\/wp-content\/uploads\/2023\/01\/107MF-20230122-2-300x200.jpg",300,200,true],"medium_large":["https:\/\/pornuestrolaredo.com\/wp-content\/uploads\/2023\/01\/107MF-20230122-2-768x511.jpg",640,426,true],"large":["https:\/\/pornuestrolaredo.com\/wp-content\/uploads\/2023\/01\/107MF-20230122-2.jpg",640,426,false],"1536x1536":["https:\/\/pornuestrolaredo.com\/wp-content\/uploads\/2023\/01\/107MF-20230122-2.jpg",1000,665,false],"2048x2048":["https:\/\/pornuestrolaredo.com\/wp-content\/uploads\/2023\/01\/107MF-20230122-2.jpg",1000,665,false],"morenews-large":["https:\/\/pornuestrolaredo.com\/wp-content\/uploads\/2023\/01\/107MF-20230122-2.jpg",825,549,false],"morenews-medium":["https:\/\/pornuestrolaredo.com\/wp-content\/uploads\/2023\/01\/107MF-20230122-2.jpg",590,392,false]},"author_info":{"info":["Redactor"]},"category_info":"<a href=\"https:\/\/pornuestrolaredo.com\/?cat=9\" rel=\"category\">El Mundo<\/a>","tag_info":"El Mundo","comment_count":"0","jetpack_featured_media_url":"https:\/\/pornuestrolaredo.com\/wp-content\/uploads\/2023\/01\/107MF-20230122-2.jpg","jetpack_sharing_enabled":true,"_links":{"self":[{"href":"https:\/\/pornuestrolaredo.com\/index.php?rest_route=\/wp\/v2\/posts\/1682","targetHints":{"allow":["GET"]}}],"collection":[{"href":"https:\/\/pornuestrolaredo.com\/index.php?rest_route=\/wp\/v2\/posts"}],"about":[{"href":"https:\/\/pornuestrolaredo.com\/index.php?rest_route=\/wp\/v2\/types\/post"}],"author":[{"embeddable":true,"href":"https:\/\/pornuestrolaredo.com\/index.php?rest_route=\/wp\/v2\/users\/1"}],"replies":[{"embeddable":true,"href":"https:\/\/pornuestrolaredo.com\/index.php?rest_route=%2Fwp%2Fv2%2Fcomments&post=1682"}],"version-history":[{"count":1,"href":"https:\/\/pornuestrolaredo.com\/index.php?rest_route=\/wp\/v2\/posts\/1682\/revisions"}],"predecessor-version":[{"id":1684,"href":"https:\/\/pornuestrolaredo.com\/index.php?rest_route=\/wp\/v2\/posts\/1682\/revisions\/1684"}],"wp:featuredmedia":[{"embeddable":true,"href":"https:\/\/pornuestrolaredo.com\/index.php?rest_route=\/wp\/v2\/media\/1683"}],"wp:attachment":[{"href":"https:\/\/pornuestrolaredo.com\/index.php?rest_route=%2Fwp%2Fv2%2Fmedia&parent=1682"}],"wp:term":[{"taxonomy":"category","embeddable":true,"href":"https:\/\/pornuestrolaredo.com\/index.php?rest_route=%2Fwp%2Fv2%2Fcategories&post=1682"},{"taxonomy":"post_tag","embeddable":true,"href":"https:\/\/pornuestrolaredo.com\/index.php?rest_route=%2Fwp%2Fv2%2Ftags&post=1682"}],"curies":[{"name":"wp","href":"https:\/\/api.w.org\/{rel}","templated":true}]}}