{"id":1685,"date":"2023-01-22T21:56:01","date_gmt":"2023-01-22T21:56:01","guid":{"rendered":"https:\/\/pornuestrolaredo.com\/?p=1685"},"modified":"2023-01-22T21:56:01","modified_gmt":"2023-01-22T21:56:01","slug":"avanza-crecimiento-economico-de-nld","status":"publish","type":"post","link":"https:\/\/pornuestrolaredo.com\/?p=1685","title":{"rendered":"Avanza crecimiento econ\u00f3mico de NLD"},"content":{"rendered":"<p><strong>NUEVO LAREDO.- <\/strong>La confianza de los inversionistas contin\u00faa este 2023; la alcaldesa Carmen Lilia Canturosas Villarreal estuvo presente en la inauguraci\u00f3n de una cl\u00ednica de salud ubicada en la colonia Jard\u00edn, misma que gener\u00f3 m\u00e1s de 15 empleos y ya est\u00e1 lista para atender las necesidades m\u00e9dicas de la ciudadan\u00eda.<\/p>\n<p>Se trata de \u201cEcomedi-X\u201d, un centro m\u00e9dico de alta especialidad que ofrece servicios de medicina general, ginecolog\u00eda, cardiolog\u00eda, radiolog\u00eda y toma de muestras para an\u00e1lisis cl\u00ednicos.<\/p>\n<p>La presidenta municipal destac\u00f3 que el a\u00f1o comenz\u00f3 con la apertura de nuevos negocios, este caso en el rubro m\u00e9dico y que continuar\u00e1 el apoyo a los inversionistas para que consoliden sus establecimientos en la ciudad.<\/p>\n<blockquote><p>En el Gobierno Municipal hacemos lo propio para que se fomente la confianza en Nuevo Laredo, seremos facilitadores para los inversionistas porque ellos son la econom\u00eda de la ciudad, los que ayudan a que crezca y se fortalezca\u201d, se\u00f1al\u00f3.<\/p><\/blockquote>\n<p>Destac\u00f3 que el 2022 cerr\u00f3 con una tendencia positiva en la que en por medio, al menos seis nuevos negocios locales abrieron sus puertas por semana, a dos semanas de haber iniciados el 2023, se ha mantenido esta din\u00e1mica gracias a la confianza que ha generado el Gobierno Municipal.<\/p>\n<p>De igual forma, se ha incentivando la generaci\u00f3n de empleo con programas como Empleo en tu Colonia, en el que se han ofertado m\u00e1s de mil 500 vacantes tan solo en este inicio de a\u00f1o.<\/p>\n<p>La presidente municipal dijo que se le pide a los funcionarios que tomen la responsabilidad de agilizar los tr\u00e1mites y apoyar en lo posible a los emprendedores locales para lograr que se instalen los negocios en la localidad.<\/p>\n<p>Basilio Ramos Guajardo y Sina\u00ed Rangel Romero, representantes de \u201cEcomedi-X\u201d, agradecieron la asistencia de la alcaldesa Canturosas Villarreal y se comprometieron a que en el centro m\u00e9dico los neolaredenses recibir\u00e1n una atenci\u00f3n digna y de calidad. El centro m\u00e9dico se ubica en calle Oaxaca #3338 horarios que maneja la cl\u00ednica son: de lunes a viernes desde las 8:00 AM a 9:00 PM; los s\u00e1bados son de 8:00 AM a 1:00 PM y los domingos se encuentra cerrado.<\/p>\n","protected":false},"excerpt":{"rendered":"<p>Abren nuevo centro m\u00e9dico especializado en la colonia Jard\u00edn<\/p>\n","protected":false},"author":1,"featured_media":1686,"comment_status":"closed","ping_status":"closed","sticky":false,"template":"","format":"standard","meta":{"_crdt_document":"","_jetpack_memberships_contains_paid_content":false,"footnotes":"","jetpack_publicize_message":"","jetpack_publicize_feature_enabled":true,"jetpack_social_post_already_shared":true,"jetpack_social_options":{"image_generator_settings":{"template":"highway","default_image_id":0,"font":"","enabled":false},"version":2},"_wpas_customize_per_network":false},"categories":[4],"tags":[],"class_list":["post-1685","post","type-post","status-publish","format-standard","has-post-thumbnail","hentry","category-los-dos-laredos"],"magazineBlocksPostFeaturedMedia":{"thumbnail":"https:\/\/pornuestrolaredo.com\/wp-content\/uploads\/2023\/01\/PNL-20230122-4-150x150.jpg","medium":"https:\/\/pornuestrolaredo.com\/wp-content\/uploads\/2023\/01\/PNL-20230122-4-300x200.jpg","medium_large":"https:\/\/pornuestrolaredo.com\/wp-content\/uploads\/2023\/01\/PNL-20230122-4-768x512.jpg","large":"https:\/\/pornuestrolaredo.com\/wp-content\/uploads\/2023\/01\/PNL-20230122-4-1024x682.jpg","1536x1536":"https:\/\/pornuestrolaredo.com\/wp-content\/uploads\/2023\/01\/PNL-20230122-4.jpg","2048x2048":"https:\/\/pornuestrolaredo.com\/wp-content\/uploads\/2023\/01\/PNL-20230122-4.jpg","morenews-large":"https:\/\/pornuestrolaredo.com\/wp-content\/uploads\/2023\/01\/PNL-20230122-4.jpg","morenews-medium":"https:\/\/pornuestrolaredo.com\/wp-content\/uploads\/2023\/01\/PNL-20230122-4.jpg"},"magazineBlocksPostAuthor":{"name":"Redactor","avatar":"https:\/\/pornuestrolaredo.com\/wp-content\/litespeed\/avatar\/dca1d7ec750c399f025f23b0b314f4cf.jpg?ver=1777612120"},"magazineBlocksPostCommentsNumber":false,"magazineBlocksPostExcerpt":"Abren nuevo centro m\u00e9dico especializado en la colonia Jard\u00edn","magazineBlocksPostCategories":["Los dos Laredos"],"magazineBlocksPostViewCount":136,"magazineBlocksPostReadTime":2,"magazine_blocks_featured_image_url":{"full":["https:\/\/pornuestrolaredo.com\/wp-content\/uploads\/2023\/01\/PNL-20230122-4.jpg",1280,853,false],"medium":["https:\/\/pornuestrolaredo.com\/wp-content\/uploads\/2023\/01\/PNL-20230122-4-300x200.jpg",300,200,true],"thumbnail":["https:\/\/pornuestrolaredo.com\/wp-content\/uploads\/2023\/01\/PNL-20230122-4-150x150.jpg",150,150,true]},"magazine_blocks_author":{"display_name":"Redactor","author_link":"https:\/\/pornuestrolaredo.com\/?author=1"},"magazine_blocks_comment":0,"magazine_blocks_author_image":"https:\/\/pornuestrolaredo.com\/wp-content\/litespeed\/avatar\/dca1d7ec750c399f025f23b0b314f4cf.jpg?ver=1777612120","magazine_blocks_category":"<a href=\"#\" class=\"category-link category-link-4\">Los dos Laredos<\/a>","jetpack_publicize_connections":[],"featured_image_urls":{"full":["https:\/\/pornuestrolaredo.com\/wp-content\/uploads\/2023\/01\/PNL-20230122-4.jpg",1280,853,false],"thumbnail":["https:\/\/pornuestrolaredo.com\/wp-content\/uploads\/2023\/01\/PNL-20230122-4-150x150.jpg",150,150,true],"medium":["https:\/\/pornuestrolaredo.com\/wp-content\/uploads\/2023\/01\/PNL-20230122-4-300x200.jpg",300,200,true],"medium_large":["https:\/\/pornuestrolaredo.com\/wp-content\/uploads\/2023\/01\/PNL-20230122-4-768x512.jpg",640,427,true],"large":["https:\/\/pornuestrolaredo.com\/wp-content\/uploads\/2023\/01\/PNL-20230122-4-1024x682.jpg",640,426,true],"1536x1536":["https:\/\/pornuestrolaredo.com\/wp-content\/uploads\/2023\/01\/PNL-20230122-4.jpg",1280,853,false],"2048x2048":["https:\/\/pornuestrolaredo.com\/wp-content\/uploads\/2023\/01\/PNL-20230122-4.jpg",1280,853,false],"morenews-large":["https:\/\/pornuestrolaredo.com\/wp-content\/uploads\/2023\/01\/PNL-20230122-4.jpg",825,550,false],"morenews-medium":["https:\/\/pornuestrolaredo.com\/wp-content\/uploads\/2023\/01\/PNL-20230122-4.jpg",590,393,false]},"author_info":{"info":["Redactor"]},"category_info":"<a href=\"https:\/\/pornuestrolaredo.com\/?cat=4\" rel=\"category\">Los dos Laredos<\/a>","tag_info":"Los dos Laredos","comment_count":"0","jetpack_featured_media_url":"https:\/\/pornuestrolaredo.com\/wp-content\/uploads\/2023\/01\/PNL-20230122-4.jpg","jetpack_sharing_enabled":true,"_links":{"self":[{"href":"https:\/\/pornuestrolaredo.com\/index.php?rest_route=\/wp\/v2\/posts\/1685","targetHints":{"allow":["GET"]}}],"collection":[{"href":"https:\/\/pornuestrolaredo.com\/index.php?rest_route=\/wp\/v2\/posts"}],"about":[{"href":"https:\/\/pornuestrolaredo.com\/index.php?rest_route=\/wp\/v2\/types\/post"}],"author":[{"embeddable":true,"href":"https:\/\/pornuestrolaredo.com\/index.php?rest_route=\/wp\/v2\/users\/1"}],"replies":[{"embeddable":true,"href":"https:\/\/pornuestrolaredo.com\/index.php?rest_route=%2Fwp%2Fv2%2Fcomments&post=1685"}],"version-history":[{"count":1,"href":"https:\/\/pornuestrolaredo.com\/index.php?rest_route=\/wp\/v2\/posts\/1685\/revisions"}],"predecessor-version":[{"id":1687,"href":"https:\/\/pornuestrolaredo.com\/index.php?rest_route=\/wp\/v2\/posts\/1685\/revisions\/1687"}],"wp:featuredmedia":[{"embeddable":true,"href":"https:\/\/pornuestrolaredo.com\/index.php?rest_route=\/wp\/v2\/media\/1686"}],"wp:attachment":[{"href":"https:\/\/pornuestrolaredo.com\/index.php?rest_route=%2Fwp%2Fv2%2Fmedia&parent=1685"}],"wp:term":[{"taxonomy":"category","embeddable":true,"href":"https:\/\/pornuestrolaredo.com\/index.php?rest_route=%2Fwp%2Fv2%2Fcategories&post=1685"},{"taxonomy":"post_tag","embeddable":true,"href":"https:\/\/pornuestrolaredo.com\/index.php?rest_route=%2Fwp%2Fv2%2Ftags&post=1685"}],"curies":[{"name":"wp","href":"https:\/\/api.w.org\/{rel}","templated":true}]}}