{"id":1688,"date":"2023-01-22T22:04:11","date_gmt":"2023-01-22T22:04:11","guid":{"rendered":"https:\/\/pornuestrolaredo.com\/?p=1688"},"modified":"2023-01-22T22:04:11","modified_gmt":"2023-01-22T22:04:11","slug":"nuevo-laredo-listo-para-llevar-al-triunfo-a-jr","status":"publish","type":"post","link":"https:\/\/pornuestrolaredo.com\/?p=1688","title":{"rendered":"Nuevo Laredo, listo para llevar al triunfo a \u2018JR\u2019"},"content":{"rendered":"<p><strong>NUEVO LAREDO.-<\/strong> \u201cLas estructuras electorales de Morena y el Partido del Trabajo, estamos listas para defender los votos este 19 de febrero, en la que usted, ser\u00e1 nuestro pr\u00f3ximo Senador\u201d, expres\u00f3 Edith Mendoza Sifuentes, enlace del distrito I de la defensa del voto. <\/p>\n<p>La morenista expuso ante el candidato de la coalici\u00f3n \u201cJuntos Hacemos Historia en Tamaulipas\u201d Jos\u00e9 Ram\u00f3n G\u00f3mez Leal \u201cJR\u201d, \u201cesta estructura viene trabajando desde el mes de noviembre del a\u00f1o pasado, con una planificaci\u00f3n precisa y puntual, tarea que demanda una organizaci\u00f3n que garantice resultados favorables\u201d. <\/p>\n<p>Ante las estructura electoral de Morena y PT, Pedro Mu\u00f1oz, coordinador del Partido del Trabajo en Nuevo Laredo, reconoci\u00f3 a JR como una persona que sabe cumplir con sus compromisos, \u201cporque cuando fue funcionario, recorri\u00f3 de forma constante los 43 municipios y le permiti\u00f3 conocer de cerca la problem\u00e1tica de Tamaulipas\u201d. <\/p>\n<p>A unas semanas de la elecci\u00f3n extraordinaria para Senador, el coordinador municipal del PT pidi\u00f3 a los presentes \u201csalgamos a votar el 19 de febrero por JR y as\u00ed consolidar la Cuarta Transformaci\u00f3n en Tamaulipas\u201d. <\/p>\n<p>El abanderado de Morena y PT agradeci\u00f3 a los presentes: \u201cS\u00e9, que aqu\u00ed est\u00e1n quienes defender\u00e1n el voto, quienes va a promover la participaci\u00f3n de la gente, gracias, no tengo palabras para agradecerles, lo que s\u00ed les aseguro es que trabajar\u00e9 duro por M\u00e9xico y Tamaulipas, ese es mi compromiso ante ustedes\u201d. <\/p>\n<p>JR dijo que trabajar\u00e1 de la mano con \u201cya saben qui\u00e9n\u201d y con el \u201cDoctor\u201d para seguir impulsando la 4T, \u201cno podemos perder esa chispa de la transformaci\u00f3n que inici\u00f3 nuestro Presidente, que movi\u00f3 a m\u00e1s de 30 millones de mexicanos que fueron a las urnas a decir que quer\u00edan un cambio, salgamos a votar, se los pido Nuevo Laredo\u201d, finaliz\u00f3 el morenista.<\/p>\n","protected":false},"excerpt":{"rendered":"<p>Estructuras electorales de Morena y PT defender\u00e1n el voto<\/p>\n","protected":false},"author":1,"featured_media":1689,"comment_status":"closed","ping_status":"closed","sticky":false,"template":"","format":"standard","meta":{"_crdt_document":"","_jetpack_memberships_contains_paid_content":false,"footnotes":"","jetpack_publicize_message":"","jetpack_publicize_feature_enabled":true,"jetpack_social_post_already_shared":true,"jetpack_social_options":{"image_generator_settings":{"template":"highway","default_image_id":0,"font":"","enabled":false},"version":2},"_wpas_customize_per_network":false},"categories":[4],"tags":[],"class_list":["post-1688","post","type-post","status-publish","format-standard","has-post-thumbnail","hentry","category-los-dos-laredos"],"magazineBlocksPostFeaturedMedia":{"thumbnail":"https:\/\/pornuestrolaredo.com\/wp-content\/uploads\/2023\/01\/PNL-20230122-5-150x150.jpg","medium":"https:\/\/pornuestrolaredo.com\/wp-content\/uploads\/2023\/01\/PNL-20230122-5-300x200.jpg","medium_large":"https:\/\/pornuestrolaredo.com\/wp-content\/uploads\/2023\/01\/PNL-20230122-5-768x512.jpg","large":"https:\/\/pornuestrolaredo.com\/wp-content\/uploads\/2023\/01\/PNL-20230122-5-1024x682.jpg","1536x1536":"https:\/\/pornuestrolaredo.com\/wp-content\/uploads\/2023\/01\/PNL-20230122-5.jpg","2048x2048":"https:\/\/pornuestrolaredo.com\/wp-content\/uploads\/2023\/01\/PNL-20230122-5.jpg","morenews-large":"https:\/\/pornuestrolaredo.com\/wp-content\/uploads\/2023\/01\/PNL-20230122-5.jpg","morenews-medium":"https:\/\/pornuestrolaredo.com\/wp-content\/uploads\/2023\/01\/PNL-20230122-5.jpg"},"magazineBlocksPostAuthor":{"name":"Redactor","avatar":"https:\/\/pornuestrolaredo.com\/wp-content\/litespeed\/avatar\/dca1d7ec750c399f025f23b0b314f4cf.jpg?ver=1777612120"},"magazineBlocksPostCommentsNumber":false,"magazineBlocksPostExcerpt":"Estructuras electorales de Morena y PT defender\u00e1n el voto","magazineBlocksPostCategories":["Los dos Laredos"],"magazineBlocksPostViewCount":121,"magazineBlocksPostReadTime":2,"magazine_blocks_featured_image_url":{"full":["https:\/\/pornuestrolaredo.com\/wp-content\/uploads\/2023\/01\/PNL-20230122-5.jpg",1280,853,false],"medium":["https:\/\/pornuestrolaredo.com\/wp-content\/uploads\/2023\/01\/PNL-20230122-5-300x200.jpg",300,200,true],"thumbnail":["https:\/\/pornuestrolaredo.com\/wp-content\/uploads\/2023\/01\/PNL-20230122-5-150x150.jpg",150,150,true]},"magazine_blocks_author":{"display_name":"Redactor","author_link":"https:\/\/pornuestrolaredo.com\/?author=1"},"magazine_blocks_comment":0,"magazine_blocks_author_image":"https:\/\/pornuestrolaredo.com\/wp-content\/litespeed\/avatar\/dca1d7ec750c399f025f23b0b314f4cf.jpg?ver=1777612120","magazine_blocks_category":"<a href=\"#\" class=\"category-link category-link-4\">Los dos Laredos<\/a>","jetpack_publicize_connections":[],"featured_image_urls":{"full":["https:\/\/pornuestrolaredo.com\/wp-content\/uploads\/2023\/01\/PNL-20230122-5.jpg",1280,853,false],"thumbnail":["https:\/\/pornuestrolaredo.com\/wp-content\/uploads\/2023\/01\/PNL-20230122-5-150x150.jpg",150,150,true],"medium":["https:\/\/pornuestrolaredo.com\/wp-content\/uploads\/2023\/01\/PNL-20230122-5-300x200.jpg",300,200,true],"medium_large":["https:\/\/pornuestrolaredo.com\/wp-content\/uploads\/2023\/01\/PNL-20230122-5-768x512.jpg",640,427,true],"large":["https:\/\/pornuestrolaredo.com\/wp-content\/uploads\/2023\/01\/PNL-20230122-5-1024x682.jpg",640,426,true],"1536x1536":["https:\/\/pornuestrolaredo.com\/wp-content\/uploads\/2023\/01\/PNL-20230122-5.jpg",1280,853,false],"2048x2048":["https:\/\/pornuestrolaredo.com\/wp-content\/uploads\/2023\/01\/PNL-20230122-5.jpg",1280,853,false],"morenews-large":["https:\/\/pornuestrolaredo.com\/wp-content\/uploads\/2023\/01\/PNL-20230122-5.jpg",825,550,false],"morenews-medium":["https:\/\/pornuestrolaredo.com\/wp-content\/uploads\/2023\/01\/PNL-20230122-5.jpg",590,393,false]},"author_info":{"info":["Redactor"]},"category_info":"<a href=\"https:\/\/pornuestrolaredo.com\/?cat=4\" rel=\"category\">Los dos Laredos<\/a>","tag_info":"Los dos Laredos","comment_count":"0","jetpack_featured_media_url":"https:\/\/pornuestrolaredo.com\/wp-content\/uploads\/2023\/01\/PNL-20230122-5.jpg","jetpack_sharing_enabled":true,"_links":{"self":[{"href":"https:\/\/pornuestrolaredo.com\/index.php?rest_route=\/wp\/v2\/posts\/1688","targetHints":{"allow":["GET"]}}],"collection":[{"href":"https:\/\/pornuestrolaredo.com\/index.php?rest_route=\/wp\/v2\/posts"}],"about":[{"href":"https:\/\/pornuestrolaredo.com\/index.php?rest_route=\/wp\/v2\/types\/post"}],"author":[{"embeddable":true,"href":"https:\/\/pornuestrolaredo.com\/index.php?rest_route=\/wp\/v2\/users\/1"}],"replies":[{"embeddable":true,"href":"https:\/\/pornuestrolaredo.com\/index.php?rest_route=%2Fwp%2Fv2%2Fcomments&post=1688"}],"version-history":[{"count":1,"href":"https:\/\/pornuestrolaredo.com\/index.php?rest_route=\/wp\/v2\/posts\/1688\/revisions"}],"predecessor-version":[{"id":1690,"href":"https:\/\/pornuestrolaredo.com\/index.php?rest_route=\/wp\/v2\/posts\/1688\/revisions\/1690"}],"wp:featuredmedia":[{"embeddable":true,"href":"https:\/\/pornuestrolaredo.com\/index.php?rest_route=\/wp\/v2\/media\/1689"}],"wp:attachment":[{"href":"https:\/\/pornuestrolaredo.com\/index.php?rest_route=%2Fwp%2Fv2%2Fmedia&parent=1688"}],"wp:term":[{"taxonomy":"category","embeddable":true,"href":"https:\/\/pornuestrolaredo.com\/index.php?rest_route=%2Fwp%2Fv2%2Fcategories&post=1688"},{"taxonomy":"post_tag","embeddable":true,"href":"https:\/\/pornuestrolaredo.com\/index.php?rest_route=%2Fwp%2Fv2%2Ftags&post=1688"}],"curies":[{"name":"wp","href":"https:\/\/api.w.org\/{rel}","templated":true}]}}