{"id":1700,"date":"2023-01-23T01:26:32","date_gmt":"2023-01-23T01:26:32","guid":{"rendered":"https:\/\/pornuestrolaredo.com\/?p=1700"},"modified":"2023-01-23T01:26:32","modified_gmt":"2023-01-23T01:26:32","slug":"cientos-dan-ultimo-adios-a-lisa-marie-presley","status":"publish","type":"post","link":"https:\/\/pornuestrolaredo.com\/?p=1700","title":{"rendered":"Cientos dan \u00faltimo adi\u00f3s a Lisa Marie Presley"},"content":{"rendered":"<p><strong><em>MEMPHIS, Tennessee.-<\/em><\/strong> Cientos de personas se reunieron en el jard\u00edn delantero de Graceland en una ma\u00f1ana gris y fr\u00eda de domingo en Memphis para llorar la muerte y recordar la vida de Lisa Marie Presley, que falleci\u00f3 a principios de este mes.<\/p>\n<p>Algunos dolientes sosten\u00edan flores mientras esperaban a que comenzara el servicio bajo los altos \u00e1rboles del c\u00e9sped de Graceland, la casa donde Lisa Marie vivi\u00f3 de ni\u00f1a con su padre, Elvis Presley. La mansi\u00f3n, propiedad de Lisa Marie Presley, se ha convertido en un museo y atracci\u00f3n tur\u00edstica que cientos de miles de fan\u00e1ticos visitan cada a\u00f1o para celebrar la vida y la m\u00fasica de Elvis, fallecido en 1977.<\/p>\n<p>La propiedad, en el sur de Memphis, era el domingo un lugar de tristeza y recuerdos sombr\u00edos. Presley, cantautora de 54 a\u00f1os dedicado al legado de su padre, muri\u00f3 el 12 de enero, horas despu\u00e9s de ser hospitalizada por una urgencia m\u00e9dica.<\/p>\n<p>El servicio comenz\u00f3 con el canto de \u201cAmazing Grace\u201d por Jason Clark &#038; The Tennessee Mass Choir.<\/p>\n<blockquote><p>Nos gustar\u00eda expresar nuestra m\u00e1s sincera gratitud por el amor, la compasi\u00f3n y el apoyo que han mostrado a nuestra familia durante este dif\u00edcil momento\u201d, dec\u00eda un mensaje de la familia Presley escrito en el programa del servicio. \u201cSiempre les estaremos agradecidos\u201d.<\/p><\/blockquote>\n<p>Entre los que se espera que hablen o canten durante el servicio estaban la madre de Lisa Marie Presley, la actriz Priscilla Presley; su hija, la actriz Riley Keough; Sarah Ferguson, la duquesa de York; y los cantantes Billy Corgan, Alanis Morissette y Axl Rose. <\/p>\n<p>Tras el funeral, los dolientes har\u00e1n una procesi\u00f3n por el Jard\u00edn de la Meditaci\u00f3n de Graceland, donde ser\u00e1 enterrada.<\/p>\n","protected":false},"excerpt":{"rendered":"<p>Van a verla al hogar donde Lisa Marie vivi\u00f3 de ni\u00f1a con su padre, Elvis Presley<\/p>\n","protected":false},"author":1,"featured_media":1701,"comment_status":"closed","ping_status":"closed","sticky":false,"template":"","format":"standard","meta":{"_crdt_document":"","_jetpack_memberships_contains_paid_content":false,"footnotes":"","jetpack_publicize_message":"","jetpack_publicize_feature_enabled":true,"jetpack_social_post_already_shared":true,"jetpack_social_options":{"image_generator_settings":{"template":"highway","default_image_id":0,"font":"","enabled":false},"version":2},"_wpas_customize_per_network":false},"categories":[34],"tags":[],"class_list":["post-1700","post","type-post","status-publish","format-standard","has-post-thumbnail","hentry","category-farandula"],"magazineBlocksPostFeaturedMedia":{"thumbnail":"https:\/\/pornuestrolaredo.com\/wp-content\/uploads\/2023\/01\/Stereo91-20230122-3-150x150.jpg","medium":"https:\/\/pornuestrolaredo.com\/wp-content\/uploads\/2023\/01\/Stereo91-20230122-3-300x200.jpg","medium_large":"https:\/\/pornuestrolaredo.com\/wp-content\/uploads\/2023\/01\/Stereo91-20230122-3-768x512.jpg","large":"https:\/\/pornuestrolaredo.com\/wp-content\/uploads\/2023\/01\/Stereo91-20230122-3.jpg","1536x1536":"https:\/\/pornuestrolaredo.com\/wp-content\/uploads\/2023\/01\/Stereo91-20230122-3.jpg","2048x2048":"https:\/\/pornuestrolaredo.com\/wp-content\/uploads\/2023\/01\/Stereo91-20230122-3.jpg","morenews-large":"https:\/\/pornuestrolaredo.com\/wp-content\/uploads\/2023\/01\/Stereo91-20230122-3.jpg","morenews-medium":"https:\/\/pornuestrolaredo.com\/wp-content\/uploads\/2023\/01\/Stereo91-20230122-3.jpg"},"magazineBlocksPostAuthor":{"name":"Redactor","avatar":"https:\/\/pornuestrolaredo.com\/wp-content\/litespeed\/avatar\/dca1d7ec750c399f025f23b0b314f4cf.jpg?ver=1777612120"},"magazineBlocksPostCommentsNumber":false,"magazineBlocksPostExcerpt":"Van a verla al hogar donde Lisa Marie vivi\u00f3 de ni\u00f1a con su padre, Elvis Presley","magazineBlocksPostCategories":["Far\u00e1ndula"],"magazineBlocksPostViewCount":137,"magazineBlocksPostReadTime":2,"magazine_blocks_featured_image_url":{"full":["https:\/\/pornuestrolaredo.com\/wp-content\/uploads\/2023\/01\/Stereo91-20230122-3.jpg",1000,667,false],"medium":["https:\/\/pornuestrolaredo.com\/wp-content\/uploads\/2023\/01\/Stereo91-20230122-3-300x200.jpg",300,200,true],"thumbnail":["https:\/\/pornuestrolaredo.com\/wp-content\/uploads\/2023\/01\/Stereo91-20230122-3-150x150.jpg",150,150,true]},"magazine_blocks_author":{"display_name":"Redactor","author_link":"https:\/\/pornuestrolaredo.com\/?author=1"},"magazine_blocks_comment":0,"magazine_blocks_author_image":"https:\/\/pornuestrolaredo.com\/wp-content\/litespeed\/avatar\/dca1d7ec750c399f025f23b0b314f4cf.jpg?ver=1777612120","magazine_blocks_category":"<a href=\"#\" class=\"category-link category-link-34\">Far\u00e1ndula<\/a>","jetpack_publicize_connections":[],"featured_image_urls":{"full":["https:\/\/pornuestrolaredo.com\/wp-content\/uploads\/2023\/01\/Stereo91-20230122-3.jpg",1000,667,false],"thumbnail":["https:\/\/pornuestrolaredo.com\/wp-content\/uploads\/2023\/01\/Stereo91-20230122-3-150x150.jpg",150,150,true],"medium":["https:\/\/pornuestrolaredo.com\/wp-content\/uploads\/2023\/01\/Stereo91-20230122-3-300x200.jpg",300,200,true],"medium_large":["https:\/\/pornuestrolaredo.com\/wp-content\/uploads\/2023\/01\/Stereo91-20230122-3-768x512.jpg",640,427,true],"large":["https:\/\/pornuestrolaredo.com\/wp-content\/uploads\/2023\/01\/Stereo91-20230122-3.jpg",640,427,false],"1536x1536":["https:\/\/pornuestrolaredo.com\/wp-content\/uploads\/2023\/01\/Stereo91-20230122-3.jpg",1000,667,false],"2048x2048":["https:\/\/pornuestrolaredo.com\/wp-content\/uploads\/2023\/01\/Stereo91-20230122-3.jpg",1000,667,false],"morenews-large":["https:\/\/pornuestrolaredo.com\/wp-content\/uploads\/2023\/01\/Stereo91-20230122-3.jpg",825,550,false],"morenews-medium":["https:\/\/pornuestrolaredo.com\/wp-content\/uploads\/2023\/01\/Stereo91-20230122-3.jpg",590,394,false]},"author_info":{"info":["Redactor"]},"category_info":"<a href=\"https:\/\/pornuestrolaredo.com\/?cat=34\" rel=\"category\">Far\u00e1ndula<\/a>","tag_info":"Far\u00e1ndula","comment_count":"0","jetpack_featured_media_url":"https:\/\/pornuestrolaredo.com\/wp-content\/uploads\/2023\/01\/Stereo91-20230122-3.jpg","jetpack_sharing_enabled":true,"_links":{"self":[{"href":"https:\/\/pornuestrolaredo.com\/index.php?rest_route=\/wp\/v2\/posts\/1700","targetHints":{"allow":["GET"]}}],"collection":[{"href":"https:\/\/pornuestrolaredo.com\/index.php?rest_route=\/wp\/v2\/posts"}],"about":[{"href":"https:\/\/pornuestrolaredo.com\/index.php?rest_route=\/wp\/v2\/types\/post"}],"author":[{"embeddable":true,"href":"https:\/\/pornuestrolaredo.com\/index.php?rest_route=\/wp\/v2\/users\/1"}],"replies":[{"embeddable":true,"href":"https:\/\/pornuestrolaredo.com\/index.php?rest_route=%2Fwp%2Fv2%2Fcomments&post=1700"}],"version-history":[{"count":1,"href":"https:\/\/pornuestrolaredo.com\/index.php?rest_route=\/wp\/v2\/posts\/1700\/revisions"}],"predecessor-version":[{"id":1702,"href":"https:\/\/pornuestrolaredo.com\/index.php?rest_route=\/wp\/v2\/posts\/1700\/revisions\/1702"}],"wp:featuredmedia":[{"embeddable":true,"href":"https:\/\/pornuestrolaredo.com\/index.php?rest_route=\/wp\/v2\/media\/1701"}],"wp:attachment":[{"href":"https:\/\/pornuestrolaredo.com\/index.php?rest_route=%2Fwp%2Fv2%2Fmedia&parent=1700"}],"wp:term":[{"taxonomy":"category","embeddable":true,"href":"https:\/\/pornuestrolaredo.com\/index.php?rest_route=%2Fwp%2Fv2%2Fcategories&post=1700"},{"taxonomy":"post_tag","embeddable":true,"href":"https:\/\/pornuestrolaredo.com\/index.php?rest_route=%2Fwp%2Fv2%2Ftags&post=1700"}],"curies":[{"name":"wp","href":"https:\/\/api.w.org\/{rel}","templated":true}]}}