{"id":1703,"date":"2023-01-23T01:34:58","date_gmt":"2023-01-23T01:34:58","guid":{"rendered":"https:\/\/pornuestrolaredo.com\/?p=1703"},"modified":"2023-01-23T01:34:58","modified_gmt":"2023-01-23T01:34:58","slug":"alec-baldwin-no-sera-acusado-de-dispararle-al-cineasta-joel-souza","status":"publish","type":"post","link":"https:\/\/pornuestrolaredo.com\/?p=1703","title":{"rendered":"Alec Baldwin no ser\u00e1 acusado de dispararle al cineasta Joel Souza"},"content":{"rendered":"<p><strong><em>LOS \u00c1NGELES.-<\/em><\/strong> El actor Alec Baldwin no ser\u00e1 acusado de dispararle al cineasta Joel Souza en el set de Rust, luego de darse a conocer que la Fiscal\u00eda de Nuevo M\u00e9xico presentar\u00e1 cargos en su contra por el homicidio involuntario de la directora de fotograf\u00eda, Halyna Hutchins.<\/p>\n<p>Este domingo trascendi\u00f3 que el actor de Hollywood no tendr\u00e1 m\u00e1s cargos en su contra por la bala que alcanz\u00f3 a lesionar al director de Rust durante el tiroteo registrado en el set.<\/p>\n<p>Seg\u00fan informaci\u00f3n de TMZ, la Oficina del Fiscal del Distrito de Santa Fe dijo que no hay delito qu\u00e9 perseguir en el incidente relacionado al director de la pel\u00edcula.<\/p>\n<p>Esta situaci\u00f3n se debe a que el actor, seg\u00fan el fiscal, no tuvo intenci\u00f3n de agredir al realizador, por ello, el caso de Baldwin &#8220;se debe solo a una imprudencia&#8221;.<\/p>\n<p>Mientras Baldwin participaba en las filmaciones de Rust, le dispar\u00f3 de manera accidental a Halyna Hutchins y al director Joel Souza en el set.<\/p>\n<p>El hecho se registr\u00f3 luego de que Alec Baldwin sac\u00f3 el arma de su funda y accidentalmente dispar\u00f3 una bala hacia Hutchins e hiri\u00f3 al cineasta en el hombro, report\u00f3 Daily Mail.<\/p>\n<p>El 19 de enero, la fiscal que lleva el caso Rust, Andrea Reeb, dio a conocer que Alec Baldwin y la armera Hannah Gutierrez-Reed enfrentar\u00e1n cargos penales por el presunto homicidio involuntario de Halyna Hutchins. <\/p>\n<p>Las acusaciones fueron calificadas por el abogado de Baldwin como un &#8220;terrible error judicial&#8221;. Ambos acusados anunciaron por separado que luchar\u00e1n legalmente contra los cargos que se les imputan.<\/p>\n","protected":false},"excerpt":{"rendered":"<p>Sin embargo, a\u00fan pesan el cargo de homicidio involuntario por la muerte de la directora de fotograf\u00eda, Halyna Hutchins<\/p>\n","protected":false},"author":1,"featured_media":0,"comment_status":"closed","ping_status":"closed","sticky":false,"template":"","format":"standard","meta":{"_crdt_document":"","_jetpack_memberships_contains_paid_content":false,"footnotes":"","jetpack_publicize_message":"","jetpack_publicize_feature_enabled":true,"jetpack_social_post_already_shared":true,"jetpack_social_options":{"image_generator_settings":{"template":"highway","default_image_id":0,"font":"","enabled":false},"version":2},"_wpas_customize_per_network":false},"categories":[9],"tags":[],"class_list":["post-1703","post","type-post","status-publish","format-standard","hentry","category-el-mundo"],"magazineBlocksPostFeaturedMedia":{"thumbnail":false,"medium":false,"medium_large":false,"large":false,"1536x1536":false,"2048x2048":false,"morenews-large":false,"morenews-medium":false},"magazineBlocksPostAuthor":{"name":"Redactor","avatar":"https:\/\/pornuestrolaredo.com\/wp-content\/litespeed\/avatar\/dca1d7ec750c399f025f23b0b314f4cf.jpg?ver=1777612120"},"magazineBlocksPostCommentsNumber":false,"magazineBlocksPostExcerpt":"Sin embargo, a\u00fan pesan el cargo de homicidio involuntario por la muerte de la directora de fotograf\u00eda, Halyna Hutchins","magazineBlocksPostCategories":["El Mundo"],"magazineBlocksPostViewCount":125,"magazineBlocksPostReadTime":2,"magazine_blocks_featured_image_url":{"full":false,"medium":false,"thumbnail":false},"magazine_blocks_author":{"display_name":"Redactor","author_link":"https:\/\/pornuestrolaredo.com\/?author=1"},"magazine_blocks_comment":0,"magazine_blocks_author_image":"https:\/\/pornuestrolaredo.com\/wp-content\/litespeed\/avatar\/dca1d7ec750c399f025f23b0b314f4cf.jpg?ver=1777612120","magazine_blocks_category":"<a href=\"#\" class=\"category-link category-link-9\">El Mundo<\/a>","jetpack_publicize_connections":[],"featured_image_urls":{"full":"","thumbnail":"","medium":"","medium_large":"","large":"","1536x1536":"","2048x2048":"","morenews-large":"","morenews-medium":""},"author_info":{"info":["Redactor"]},"category_info":"<a href=\"https:\/\/pornuestrolaredo.com\/?cat=9\" rel=\"category\">El Mundo<\/a>","tag_info":"El Mundo","comment_count":"0","jetpack_featured_media_url":"","jetpack_sharing_enabled":true,"_links":{"self":[{"href":"https:\/\/pornuestrolaredo.com\/index.php?rest_route=\/wp\/v2\/posts\/1703","targetHints":{"allow":["GET"]}}],"collection":[{"href":"https:\/\/pornuestrolaredo.com\/index.php?rest_route=\/wp\/v2\/posts"}],"about":[{"href":"https:\/\/pornuestrolaredo.com\/index.php?rest_route=\/wp\/v2\/types\/post"}],"author":[{"embeddable":true,"href":"https:\/\/pornuestrolaredo.com\/index.php?rest_route=\/wp\/v2\/users\/1"}],"replies":[{"embeddable":true,"href":"https:\/\/pornuestrolaredo.com\/index.php?rest_route=%2Fwp%2Fv2%2Fcomments&post=1703"}],"version-history":[{"count":1,"href":"https:\/\/pornuestrolaredo.com\/index.php?rest_route=\/wp\/v2\/posts\/1703\/revisions"}],"predecessor-version":[{"id":1704,"href":"https:\/\/pornuestrolaredo.com\/index.php?rest_route=\/wp\/v2\/posts\/1703\/revisions\/1704"}],"wp:attachment":[{"href":"https:\/\/pornuestrolaredo.com\/index.php?rest_route=%2Fwp%2Fv2%2Fmedia&parent=1703"}],"wp:term":[{"taxonomy":"category","embeddable":true,"href":"https:\/\/pornuestrolaredo.com\/index.php?rest_route=%2Fwp%2Fv2%2Fcategories&post=1703"},{"taxonomy":"post_tag","embeddable":true,"href":"https:\/\/pornuestrolaredo.com\/index.php?rest_route=%2Fwp%2Fv2%2Ftags&post=1703"}],"curies":[{"name":"wp","href":"https:\/\/api.w.org\/{rel}","templated":true}]}}