{"id":1709,"date":"2023-01-24T20:16:48","date_gmt":"2023-01-24T20:16:48","guid":{"rendered":"https:\/\/pornuestrolaredo.com\/?p=1709"},"modified":"2023-01-24T20:16:48","modified_gmt":"2023-01-24T20:16:48","slug":"pinocho-bardo-y-le-pupille-por-el-oscar","status":"publish","type":"post","link":"https:\/\/pornuestrolaredo.com\/?p=1709","title":{"rendered":"Pinocho, Bardo y Le Pupille, por el \u00d3scar"},"content":{"rendered":"<p><strong><em>LOS \u00c1NGELES.-<\/em><\/strong> El filme animado Pinocho de Guillermo del Toro buscar\u00e1 un premio \u00d3scar en la ceremonia n\u00famero 95 que celebra a lo mejor del cine.<\/p>\n<p>El trabajo del cineasta mexicano Guillermo del Toro fue tomado en cuenta por la Academia de Artes y Ciencias Cinematogr\u00e1ficas (AMPAS) en la categor\u00eda Mejor Pel\u00edcula Animada.<\/p>\n<p>Aunque el filme dirigido por Guillermo del Toro y Mark Gustafson ha obtenido nominaciones a Mejor Sonido, Mejor Canci\u00f3n y Mejor Banda Sonora y Mejor Guion Adaptado en premios como los BAFTA, Globos de Oro y Critics&#8217; Choice, en esta ocasi\u00f3n, no fue seleccionado para ir por el galard\u00f3n en estas ternas.<\/p>\n<p>Con esta menci\u00f3n, Guillermo del Toro contabiliza 6 nominaciones al \u00d3scar, en lo que va de su carrera f\u00edlmica.<\/p>\n<p>La pel\u00edcula, que tambi\u00e9n fue nominada a los Globos de Oro, se medir\u00e1 en esta categor\u00eda junto a filmes como: Marcel the Shell with Shoes On, El Gato con Botas: El \u00daltimo Deseo, The Sea Beast y Red.<\/p>\n<p>Pinocho de Guillermo del Toro, es una nueva adaptaci\u00f3n que se aleja del cl\u00e1sico de Disney en la que se explora la importancia de tomar las decisiones correctas y ser fieles a quienes somos.<\/p>\n<p>M\u00e1s proyectos con mexicanos en busca de la estatuilla<\/p>\n<p>Aunque Bardo, la cinta dirigida por Alejandro Gonz\u00e1lez I\u00f1\u00e1rritu, se qued\u00f3 con las ganas de ser nominada a Mejor Pel\u00edcula Internacional, se llev\u00f3 una de las categor\u00edas a Mejor Fotograf\u00eda por el trabajo de Darius Khondji.<\/p>\n<p>All Quiet on the Western Front, Elvis, Empire of Light y T\u00e1r son sus contendientes en la misma quiniela.<\/p>\n<p>Este cinemat\u00f3grafo iran\u00ed tiene trabajos en cintas como Diamantes en Bruto y Okja. En bardo se encarg\u00f3 del ambiente que acompa\u00f1\u00f3 a lo que I\u00f1\u00e1rritu defini\u00f3 como una cinta autobiogr\u00e1fica.<\/p>\n<p>Le Pupille, corto que cont\u00f3 con la producci\u00f3n del mexicano Alfonso Cuar\u00f3n, tambi\u00e9n cosech\u00f3 una nominaci\u00f3n a la categor\u00eda Mejor Cortometraje Live Action.<\/p>\n<p>El corto, que narra la historia de chicos de un internado cat\u00f3lico en v\u00edsperas de Navidad, fue dirigido por Alice Rohrwacher y competir\u00e1 contra An irish goodbye, Ivalu, Night ride y The red suitcase. <\/p>\n<p>La pr\u00f3xima ceremonia de la Academia de Artes y Ciencias Cinematogr\u00e1ficas se llevar\u00e1 a cabo el 12 de marzo bajo la conducci\u00f3n de Jimmy Kimmel, desde Los \u00c1ngeles.<\/p>\n","protected":false},"excerpt":{"rendered":"<p>Los mexicanos Guillermo del Toro, Alejandro Gonz\u00e1lez I\u00f1\u00e1rritu y Alfonso Cuar\u00f3n fueron nominados al m\u00e1ximop galard\u00f3n del cine<\/p>\n","protected":false},"author":1,"featured_media":1710,"comment_status":"closed","ping_status":"closed","sticky":false,"template":"","format":"standard","meta":{"_crdt_document":"","_jetpack_memberships_contains_paid_content":false,"footnotes":"","jetpack_publicize_message":"","jetpack_publicize_feature_enabled":true,"jetpack_social_post_already_shared":true,"jetpack_social_options":{"image_generator_settings":{"template":"highway","default_image_id":0,"font":"","enabled":false},"version":2},"_wpas_customize_per_network":false},"categories":[34],"tags":[],"class_list":["post-1709","post","type-post","status-publish","format-standard","has-post-thumbnail","hentry","category-farandula"],"magazineBlocksPostFeaturedMedia":{"thumbnail":"https:\/\/pornuestrolaredo.com\/wp-content\/uploads\/2023\/01\/107FM-20230124-1-150x150.jpeg","medium":"https:\/\/pornuestrolaredo.com\/wp-content\/uploads\/2023\/01\/107FM-20230124-1-300x200.jpeg","medium_large":"https:\/\/pornuestrolaredo.com\/wp-content\/uploads\/2023\/01\/107FM-20230124-1-768x512.jpeg","large":"https:\/\/pornuestrolaredo.com\/wp-content\/uploads\/2023\/01\/107FM-20230124-1.jpeg","1536x1536":"https:\/\/pornuestrolaredo.com\/wp-content\/uploads\/2023\/01\/107FM-20230124-1.jpeg","2048x2048":"https:\/\/pornuestrolaredo.com\/wp-content\/uploads\/2023\/01\/107FM-20230124-1.jpeg","morenews-large":"https:\/\/pornuestrolaredo.com\/wp-content\/uploads\/2023\/01\/107FM-20230124-1.jpeg","morenews-medium":"https:\/\/pornuestrolaredo.com\/wp-content\/uploads\/2023\/01\/107FM-20230124-1.jpeg"},"magazineBlocksPostAuthor":{"name":"Redactor","avatar":"https:\/\/pornuestrolaredo.com\/wp-content\/litespeed\/avatar\/dca1d7ec750c399f025f23b0b314f4cf.jpg?ver=1777612120"},"magazineBlocksPostCommentsNumber":false,"magazineBlocksPostExcerpt":"Los mexicanos Guillermo del Toro, Alejandro Gonz\u00e1lez I\u00f1\u00e1rritu y Alfonso Cuar\u00f3n fueron nominados al m\u00e1ximop galard\u00f3n del cine","magazineBlocksPostCategories":["Far\u00e1ndula"],"magazineBlocksPostViewCount":146,"magazineBlocksPostReadTime":3,"magazine_blocks_featured_image_url":{"full":["https:\/\/pornuestrolaredo.com\/wp-content\/uploads\/2023\/01\/107FM-20230124-1.jpeg",960,640,false],"medium":["https:\/\/pornuestrolaredo.com\/wp-content\/uploads\/2023\/01\/107FM-20230124-1-300x200.jpeg",300,200,true],"thumbnail":["https:\/\/pornuestrolaredo.com\/wp-content\/uploads\/2023\/01\/107FM-20230124-1-150x150.jpeg",150,150,true]},"magazine_blocks_author":{"display_name":"Redactor","author_link":"https:\/\/pornuestrolaredo.com\/?author=1"},"magazine_blocks_comment":0,"magazine_blocks_author_image":"https:\/\/pornuestrolaredo.com\/wp-content\/litespeed\/avatar\/dca1d7ec750c399f025f23b0b314f4cf.jpg?ver=1777612120","magazine_blocks_category":"<a href=\"#\" class=\"category-link category-link-34\">Far\u00e1ndula<\/a>","jetpack_publicize_connections":[],"featured_image_urls":{"full":["https:\/\/pornuestrolaredo.com\/wp-content\/uploads\/2023\/01\/107FM-20230124-1.jpeg",960,640,false],"thumbnail":["https:\/\/pornuestrolaredo.com\/wp-content\/uploads\/2023\/01\/107FM-20230124-1-150x150.jpeg",150,150,true],"medium":["https:\/\/pornuestrolaredo.com\/wp-content\/uploads\/2023\/01\/107FM-20230124-1-300x200.jpeg",300,200,true],"medium_large":["https:\/\/pornuestrolaredo.com\/wp-content\/uploads\/2023\/01\/107FM-20230124-1-768x512.jpeg",640,427,true],"large":["https:\/\/pornuestrolaredo.com\/wp-content\/uploads\/2023\/01\/107FM-20230124-1.jpeg",640,427,false],"1536x1536":["https:\/\/pornuestrolaredo.com\/wp-content\/uploads\/2023\/01\/107FM-20230124-1.jpeg",960,640,false],"2048x2048":["https:\/\/pornuestrolaredo.com\/wp-content\/uploads\/2023\/01\/107FM-20230124-1.jpeg",960,640,false],"morenews-large":["https:\/\/pornuestrolaredo.com\/wp-content\/uploads\/2023\/01\/107FM-20230124-1.jpeg",825,550,false],"morenews-medium":["https:\/\/pornuestrolaredo.com\/wp-content\/uploads\/2023\/01\/107FM-20230124-1.jpeg",590,393,false]},"author_info":{"info":["Redactor"]},"category_info":"<a href=\"https:\/\/pornuestrolaredo.com\/?cat=34\" rel=\"category\">Far\u00e1ndula<\/a>","tag_info":"Far\u00e1ndula","comment_count":"0","jetpack_featured_media_url":"https:\/\/pornuestrolaredo.com\/wp-content\/uploads\/2023\/01\/107FM-20230124-1.jpeg","jetpack_sharing_enabled":true,"_links":{"self":[{"href":"https:\/\/pornuestrolaredo.com\/index.php?rest_route=\/wp\/v2\/posts\/1709","targetHints":{"allow":["GET"]}}],"collection":[{"href":"https:\/\/pornuestrolaredo.com\/index.php?rest_route=\/wp\/v2\/posts"}],"about":[{"href":"https:\/\/pornuestrolaredo.com\/index.php?rest_route=\/wp\/v2\/types\/post"}],"author":[{"embeddable":true,"href":"https:\/\/pornuestrolaredo.com\/index.php?rest_route=\/wp\/v2\/users\/1"}],"replies":[{"embeddable":true,"href":"https:\/\/pornuestrolaredo.com\/index.php?rest_route=%2Fwp%2Fv2%2Fcomments&post=1709"}],"version-history":[{"count":1,"href":"https:\/\/pornuestrolaredo.com\/index.php?rest_route=\/wp\/v2\/posts\/1709\/revisions"}],"predecessor-version":[{"id":1711,"href":"https:\/\/pornuestrolaredo.com\/index.php?rest_route=\/wp\/v2\/posts\/1709\/revisions\/1711"}],"wp:featuredmedia":[{"embeddable":true,"href":"https:\/\/pornuestrolaredo.com\/index.php?rest_route=\/wp\/v2\/media\/1710"}],"wp:attachment":[{"href":"https:\/\/pornuestrolaredo.com\/index.php?rest_route=%2Fwp%2Fv2%2Fmedia&parent=1709"}],"wp:term":[{"taxonomy":"category","embeddable":true,"href":"https:\/\/pornuestrolaredo.com\/index.php?rest_route=%2Fwp%2Fv2%2Fcategories&post=1709"},{"taxonomy":"post_tag","embeddable":true,"href":"https:\/\/pornuestrolaredo.com\/index.php?rest_route=%2Fwp%2Fv2%2Ftags&post=1709"}],"curies":[{"name":"wp","href":"https:\/\/api.w.org\/{rel}","templated":true}]}}