{"id":1724,"date":"2023-01-25T04:40:36","date_gmt":"2023-01-25T04:40:36","guid":{"rendered":"https:\/\/pornuestrolaredo.com\/?p=1724"},"modified":"2023-01-25T04:40:36","modified_gmt":"2023-01-25T04:40:36","slug":"desechado-el-biofilme-de-madonna","status":"publish","type":"post","link":"https:\/\/pornuestrolaredo.com\/?p=1724","title":{"rendered":"Desechado el biofilme de Madonna"},"content":{"rendered":"<p><strong><em>LOS \u00c1NGELES.-<\/em><\/strong> El biofilme de Madonna, que la mism\u00edsima \u201cReina del Pop\u201d iba a dirigir, fue desechado por Universal.<\/p>\n<p>La esperada pel\u00edcula iba a ser protagonizada por Julia Garner (Ozark), quien se hizo con el codiciado papel luego de un intenso proceso de audici\u00f3n, en el que venci\u00f3 a int\u00e9rpretes como Alexa Demie (Euphoria) y Florence Pugh (Midsommar).<\/p>\n<p>El sitio Deadline, que confirm\u00f3 la noticia, asegur\u00f3 que no hab\u00edan trascendido las razones para ponerle luz roja al desarrollo de la cinta, coescrita por Madonna con Diablo Cody (Juno) y Erin Cressida Wilson (La Chica del Tren).<\/p>\n<p>Sin embargo, se interpreta que todo tiene que ver con que la prioridad actual de la int\u00e9rprete de &#8220;Music&#8221; es su reci\u00e9n anunciada gira, The Celebration Tour, que comenzar\u00e1 en julio y recorrer\u00e1 EU y Europa.<\/p>\n<p>Seg\u00fan reportes de Variety y The Hollywood Reporter, Madonna sigui\u00f3 de cerca y minuciosamente cada etapa del desarrollo de su pel\u00edcula.<\/p>\n<p>Incluso estuvo presente en una especie de retiro al que las aspirantes a encarnarla acudieron, que incluy\u00f3 sesiones de canto y baile. <\/p>\n<blockquote><p>Quiero transmitir el incre\u00edble viaje por el que me ha llevado la vida como artista, int\u00e9rprete de m\u00fasica, bailarina&#8230; un ser humano que intenta abrirse camino en este mundo. El centro de esta pel\u00edcula siempre ser\u00e1 la m\u00fasica. La m\u00fasica me ha hecho seguir adelante y el arte me ha mantenido viva&#8221;, dijo Madonna en un comunicado cuando anunci\u00f3 el filme.<\/p><\/blockquote>\n","protected":false},"excerpt":{"rendered":"<p>La \u2018Reina del Pop\u2019 y Universal deciden darle prioridad a la gira de la cantante por Estados Unidos y Europa<\/p>\n","protected":false},"author":1,"featured_media":1725,"comment_status":"closed","ping_status":"closed","sticky":false,"template":"","format":"standard","meta":{"_crdt_document":"","_jetpack_memberships_contains_paid_content":false,"footnotes":"","jetpack_publicize_message":"","jetpack_publicize_feature_enabled":true,"jetpack_social_post_already_shared":true,"jetpack_social_options":{"image_generator_settings":{"template":"highway","default_image_id":0,"font":"","enabled":false},"version":2},"_wpas_customize_per_network":false},"categories":[34],"tags":[],"class_list":["post-1724","post","type-post","status-publish","format-standard","has-post-thumbnail","hentry","category-farandula"],"magazineBlocksPostFeaturedMedia":{"thumbnail":"https:\/\/pornuestrolaredo.com\/wp-content\/uploads\/2023\/01\/107FM-20230124-3-150x150.jpeg","medium":"https:\/\/pornuestrolaredo.com\/wp-content\/uploads\/2023\/01\/107FM-20230124-3-300x172.jpeg","medium_large":"https:\/\/pornuestrolaredo.com\/wp-content\/uploads\/2023\/01\/107FM-20230124-3-768x439.jpeg","large":"https:\/\/pornuestrolaredo.com\/wp-content\/uploads\/2023\/01\/107FM-20230124-3.jpeg","1536x1536":"https:\/\/pornuestrolaredo.com\/wp-content\/uploads\/2023\/01\/107FM-20230124-3.jpeg","2048x2048":"https:\/\/pornuestrolaredo.com\/wp-content\/uploads\/2023\/01\/107FM-20230124-3.jpeg","morenews-large":"https:\/\/pornuestrolaredo.com\/wp-content\/uploads\/2023\/01\/107FM-20230124-3.jpeg","morenews-medium":"https:\/\/pornuestrolaredo.com\/wp-content\/uploads\/2023\/01\/107FM-20230124-3.jpeg"},"magazineBlocksPostAuthor":{"name":"Redactor","avatar":"https:\/\/pornuestrolaredo.com\/wp-content\/litespeed\/avatar\/dca1d7ec750c399f025f23b0b314f4cf.jpg?ver=1777612120"},"magazineBlocksPostCommentsNumber":false,"magazineBlocksPostExcerpt":"La \u2018Reina del Pop\u2019 y Universal deciden darle prioridad a la gira de la cantante por Estados Unidos y Europa","magazineBlocksPostCategories":["Far\u00e1ndula"],"magazineBlocksPostViewCount":134,"magazineBlocksPostReadTime":2,"magazine_blocks_featured_image_url":{"full":["https:\/\/pornuestrolaredo.com\/wp-content\/uploads\/2023\/01\/107FM-20230124-3.jpeg",960,549,false],"medium":["https:\/\/pornuestrolaredo.com\/wp-content\/uploads\/2023\/01\/107FM-20230124-3-300x172.jpeg",300,172,true],"thumbnail":["https:\/\/pornuestrolaredo.com\/wp-content\/uploads\/2023\/01\/107FM-20230124-3-150x150.jpeg",150,150,true]},"magazine_blocks_author":{"display_name":"Redactor","author_link":"https:\/\/pornuestrolaredo.com\/?author=1"},"magazine_blocks_comment":0,"magazine_blocks_author_image":"https:\/\/pornuestrolaredo.com\/wp-content\/litespeed\/avatar\/dca1d7ec750c399f025f23b0b314f4cf.jpg?ver=1777612120","magazine_blocks_category":"<a href=\"#\" class=\"category-link category-link-34\">Far\u00e1ndula<\/a>","jetpack_publicize_connections":[],"featured_image_urls":{"full":["https:\/\/pornuestrolaredo.com\/wp-content\/uploads\/2023\/01\/107FM-20230124-3.jpeg",960,549,false],"thumbnail":["https:\/\/pornuestrolaredo.com\/wp-content\/uploads\/2023\/01\/107FM-20230124-3-150x150.jpeg",150,150,true],"medium":["https:\/\/pornuestrolaredo.com\/wp-content\/uploads\/2023\/01\/107FM-20230124-3-300x172.jpeg",300,172,true],"medium_large":["https:\/\/pornuestrolaredo.com\/wp-content\/uploads\/2023\/01\/107FM-20230124-3-768x439.jpeg",640,366,true],"large":["https:\/\/pornuestrolaredo.com\/wp-content\/uploads\/2023\/01\/107FM-20230124-3.jpeg",640,366,false],"1536x1536":["https:\/\/pornuestrolaredo.com\/wp-content\/uploads\/2023\/01\/107FM-20230124-3.jpeg",960,549,false],"2048x2048":["https:\/\/pornuestrolaredo.com\/wp-content\/uploads\/2023\/01\/107FM-20230124-3.jpeg",960,549,false],"morenews-large":["https:\/\/pornuestrolaredo.com\/wp-content\/uploads\/2023\/01\/107FM-20230124-3.jpeg",825,472,false],"morenews-medium":["https:\/\/pornuestrolaredo.com\/wp-content\/uploads\/2023\/01\/107FM-20230124-3.jpeg",590,337,false]},"author_info":{"info":["Redactor"]},"category_info":"<a href=\"https:\/\/pornuestrolaredo.com\/?cat=34\" rel=\"category\">Far\u00e1ndula<\/a>","tag_info":"Far\u00e1ndula","comment_count":"0","jetpack_featured_media_url":"https:\/\/pornuestrolaredo.com\/wp-content\/uploads\/2023\/01\/107FM-20230124-3.jpeg","jetpack_sharing_enabled":true,"_links":{"self":[{"href":"https:\/\/pornuestrolaredo.com\/index.php?rest_route=\/wp\/v2\/posts\/1724","targetHints":{"allow":["GET"]}}],"collection":[{"href":"https:\/\/pornuestrolaredo.com\/index.php?rest_route=\/wp\/v2\/posts"}],"about":[{"href":"https:\/\/pornuestrolaredo.com\/index.php?rest_route=\/wp\/v2\/types\/post"}],"author":[{"embeddable":true,"href":"https:\/\/pornuestrolaredo.com\/index.php?rest_route=\/wp\/v2\/users\/1"}],"replies":[{"embeddable":true,"href":"https:\/\/pornuestrolaredo.com\/index.php?rest_route=%2Fwp%2Fv2%2Fcomments&post=1724"}],"version-history":[{"count":1,"href":"https:\/\/pornuestrolaredo.com\/index.php?rest_route=\/wp\/v2\/posts\/1724\/revisions"}],"predecessor-version":[{"id":1726,"href":"https:\/\/pornuestrolaredo.com\/index.php?rest_route=\/wp\/v2\/posts\/1724\/revisions\/1726"}],"wp:featuredmedia":[{"embeddable":true,"href":"https:\/\/pornuestrolaredo.com\/index.php?rest_route=\/wp\/v2\/media\/1725"}],"wp:attachment":[{"href":"https:\/\/pornuestrolaredo.com\/index.php?rest_route=%2Fwp%2Fv2%2Fmedia&parent=1724"}],"wp:term":[{"taxonomy":"category","embeddable":true,"href":"https:\/\/pornuestrolaredo.com\/index.php?rest_route=%2Fwp%2Fv2%2Fcategories&post=1724"},{"taxonomy":"post_tag","embeddable":true,"href":"https:\/\/pornuestrolaredo.com\/index.php?rest_route=%2Fwp%2Fv2%2Ftags&post=1724"}],"curies":[{"name":"wp","href":"https:\/\/api.w.org\/{rel}","templated":true}]}}