{"id":1727,"date":"2023-01-25T04:57:34","date_gmt":"2023-01-25T04:57:34","guid":{"rendered":"https:\/\/pornuestrolaredo.com\/?p=1727"},"modified":"2023-01-25T04:57:52","modified_gmt":"2023-01-25T04:57:52","slug":"1727","status":"publish","type":"post","link":"https:\/\/pornuestrolaredo.com\/?p=1727","title":{"rendered":"Exigen constructores castigo a incumplidos"},"content":{"rendered":"<p><strong>CIUDAD VICTORIA.-<\/strong> Durante su encuentro con constructores capitalinos, el candidato de la coalici\u00f3n \u201cJuntos Hacemos Historia en Tamaulipas\u201d Jos\u00e9 Ram\u00f3n G\u00f3mez Leal,\u201cJR\u201d, recibi\u00f3 la propuesta de, \u201cdise\u00f1ar mecanismos o promover leyes que castiguen a empresarios incumplidos en obras\u201d. <\/p>\n<p>Y es que, uno de los constructores, asociado a la CMIC local, explic\u00f3 al candidato de Morena-PT al Senado, \u201crequerimos que las empresas que participan en las licitaciones aseguren las obras y no queden inconclusas cuando hay un cambio de gobierno, lo vemos con algunas obras como la carretera Monterrey-Tampico, los puentes de Mainero y Altamira, est\u00e1n inconclusos y habr\u00e1 que ver cual es la raz\u00f3n\u201d. <\/p>\n<p>El candidato de la coalici\u00f3n \u201cJuntos Hacemos Historia en Tamaulipas\u201d, se reuni\u00f3 con el organismo empresarial de Victoria, conformado por la C\u00e1mara Mexicana de la Industria de la Construcci\u00f3n (CMIC) y la Confederaci\u00f3n Patronal de la Rep\u00fablica Mexicana (COPARMEX), donde, detall\u00f3, \u201ces un tema en todo M\u00e9xico, el propio presidente lo ha se\u00f1alado, lamentablemente pasa\u2026el tema ah\u00ed es que hay demandas, el gobierno frena la obra y el constructor se ampara y hace que no sea r\u00e1pido, por eso debemos legislar para que no se dejen obras inconclusas\u201d. <\/p>\n<p>En la reuni\u00f3n, celebrada este martes en las instalaciones de la CMIC Victoria, la Iniciativa Privada, plante\u00f3 al abanderado de Morena-PT, legislar desde la C\u00e1mara Alta, planes o programas que garanticen el desarrollo de la regi\u00f3n centro de Tamaulipas, \u201cporque lamentablemente dependemos econ\u00f3micamente de los presupuestos de gobierno, falta industria, m\u00e1s inversiones extranjeras que permitan crecer como sociedad\u201d, refiri\u00f3 uno de los socios de Coparmex. <\/p>\n<p>JR, se llev\u00f3 los planteamientos y propuestas legislativas del sector empresarial, donde piden \u201cm\u00e1s recursos federales para los municipios e impulsar el comercio exterior\u201d. <\/p>\n<blockquote><p>Tengan la seguridad que regresar\u00e9 como Senador y podremos dise\u00f1ar entre todos una agenda legislativa, la cual por cierto, ya estoy preparando desde ahora\u201d, enfatiz\u00f3 el morenista.<\/p><\/blockquote>\n","protected":false},"excerpt":{"rendered":"<p>Se re\u00fanen con Jos\u00e9 Ram\u00f3n G\u00f3mez Leal, candidato a senador por la coalici\u00f3n \u2018Juntos Hacemos Historia en Tamaulipas\u2019 para escuchar sus propuestas<\/p>\n","protected":false},"author":1,"featured_media":1728,"comment_status":"closed","ping_status":"closed","sticky":false,"template":"","format":"standard","meta":{"_crdt_document":"","_jetpack_memberships_contains_paid_content":false,"footnotes":"","jetpack_publicize_message":"","jetpack_publicize_feature_enabled":true,"jetpack_social_post_already_shared":true,"jetpack_social_options":{"image_generator_settings":{"template":"highway","default_image_id":0,"font":"","enabled":false},"version":2},"_wpas_customize_per_network":false},"categories":[11],"tags":[],"class_list":["post-1727","post","type-post","status-publish","format-standard","has-post-thumbnail","hentry","category-tamaulipas"],"magazineBlocksPostFeaturedMedia":{"thumbnail":"https:\/\/pornuestrolaredo.com\/wp-content\/uploads\/2023\/01\/PNL-20230124-4-150x150.jpg","medium":"https:\/\/pornuestrolaredo.com\/wp-content\/uploads\/2023\/01\/PNL-20230124-4-300x160.jpg","medium_large":"https:\/\/pornuestrolaredo.com\/wp-content\/uploads\/2023\/01\/PNL-20230124-4-768x409.jpg","large":"https:\/\/pornuestrolaredo.com\/wp-content\/uploads\/2023\/01\/PNL-20230124-4.jpg","1536x1536":"https:\/\/pornuestrolaredo.com\/wp-content\/uploads\/2023\/01\/PNL-20230124-4.jpg","2048x2048":"https:\/\/pornuestrolaredo.com\/wp-content\/uploads\/2023\/01\/PNL-20230124-4.jpg","morenews-large":"https:\/\/pornuestrolaredo.com\/wp-content\/uploads\/2023\/01\/PNL-20230124-4.jpg","morenews-medium":"https:\/\/pornuestrolaredo.com\/wp-content\/uploads\/2023\/01\/PNL-20230124-4.jpg"},"magazineBlocksPostAuthor":{"name":"Redactor","avatar":"https:\/\/pornuestrolaredo.com\/wp-content\/litespeed\/avatar\/dca1d7ec750c399f025f23b0b314f4cf.jpg?ver=1777612120"},"magazineBlocksPostCommentsNumber":false,"magazineBlocksPostExcerpt":"Se re\u00fanen con Jos\u00e9 Ram\u00f3n G\u00f3mez Leal, candidato a senador por la coalici\u00f3n \u2018Juntos Hacemos Historia en Tamaulipas\u2019 para escuchar sus propuestas","magazineBlocksPostCategories":["Tamaulipas"],"magazineBlocksPostViewCount":127,"magazineBlocksPostReadTime":2,"magazine_blocks_featured_image_url":{"full":["https:\/\/pornuestrolaredo.com\/wp-content\/uploads\/2023\/01\/PNL-20230124-4.jpg",850,453,false],"medium":["https:\/\/pornuestrolaredo.com\/wp-content\/uploads\/2023\/01\/PNL-20230124-4-300x160.jpg",300,160,true],"thumbnail":["https:\/\/pornuestrolaredo.com\/wp-content\/uploads\/2023\/01\/PNL-20230124-4-150x150.jpg",150,150,true]},"magazine_blocks_author":{"display_name":"Redactor","author_link":"https:\/\/pornuestrolaredo.com\/?author=1"},"magazine_blocks_comment":0,"magazine_blocks_author_image":"https:\/\/pornuestrolaredo.com\/wp-content\/litespeed\/avatar\/dca1d7ec750c399f025f23b0b314f4cf.jpg?ver=1777612120","magazine_blocks_category":"<a href=\"#\" class=\"category-link category-link-11\">Tamaulipas<\/a>","jetpack_publicize_connections":[],"featured_image_urls":{"full":["https:\/\/pornuestrolaredo.com\/wp-content\/uploads\/2023\/01\/PNL-20230124-4.jpg",850,453,false],"thumbnail":["https:\/\/pornuestrolaredo.com\/wp-content\/uploads\/2023\/01\/PNL-20230124-4-150x150.jpg",150,150,true],"medium":["https:\/\/pornuestrolaredo.com\/wp-content\/uploads\/2023\/01\/PNL-20230124-4-300x160.jpg",300,160,true],"medium_large":["https:\/\/pornuestrolaredo.com\/wp-content\/uploads\/2023\/01\/PNL-20230124-4-768x409.jpg",640,341,true],"large":["https:\/\/pornuestrolaredo.com\/wp-content\/uploads\/2023\/01\/PNL-20230124-4.jpg",640,341,false],"1536x1536":["https:\/\/pornuestrolaredo.com\/wp-content\/uploads\/2023\/01\/PNL-20230124-4.jpg",850,453,false],"2048x2048":["https:\/\/pornuestrolaredo.com\/wp-content\/uploads\/2023\/01\/PNL-20230124-4.jpg",850,453,false],"morenews-large":["https:\/\/pornuestrolaredo.com\/wp-content\/uploads\/2023\/01\/PNL-20230124-4.jpg",825,440,false],"morenews-medium":["https:\/\/pornuestrolaredo.com\/wp-content\/uploads\/2023\/01\/PNL-20230124-4.jpg",590,314,false]},"author_info":{"info":["Redactor"]},"category_info":"<a href=\"https:\/\/pornuestrolaredo.com\/?cat=11\" rel=\"category\">Tamaulipas<\/a>","tag_info":"Tamaulipas","comment_count":"0","jetpack_featured_media_url":"https:\/\/pornuestrolaredo.com\/wp-content\/uploads\/2023\/01\/PNL-20230124-4.jpg","jetpack_sharing_enabled":true,"_links":{"self":[{"href":"https:\/\/pornuestrolaredo.com\/index.php?rest_route=\/wp\/v2\/posts\/1727","targetHints":{"allow":["GET"]}}],"collection":[{"href":"https:\/\/pornuestrolaredo.com\/index.php?rest_route=\/wp\/v2\/posts"}],"about":[{"href":"https:\/\/pornuestrolaredo.com\/index.php?rest_route=\/wp\/v2\/types\/post"}],"author":[{"embeddable":true,"href":"https:\/\/pornuestrolaredo.com\/index.php?rest_route=\/wp\/v2\/users\/1"}],"replies":[{"embeddable":true,"href":"https:\/\/pornuestrolaredo.com\/index.php?rest_route=%2Fwp%2Fv2%2Fcomments&post=1727"}],"version-history":[{"count":2,"href":"https:\/\/pornuestrolaredo.com\/index.php?rest_route=\/wp\/v2\/posts\/1727\/revisions"}],"predecessor-version":[{"id":1730,"href":"https:\/\/pornuestrolaredo.com\/index.php?rest_route=\/wp\/v2\/posts\/1727\/revisions\/1730"}],"wp:featuredmedia":[{"embeddable":true,"href":"https:\/\/pornuestrolaredo.com\/index.php?rest_route=\/wp\/v2\/media\/1728"}],"wp:attachment":[{"href":"https:\/\/pornuestrolaredo.com\/index.php?rest_route=%2Fwp%2Fv2%2Fmedia&parent=1727"}],"wp:term":[{"taxonomy":"category","embeddable":true,"href":"https:\/\/pornuestrolaredo.com\/index.php?rest_route=%2Fwp%2Fv2%2Fcategories&post=1727"},{"taxonomy":"post_tag","embeddable":true,"href":"https:\/\/pornuestrolaredo.com\/index.php?rest_route=%2Fwp%2Fv2%2Ftags&post=1727"}],"curies":[{"name":"wp","href":"https:\/\/api.w.org\/{rel}","templated":true}]}}