{"id":1743,"date":"2023-01-26T06:15:49","date_gmt":"2023-01-26T06:15:49","guid":{"rendered":"https:\/\/pornuestrolaredo.com\/?p=1743"},"modified":"2023-01-26T06:15:49","modified_gmt":"2023-01-26T06:15:49","slug":"ataca-en-iglesias-espanolas-armado-de-machete","status":"publish","type":"post","link":"https:\/\/pornuestrolaredo.com\/?p=1743","title":{"rendered":"Ataca en iglesias espa\u00f1olas armado de machete"},"content":{"rendered":"<p><strong><em>BARCELONA.-<\/em> <\/strong>Un hombre con un machete mat\u00f3 a un sacrist\u00e1n y lesion\u00f3 a un sacerdote en ataques perpetrados en dos iglesias cat\u00f3licas de la ciudad de Algeciras antes de ser arrestado, inform\u00f3 el Ministerio del Interior espa\u00f1ol, un incidente que las autoridades est\u00e1n investigando como un posible acto de terrorismo.<\/p>\n<p>El sospechoso se encuentra bajo custodia de la Polic\u00eda Nacional espa\u00f1ola. El Ministerio no proporcion\u00f3 su identidad.<\/p>\n<p>Algeciras est\u00e1 cerca del extremo sur de Espa\u00f1a, separado de Gibraltar por una bah\u00eda. Tiene un importante puerto con conexiones de ferry con el norte de \u00c1frica.<\/p>\n<p>El ataque comenz\u00f3 alrededor de las 7:00 de la noche, cuando el hombre armado entr\u00f3 en la iglesia de Mar\u00eda Auxiliadora y San Isidro y atac\u00f3 al sacerdote, que result\u00f3 gravemente herido, indic\u00f3 el Ministerio. La prensa local report\u00f3 que est\u00e1 siendo atendido en un hospital.<\/p>\n<p>El agresor despu\u00e9s fue a una segunda iglesia, Nuestra Se\u00f1ora de La Palma, en donde atac\u00f3 al sacrist\u00e1n. El sacrist\u00e1n, cuyo trabajo es cuidar de la iglesia, huy\u00f3 a una plaza p\u00fablica donde el agresor le asest\u00f3 heridas morales, seg\u00fan el Ministerio.<\/p>\n<p>El Ayuntamiento de Algeciras identific\u00f3 al fallecido como Diego Valencia y dijo que el sacerdote herido era Antonio Rodr\u00edguez, que estaba hospitalizado y en condici\u00f3n estable.<\/p>\n<p>La prensa local report\u00f3 que al menos tres personas m\u00e1s resultaron lesionadas.<\/p>\n<p>La Audiencia Nacional de Espa\u00f1a dijo que un juez abri\u00f3 una investigaci\u00f3n por posible acto de terrorismo. Las autoridades no ofrecieron detalles sobre el posible motivo del ataque.<\/p>\n<p>El presidente del gobierno espa\u00f1ol, Pedro S\u00e1nchez, se sum\u00f3 a las expresiones de condolencias. \u201cQuiero trasladar mis m\u00e1s sinceras condolencias a los familiares del sacrist\u00e1n fallecido en el terrible ataque de Algeciras. Deseo una pronta recuperaci\u00f3n a los heridos\u201d, tuite\u00f3.<\/p>\n<p>El secretario general de la Conferencia Episcopal Espa\u00f1ola, Francisco Garc\u00eda, tuite\u00f3: \u201cCon dolor he recibido la noticia de los acontecimientos en Algeciras\u201d.<\/p>\n<blockquote><p>En estos momentos tristes de sufrimiento, nos unimos al dolor de la familia de las v\u00edctimas y de la di\u00f3cesis gaditana\u201d, escribi\u00f3. <\/p><\/blockquote>\n<p>El Ayuntamiento de Algeciras declar\u00f3 un d\u00eda de luto y anunci\u00f3 que las banderas ondear\u00edan a media asta.<\/p>\n","protected":false},"excerpt":{"rendered":"<p>El hombre, ya detenido, mat\u00f3 a un sacrist\u00e1n y lesion\u00f3 a un sacerdote en ataques perpetrados en dos iglesias cat\u00f3licas de la ciudad de Algeciras<\/p>\n","protected":false},"author":1,"featured_media":1744,"comment_status":"closed","ping_status":"closed","sticky":false,"template":"","format":"standard","meta":{"_crdt_document":"","_jetpack_memberships_contains_paid_content":false,"footnotes":"","jetpack_publicize_message":"","jetpack_publicize_feature_enabled":true,"jetpack_social_post_already_shared":true,"jetpack_social_options":{"image_generator_settings":{"template":"highway","default_image_id":0,"font":"","enabled":false},"version":2},"_wpas_customize_per_network":false},"categories":[9],"tags":[],"class_list":["post-1743","post","type-post","status-publish","format-standard","has-post-thumbnail","hentry","category-el-mundo"],"magazineBlocksPostFeaturedMedia":{"thumbnail":"https:\/\/pornuestrolaredo.com\/wp-content\/uploads\/2023\/01\/Stereo91-20230125-3-150x150.jpg","medium":"https:\/\/pornuestrolaredo.com\/wp-content\/uploads\/2023\/01\/Stereo91-20230125-3-300x161.jpg","medium_large":"https:\/\/pornuestrolaredo.com\/wp-content\/uploads\/2023\/01\/Stereo91-20230125-3-768x412.jpg","large":"https:\/\/pornuestrolaredo.com\/wp-content\/uploads\/2023\/01\/Stereo91-20230125-3.jpg","1536x1536":"https:\/\/pornuestrolaredo.com\/wp-content\/uploads\/2023\/01\/Stereo91-20230125-3.jpg","2048x2048":"https:\/\/pornuestrolaredo.com\/wp-content\/uploads\/2023\/01\/Stereo91-20230125-3.jpg","morenews-large":"https:\/\/pornuestrolaredo.com\/wp-content\/uploads\/2023\/01\/Stereo91-20230125-3.jpg","morenews-medium":"https:\/\/pornuestrolaredo.com\/wp-content\/uploads\/2023\/01\/Stereo91-20230125-3.jpg"},"magazineBlocksPostAuthor":{"name":"Redactor","avatar":"https:\/\/pornuestrolaredo.com\/wp-content\/litespeed\/avatar\/dca1d7ec750c399f025f23b0b314f4cf.jpg?ver=1777612120"},"magazineBlocksPostCommentsNumber":false,"magazineBlocksPostExcerpt":"El hombre, ya detenido, mat\u00f3 a un sacrist\u00e1n y lesion\u00f3 a un sacerdote en ataques perpetrados en dos iglesias cat\u00f3licas de la ciudad de Algeciras","magazineBlocksPostCategories":["El Mundo"],"magazineBlocksPostViewCount":125,"magazineBlocksPostReadTime":2,"magazine_blocks_featured_image_url":{"full":["https:\/\/pornuestrolaredo.com\/wp-content\/uploads\/2023\/01\/Stereo91-20230125-3.jpg",1000,536,false],"medium":["https:\/\/pornuestrolaredo.com\/wp-content\/uploads\/2023\/01\/Stereo91-20230125-3-300x161.jpg",300,161,true],"thumbnail":["https:\/\/pornuestrolaredo.com\/wp-content\/uploads\/2023\/01\/Stereo91-20230125-3-150x150.jpg",150,150,true]},"magazine_blocks_author":{"display_name":"Redactor","author_link":"https:\/\/pornuestrolaredo.com\/?author=1"},"magazine_blocks_comment":0,"magazine_blocks_author_image":"https:\/\/pornuestrolaredo.com\/wp-content\/litespeed\/avatar\/dca1d7ec750c399f025f23b0b314f4cf.jpg?ver=1777612120","magazine_blocks_category":"<a href=\"#\" class=\"category-link category-link-9\">El Mundo<\/a>","jetpack_publicize_connections":[],"featured_image_urls":{"full":["https:\/\/pornuestrolaredo.com\/wp-content\/uploads\/2023\/01\/Stereo91-20230125-3.jpg",1000,536,false],"thumbnail":["https:\/\/pornuestrolaredo.com\/wp-content\/uploads\/2023\/01\/Stereo91-20230125-3-150x150.jpg",150,150,true],"medium":["https:\/\/pornuestrolaredo.com\/wp-content\/uploads\/2023\/01\/Stereo91-20230125-3-300x161.jpg",300,161,true],"medium_large":["https:\/\/pornuestrolaredo.com\/wp-content\/uploads\/2023\/01\/Stereo91-20230125-3-768x412.jpg",640,343,true],"large":["https:\/\/pornuestrolaredo.com\/wp-content\/uploads\/2023\/01\/Stereo91-20230125-3.jpg",640,343,false],"1536x1536":["https:\/\/pornuestrolaredo.com\/wp-content\/uploads\/2023\/01\/Stereo91-20230125-3.jpg",1000,536,false],"2048x2048":["https:\/\/pornuestrolaredo.com\/wp-content\/uploads\/2023\/01\/Stereo91-20230125-3.jpg",1000,536,false],"morenews-large":["https:\/\/pornuestrolaredo.com\/wp-content\/uploads\/2023\/01\/Stereo91-20230125-3.jpg",825,442,false],"morenews-medium":["https:\/\/pornuestrolaredo.com\/wp-content\/uploads\/2023\/01\/Stereo91-20230125-3.jpg",590,316,false]},"author_info":{"info":["Redactor"]},"category_info":"<a href=\"https:\/\/pornuestrolaredo.com\/?cat=9\" rel=\"category\">El Mundo<\/a>","tag_info":"El Mundo","comment_count":"0","jetpack_featured_media_url":"https:\/\/pornuestrolaredo.com\/wp-content\/uploads\/2023\/01\/Stereo91-20230125-3.jpg","jetpack_sharing_enabled":true,"_links":{"self":[{"href":"https:\/\/pornuestrolaredo.com\/index.php?rest_route=\/wp\/v2\/posts\/1743","targetHints":{"allow":["GET"]}}],"collection":[{"href":"https:\/\/pornuestrolaredo.com\/index.php?rest_route=\/wp\/v2\/posts"}],"about":[{"href":"https:\/\/pornuestrolaredo.com\/index.php?rest_route=\/wp\/v2\/types\/post"}],"author":[{"embeddable":true,"href":"https:\/\/pornuestrolaredo.com\/index.php?rest_route=\/wp\/v2\/users\/1"}],"replies":[{"embeddable":true,"href":"https:\/\/pornuestrolaredo.com\/index.php?rest_route=%2Fwp%2Fv2%2Fcomments&post=1743"}],"version-history":[{"count":1,"href":"https:\/\/pornuestrolaredo.com\/index.php?rest_route=\/wp\/v2\/posts\/1743\/revisions"}],"predecessor-version":[{"id":1745,"href":"https:\/\/pornuestrolaredo.com\/index.php?rest_route=\/wp\/v2\/posts\/1743\/revisions\/1745"}],"wp:featuredmedia":[{"embeddable":true,"href":"https:\/\/pornuestrolaredo.com\/index.php?rest_route=\/wp\/v2\/media\/1744"}],"wp:attachment":[{"href":"https:\/\/pornuestrolaredo.com\/index.php?rest_route=%2Fwp%2Fv2%2Fmedia&parent=1743"}],"wp:term":[{"taxonomy":"category","embeddable":true,"href":"https:\/\/pornuestrolaredo.com\/index.php?rest_route=%2Fwp%2Fv2%2Fcategories&post=1743"},{"taxonomy":"post_tag","embeddable":true,"href":"https:\/\/pornuestrolaredo.com\/index.php?rest_route=%2Fwp%2Fv2%2Ftags&post=1743"}],"curies":[{"name":"wp","href":"https:\/\/api.w.org\/{rel}","templated":true}]}}