{"id":1772,"date":"2023-01-31T03:42:57","date_gmt":"2023-01-31T03:42:57","guid":{"rendered":"https:\/\/pornuestrolaredo.com\/?p=1772"},"modified":"2023-01-31T03:42:57","modified_gmt":"2023-01-31T03:42:57","slug":"escucharan-a-ciudadanos-para-remodelar-el-viveros","status":"publish","type":"post","link":"https:\/\/pornuestrolaredo.com\/?p=1772","title":{"rendered":"Escuchar\u00e1n a ciudadanos para remodelar el Viveros"},"content":{"rendered":"<p><strong><em>NUEVO LAREDO.-<\/em> <\/strong>El Plan de Obra Municipal 2023 tiene el objetivo de consolidar la transformaci\u00f3n de Nuevo Laredo y para lograrlo es necesario realizar cambios en la infraestructura tradicional de la ciudad como lo ser\u00e1 la completa remodelaci\u00f3n del Parque Viveros.<\/p>\n<p>El proyecto contempla renovar la fachada del parque, sin embargo, la alcaldesa afirm\u00f3 que se tomar\u00e1n en cuenta todas las voces ciudadanas y de expertos para que el dise\u00f1o adem\u00e1s de ser est\u00e9tico sea funcional con todas las adecuaciones que se le har\u00e1n al recinto.<\/p>\n<p>La alcaldesa Carmen Lilia Canturosas Villarreal indic\u00f3 que el cambio en la fachada del Parque Viveros es un tema que tambi\u00e9n se consider\u00f3 con la Direcci\u00f3n de Protecci\u00f3n Civil y se concluy\u00f3 que la remodelaci\u00f3n es la opci\u00f3n m\u00e1s viable para la seguridad ciudadana.<\/p>\n<blockquote><p>La ciudad ya creci\u00f3 y tienen que haber cambios, estamos buscando lo mejor para los neolaredenses y por ello les daremos un lugar digno a las familias para que tengan espacios de calidad y disfruten de ellos\u201d, se\u00f1al\u00f3.<\/p><\/blockquote>\n<p>Indic\u00f3 que las adecuaciones en el Parque Viveros se tomar\u00e1n con precauci\u00f3n para atender las necesidades de la ciudadan\u00eda y saber que es lo que quieren en pro de su bienestar.<\/p>\n<blockquote><p>Somos un gobierno que escucha y atiende a la poblaci\u00f3n, sabemos que hay personas muy interesadas en este tema y les preocupan los cambios; en ese sentido les pedimos que cuiden los espacios, queremos cambiar el \u00e1rea a beneficio de los ciudadanos pero tambi\u00e9n queremos ese apoyo porque otras personas vandalizan las \u00e1reas y no permiten embellecer nuestras \u00e1reas recreativas\u201d, manifest\u00f3.<\/p><\/blockquote>\n<p>Destac\u00f3 que en el interior del centro recreativo se cambiar\u00e1 el acceso al acuario, se plantar\u00e1n bamb\u00faes en los andadores principales, el \u00e1rea del patinadero ser\u00e1 un chapoteadero y se instalar\u00e1n juegos inclusivos para la integraci\u00f3n y diversi\u00f3n de todos.<\/p>\n<p>La remodelaci\u00f3n del Parque Viveros tambi\u00e9n contempla cambios y ampliaciones en el Zool\u00f3gico, obras que brindar\u00e1n un impacto positivo en los animales que habitan el recinto y que ofrecer\u00e1n nuevas y grandes experiencias a los visitantes. <\/p>\n<p>En el \u00e1rea del Serengueti se edificar\u00e1n ba\u00f1os y contar\u00e1 con un h\u00e1bitat nuevo para el mono tit\u00ed y pavorreales, adem\u00e1s de una zona para locales comerciales.<\/p>\n","protected":false},"excerpt":{"rendered":"<p>La reconstrucci\u00f3n del parque incluye su reforestaci\u00f3n, crear nuevas \u00e1reas, agregar juegos inclusivos y mejorar el zool\u00f3gico<\/p>\n","protected":false},"author":1,"featured_media":1773,"comment_status":"closed","ping_status":"closed","sticky":false,"template":"","format":"standard","meta":{"_crdt_document":"","_jetpack_memberships_contains_paid_content":false,"footnotes":"","jetpack_publicize_message":"","jetpack_publicize_feature_enabled":true,"jetpack_social_post_already_shared":true,"jetpack_social_options":{"image_generator_settings":{"template":"highway","default_image_id":0,"font":"","enabled":false},"version":2},"_wpas_customize_per_network":false},"categories":[4],"tags":[],"class_list":["post-1772","post","type-post","status-publish","format-standard","has-post-thumbnail","hentry","category-los-dos-laredos"],"magazineBlocksPostFeaturedMedia":{"thumbnail":"https:\/\/pornuestrolaredo.com\/wp-content\/uploads\/2023\/01\/Parque-150x150.jpg","medium":"https:\/\/pornuestrolaredo.com\/wp-content\/uploads\/2023\/01\/Parque-300x169.jpg","medium_large":"https:\/\/pornuestrolaredo.com\/wp-content\/uploads\/2023\/01\/Parque-768x432.jpg","large":"https:\/\/pornuestrolaredo.com\/wp-content\/uploads\/2023\/01\/Parque-1024x576.jpg","1536x1536":"https:\/\/pornuestrolaredo.com\/wp-content\/uploads\/2023\/01\/Parque.jpg","2048x2048":"https:\/\/pornuestrolaredo.com\/wp-content\/uploads\/2023\/01\/Parque.jpg","morenews-large":"https:\/\/pornuestrolaredo.com\/wp-content\/uploads\/2023\/01\/Parque.jpg","morenews-medium":"https:\/\/pornuestrolaredo.com\/wp-content\/uploads\/2023\/01\/Parque.jpg"},"magazineBlocksPostAuthor":{"name":"Redactor","avatar":"https:\/\/pornuestrolaredo.com\/wp-content\/litespeed\/avatar\/dca1d7ec750c399f025f23b0b314f4cf.jpg?ver=1777612120"},"magazineBlocksPostCommentsNumber":false,"magazineBlocksPostExcerpt":"La reconstrucci\u00f3n del parque incluye su reforestaci\u00f3n, crear nuevas \u00e1reas, agregar juegos inclusivos y mejorar el zool\u00f3gico","magazineBlocksPostCategories":["Los dos Laredos"],"magazineBlocksPostViewCount":139,"magazineBlocksPostReadTime":2,"magazine_blocks_featured_image_url":{"full":["https:\/\/pornuestrolaredo.com\/wp-content\/uploads\/2023\/01\/Parque.jpg",1280,720,false],"medium":["https:\/\/pornuestrolaredo.com\/wp-content\/uploads\/2023\/01\/Parque-300x169.jpg",300,169,true],"thumbnail":["https:\/\/pornuestrolaredo.com\/wp-content\/uploads\/2023\/01\/Parque-150x150.jpg",150,150,true]},"magazine_blocks_author":{"display_name":"Redactor","author_link":"https:\/\/pornuestrolaredo.com\/?author=1"},"magazine_blocks_comment":0,"magazine_blocks_author_image":"https:\/\/pornuestrolaredo.com\/wp-content\/litespeed\/avatar\/dca1d7ec750c399f025f23b0b314f4cf.jpg?ver=1777612120","magazine_blocks_category":"<a href=\"#\" class=\"category-link category-link-4\">Los dos Laredos<\/a>","jetpack_publicize_connections":[],"featured_image_urls":{"full":["https:\/\/pornuestrolaredo.com\/wp-content\/uploads\/2023\/01\/Parque.jpg",1280,720,false],"thumbnail":["https:\/\/pornuestrolaredo.com\/wp-content\/uploads\/2023\/01\/Parque-150x150.jpg",150,150,true],"medium":["https:\/\/pornuestrolaredo.com\/wp-content\/uploads\/2023\/01\/Parque-300x169.jpg",300,169,true],"medium_large":["https:\/\/pornuestrolaredo.com\/wp-content\/uploads\/2023\/01\/Parque-768x432.jpg",640,360,true],"large":["https:\/\/pornuestrolaredo.com\/wp-content\/uploads\/2023\/01\/Parque-1024x576.jpg",640,360,true],"1536x1536":["https:\/\/pornuestrolaredo.com\/wp-content\/uploads\/2023\/01\/Parque.jpg",1280,720,false],"2048x2048":["https:\/\/pornuestrolaredo.com\/wp-content\/uploads\/2023\/01\/Parque.jpg",1280,720,false],"morenews-large":["https:\/\/pornuestrolaredo.com\/wp-content\/uploads\/2023\/01\/Parque.jpg",825,464,false],"morenews-medium":["https:\/\/pornuestrolaredo.com\/wp-content\/uploads\/2023\/01\/Parque.jpg",590,332,false]},"author_info":{"info":["Redactor"]},"category_info":"<a href=\"https:\/\/pornuestrolaredo.com\/?cat=4\" rel=\"category\">Los dos Laredos<\/a>","tag_info":"Los dos Laredos","comment_count":"0","jetpack_featured_media_url":"https:\/\/pornuestrolaredo.com\/wp-content\/uploads\/2023\/01\/Parque.jpg","jetpack_sharing_enabled":true,"_links":{"self":[{"href":"https:\/\/pornuestrolaredo.com\/index.php?rest_route=\/wp\/v2\/posts\/1772","targetHints":{"allow":["GET"]}}],"collection":[{"href":"https:\/\/pornuestrolaredo.com\/index.php?rest_route=\/wp\/v2\/posts"}],"about":[{"href":"https:\/\/pornuestrolaredo.com\/index.php?rest_route=\/wp\/v2\/types\/post"}],"author":[{"embeddable":true,"href":"https:\/\/pornuestrolaredo.com\/index.php?rest_route=\/wp\/v2\/users\/1"}],"replies":[{"embeddable":true,"href":"https:\/\/pornuestrolaredo.com\/index.php?rest_route=%2Fwp%2Fv2%2Fcomments&post=1772"}],"version-history":[{"count":1,"href":"https:\/\/pornuestrolaredo.com\/index.php?rest_route=\/wp\/v2\/posts\/1772\/revisions"}],"predecessor-version":[{"id":1774,"href":"https:\/\/pornuestrolaredo.com\/index.php?rest_route=\/wp\/v2\/posts\/1772\/revisions\/1774"}],"wp:featuredmedia":[{"embeddable":true,"href":"https:\/\/pornuestrolaredo.com\/index.php?rest_route=\/wp\/v2\/media\/1773"}],"wp:attachment":[{"href":"https:\/\/pornuestrolaredo.com\/index.php?rest_route=%2Fwp%2Fv2%2Fmedia&parent=1772"}],"wp:term":[{"taxonomy":"category","embeddable":true,"href":"https:\/\/pornuestrolaredo.com\/index.php?rest_route=%2Fwp%2Fv2%2Fcategories&post=1772"},{"taxonomy":"post_tag","embeddable":true,"href":"https:\/\/pornuestrolaredo.com\/index.php?rest_route=%2Fwp%2Fv2%2Ftags&post=1772"}],"curies":[{"name":"wp","href":"https:\/\/api.w.org\/{rel}","templated":true}]}}