{"id":1775,"date":"2023-01-31T03:46:57","date_gmt":"2023-01-31T03:46:57","guid":{"rendered":"https:\/\/pornuestrolaredo.com\/?p=1775"},"modified":"2023-01-31T03:46:57","modified_gmt":"2023-01-31T03:46:57","slug":"hara-sobrino-papel-de-michael-jackson","status":"publish","type":"post","link":"https:\/\/pornuestrolaredo.com\/?p=1775","title":{"rendered":"Har\u00e1 sobrino papel de Michael Jackson"},"content":{"rendered":"<p><strong><em>LOS \u00c1NGELES.-<\/em> <\/strong>La pr\u00f3xima pel\u00edcula biogr\u00e1fica de Michael Jackson, que ser\u00e1 dirigida por Antoine Fuqua, ya consigui\u00f3 a su protagonista: se trata del sobrino de 26 a\u00f1os del Rey del Pop, Jaafar Jackson.<\/p>\n<p>El cineasta public\u00f3 una imagen en su cuenta de Instagram para dar el anuncio de que Jaafar estelarizar\u00e1 el proyecto, que simplemente se titula Michael. El joven es hijo del miembro de Jackson 5, Jermaine Jackson, y es cantautor por derecho propio.<\/p>\n<p>La cinta, que trazar\u00e1 el ascenso y ca\u00edda de uno de los artistas m\u00e1s exitosos en la historia de la m\u00fasica, cuenta con un guion a cargo de John Logan. Ser\u00e1 producida por Graham King, de Bohemian Rhapsody, junto con John Branca y John McClain, los encargados del patrimonio de Michael Jackson.<\/p>\n<p>Seg\u00fan fuentes internas, reveladas por The Hollywood Reporter, el filme abordar\u00e1 directamente las acusaciones de pedofilia que surgieron antes y despu\u00e9s de la muerte del cantante, en 2009.<\/p>\n<p>Al igual que Bohemian Rhapsody cont\u00f3 una versi\u00f3n muy espec\u00edfica de la vida de Freddie Mercury, es casi seguro que esta nueva pel\u00edcula biogr\u00e1fica har\u00e1 lo mismo con Jackson. Eso significa que los fan\u00e1ticos podr\u00e1n escuchar gran parte del cat\u00e1logo de canciones del Rey del Pop mezclado con un recuento dramatizado de muchos momentos cruciales de su carrera.<\/p>\n<p>Al anunciar el proyecto, Fuqua habl\u00f3 sobre lo emocionado que estaba de traer la historia de Jackson al cine y, como gran admirador del trabajo del cantante, era una oportunidad irresistible que no pod\u00eda rechazar.<\/p>\n<blockquote><p>Las primeras pel\u00edculas de mi carrera fueron videos musicales, y todav\u00eda siento que combinar cine y m\u00fasica es una parte profunda de lo que soy. Para m\u00ed, no hay ning\u00fan artista con el poder, el carisma y el puro genio musical de Michael Jackson, reconoci\u00f3. <\/p><\/blockquote>\n<blockquote><p>Fui influenciado para hacer videos musicales al ver su trabajo: el primer artista negro en tocar en MTV. Su m\u00fasica y esas im\u00e1genes son parte de mi visi\u00f3n del mundo, y la oportunidad de contar su historia en la pantalla junto con su m\u00fasica fue irresistible&#8221;, confes\u00f3.<\/p><\/blockquote>\n","protected":false},"excerpt":{"rendered":"<p>La pel\u00edcula biogr\u00e1fica ser\u00e1 dirigida por Antoine Fuqua y su protagonista es Jaafar Jackson<\/p>\n","protected":false},"author":1,"featured_media":1776,"comment_status":"closed","ping_status":"closed","sticky":false,"template":"","format":"standard","meta":{"_crdt_document":"","_jetpack_memberships_contains_paid_content":false,"footnotes":"","jetpack_publicize_message":"","jetpack_publicize_feature_enabled":true,"jetpack_social_post_already_shared":true,"jetpack_social_options":{"image_generator_settings":{"template":"highway","default_image_id":0,"font":"","enabled":false},"version":2},"_wpas_customize_per_network":false},"categories":[34],"tags":[],"class_list":["post-1775","post","type-post","status-publish","format-standard","has-post-thumbnail","hentry","category-farandula"],"magazineBlocksPostFeaturedMedia":{"thumbnail":"https:\/\/pornuestrolaredo.com\/wp-content\/uploads\/2023\/01\/Michael-150x150.jpg","medium":"https:\/\/pornuestrolaredo.com\/wp-content\/uploads\/2023\/01\/Michael-300x200.jpg","medium_large":"https:\/\/pornuestrolaredo.com\/wp-content\/uploads\/2023\/01\/Michael-768x512.jpg","large":"https:\/\/pornuestrolaredo.com\/wp-content\/uploads\/2023\/01\/Michael.jpg","1536x1536":"https:\/\/pornuestrolaredo.com\/wp-content\/uploads\/2023\/01\/Michael.jpg","2048x2048":"https:\/\/pornuestrolaredo.com\/wp-content\/uploads\/2023\/01\/Michael.jpg","morenews-large":"https:\/\/pornuestrolaredo.com\/wp-content\/uploads\/2023\/01\/Michael.jpg","morenews-medium":"https:\/\/pornuestrolaredo.com\/wp-content\/uploads\/2023\/01\/Michael.jpg"},"magazineBlocksPostAuthor":{"name":"Redactor","avatar":"https:\/\/pornuestrolaredo.com\/wp-content\/litespeed\/avatar\/dca1d7ec750c399f025f23b0b314f4cf.jpg?ver=1777612120"},"magazineBlocksPostCommentsNumber":false,"magazineBlocksPostExcerpt":"La pel\u00edcula biogr\u00e1fica ser\u00e1 dirigida por Antoine Fuqua y su protagonista es Jaafar Jackson","magazineBlocksPostCategories":["Far\u00e1ndula"],"magazineBlocksPostViewCount":154,"magazineBlocksPostReadTime":2,"magazine_blocks_featured_image_url":{"full":["https:\/\/pornuestrolaredo.com\/wp-content\/uploads\/2023\/01\/Michael.jpg",960,640,false],"medium":["https:\/\/pornuestrolaredo.com\/wp-content\/uploads\/2023\/01\/Michael-300x200.jpg",300,200,true],"thumbnail":["https:\/\/pornuestrolaredo.com\/wp-content\/uploads\/2023\/01\/Michael-150x150.jpg",150,150,true]},"magazine_blocks_author":{"display_name":"Redactor","author_link":"https:\/\/pornuestrolaredo.com\/?author=1"},"magazine_blocks_comment":0,"magazine_blocks_author_image":"https:\/\/pornuestrolaredo.com\/wp-content\/litespeed\/avatar\/dca1d7ec750c399f025f23b0b314f4cf.jpg?ver=1777612120","magazine_blocks_category":"<a href=\"#\" class=\"category-link category-link-34\">Far\u00e1ndula<\/a>","jetpack_publicize_connections":[],"featured_image_urls":{"full":["https:\/\/pornuestrolaredo.com\/wp-content\/uploads\/2023\/01\/Michael.jpg",960,640,false],"thumbnail":["https:\/\/pornuestrolaredo.com\/wp-content\/uploads\/2023\/01\/Michael-150x150.jpg",150,150,true],"medium":["https:\/\/pornuestrolaredo.com\/wp-content\/uploads\/2023\/01\/Michael-300x200.jpg",300,200,true],"medium_large":["https:\/\/pornuestrolaredo.com\/wp-content\/uploads\/2023\/01\/Michael-768x512.jpg",640,427,true],"large":["https:\/\/pornuestrolaredo.com\/wp-content\/uploads\/2023\/01\/Michael.jpg",640,427,false],"1536x1536":["https:\/\/pornuestrolaredo.com\/wp-content\/uploads\/2023\/01\/Michael.jpg",960,640,false],"2048x2048":["https:\/\/pornuestrolaredo.com\/wp-content\/uploads\/2023\/01\/Michael.jpg",960,640,false],"morenews-large":["https:\/\/pornuestrolaredo.com\/wp-content\/uploads\/2023\/01\/Michael.jpg",825,550,false],"morenews-medium":["https:\/\/pornuestrolaredo.com\/wp-content\/uploads\/2023\/01\/Michael.jpg",590,393,false]},"author_info":{"info":["Redactor"]},"category_info":"<a href=\"https:\/\/pornuestrolaredo.com\/?cat=34\" rel=\"category\">Far\u00e1ndula<\/a>","tag_info":"Far\u00e1ndula","comment_count":"0","jetpack_featured_media_url":"https:\/\/pornuestrolaredo.com\/wp-content\/uploads\/2023\/01\/Michael.jpg","jetpack_sharing_enabled":true,"_links":{"self":[{"href":"https:\/\/pornuestrolaredo.com\/index.php?rest_route=\/wp\/v2\/posts\/1775","targetHints":{"allow":["GET"]}}],"collection":[{"href":"https:\/\/pornuestrolaredo.com\/index.php?rest_route=\/wp\/v2\/posts"}],"about":[{"href":"https:\/\/pornuestrolaredo.com\/index.php?rest_route=\/wp\/v2\/types\/post"}],"author":[{"embeddable":true,"href":"https:\/\/pornuestrolaredo.com\/index.php?rest_route=\/wp\/v2\/users\/1"}],"replies":[{"embeddable":true,"href":"https:\/\/pornuestrolaredo.com\/index.php?rest_route=%2Fwp%2Fv2%2Fcomments&post=1775"}],"version-history":[{"count":2,"href":"https:\/\/pornuestrolaredo.com\/index.php?rest_route=\/wp\/v2\/posts\/1775\/revisions"}],"predecessor-version":[{"id":1778,"href":"https:\/\/pornuestrolaredo.com\/index.php?rest_route=\/wp\/v2\/posts\/1775\/revisions\/1778"}],"wp:featuredmedia":[{"embeddable":true,"href":"https:\/\/pornuestrolaredo.com\/index.php?rest_route=\/wp\/v2\/media\/1776"}],"wp:attachment":[{"href":"https:\/\/pornuestrolaredo.com\/index.php?rest_route=%2Fwp%2Fv2%2Fmedia&parent=1775"}],"wp:term":[{"taxonomy":"category","embeddable":true,"href":"https:\/\/pornuestrolaredo.com\/index.php?rest_route=%2Fwp%2Fv2%2Fcategories&post=1775"},{"taxonomy":"post_tag","embeddable":true,"href":"https:\/\/pornuestrolaredo.com\/index.php?rest_route=%2Fwp%2Fv2%2Ftags&post=1775"}],"curies":[{"name":"wp","href":"https:\/\/api.w.org\/{rel}","templated":true}]}}