{"id":1779,"date":"2023-02-01T06:02:54","date_gmt":"2023-02-01T06:02:54","guid":{"rendered":"https:\/\/pornuestrolaredo.com\/?p=1779"},"modified":"2023-02-01T06:03:28","modified_gmt":"2023-02-01T06:03:28","slug":"1779","status":"publish","type":"post","link":"https:\/\/pornuestrolaredo.com\/?p=1779","title":{"rendered":"Tiene Laredo nuevo Regente Municipal"},"content":{"rendered":"<p><strong>LAREDO, TEXAS.-<\/strong> Joseph Neeb fue escogido la noche de este martes como Regente Municipal de Laredo, Texas, luego de una larga sesi\u00f3n del Cabildo que rebas\u00f3 las 2 horas y media.<\/p>\n<p>Neeb, al igual que Rick David y Jane Shang, los otros dos aspirantes, fueron sometidos a entrevistas para conocer de su propia voz las razones por las que deber\u00edan ser Regente Municipal.<\/p>\n<p>Las entrevistas se realizaron por la ma\u00f1ana del martes y fueron dirigidas y escuchadas por el Mayor V\u00edctor Trevi\u00f1o y los ocho regidores. Luego de escucharlos, por la tarde del martes, el Cabildo se reuni\u00f3 para darle a conocer a Neeb que hab\u00eda sido escogido.<\/p>\n<p>A\u00fan falta negociar un contrato formal con Neeb, su pago y el d\u00eda en que comience sus funciones.<\/p>\n<p>El Cabildo inform\u00f3 que Neeb tiene 25 a\u00f1os en puestos similares en Morristown, Fortville y Dyer, en Indiana, Spearfish, Dakota del Sur y Roswell, Nuevo M\u00e9xico. <\/p>\n<p>Neeb es egresado de la licenciatura en Administraci\u00f3n de Empresas y obtuvo una maestr\u00eda en Administraci\u00f3n de Empresas.<\/p>\n","protected":false},"excerpt":{"rendered":"<p>Joseph Neeb fue escogido la noche de este martes luego de una larga reuni\u00f3n del Cabildo<\/p>\n","protected":false},"author":1,"featured_media":1780,"comment_status":"closed","ping_status":"closed","sticky":false,"template":"","format":"standard","meta":{"_crdt_document":"","_jetpack_memberships_contains_paid_content":false,"footnotes":"","jetpack_publicize_message":"","jetpack_publicize_feature_enabled":true,"jetpack_social_post_already_shared":true,"jetpack_social_options":{"image_generator_settings":{"template":"highway","default_image_id":0,"font":"","enabled":false},"version":2},"_wpas_customize_per_network":false},"categories":[4],"tags":[],"class_list":["post-1779","post","type-post","status-publish","format-standard","has-post-thumbnail","hentry","category-los-dos-laredos"],"magazineBlocksPostFeaturedMedia":{"thumbnail":"https:\/\/pornuestrolaredo.com\/wp-content\/uploads\/2023\/02\/Stereo91-20230131-1-150x150.jpg","medium":"https:\/\/pornuestrolaredo.com\/wp-content\/uploads\/2023\/02\/Stereo91-20230131-1-300x158.jpg","medium_large":"https:\/\/pornuestrolaredo.com\/wp-content\/uploads\/2023\/02\/Stereo91-20230131-1-768x403.jpg","large":"https:\/\/pornuestrolaredo.com\/wp-content\/uploads\/2023\/02\/Stereo91-20230131-1-1024x538.jpg","1536x1536":"https:\/\/pornuestrolaredo.com\/wp-content\/uploads\/2023\/02\/Stereo91-20230131-1.jpg","2048x2048":"https:\/\/pornuestrolaredo.com\/wp-content\/uploads\/2023\/02\/Stereo91-20230131-1.jpg","morenews-large":"https:\/\/pornuestrolaredo.com\/wp-content\/uploads\/2023\/02\/Stereo91-20230131-1.jpg","morenews-medium":"https:\/\/pornuestrolaredo.com\/wp-content\/uploads\/2023\/02\/Stereo91-20230131-1.jpg"},"magazineBlocksPostAuthor":{"name":"Redactor","avatar":"https:\/\/pornuestrolaredo.com\/wp-content\/litespeed\/avatar\/dca1d7ec750c399f025f23b0b314f4cf.jpg?ver=1777612120"},"magazineBlocksPostCommentsNumber":false,"magazineBlocksPostExcerpt":"Joseph Neeb fue escogido la noche de este martes luego de una larga reuni\u00f3n del Cabildo","magazineBlocksPostCategories":["Los dos Laredos"],"magazineBlocksPostViewCount":146,"magazineBlocksPostReadTime":1,"magazine_blocks_featured_image_url":{"full":["https:\/\/pornuestrolaredo.com\/wp-content\/uploads\/2023\/02\/Stereo91-20230131-1.jpg",1200,630,false],"medium":["https:\/\/pornuestrolaredo.com\/wp-content\/uploads\/2023\/02\/Stereo91-20230131-1-300x158.jpg",300,158,true],"thumbnail":["https:\/\/pornuestrolaredo.com\/wp-content\/uploads\/2023\/02\/Stereo91-20230131-1-150x150.jpg",150,150,true]},"magazine_blocks_author":{"display_name":"Redactor","author_link":"https:\/\/pornuestrolaredo.com\/?author=1"},"magazine_blocks_comment":0,"magazine_blocks_author_image":"https:\/\/pornuestrolaredo.com\/wp-content\/litespeed\/avatar\/dca1d7ec750c399f025f23b0b314f4cf.jpg?ver=1777612120","magazine_blocks_category":"<a href=\"#\" class=\"category-link category-link-4\">Los dos Laredos<\/a>","jetpack_publicize_connections":[],"featured_image_urls":{"full":["https:\/\/pornuestrolaredo.com\/wp-content\/uploads\/2023\/02\/Stereo91-20230131-1.jpg",1200,630,false],"thumbnail":["https:\/\/pornuestrolaredo.com\/wp-content\/uploads\/2023\/02\/Stereo91-20230131-1-150x150.jpg",150,150,true],"medium":["https:\/\/pornuestrolaredo.com\/wp-content\/uploads\/2023\/02\/Stereo91-20230131-1-300x158.jpg",300,158,true],"medium_large":["https:\/\/pornuestrolaredo.com\/wp-content\/uploads\/2023\/02\/Stereo91-20230131-1-768x403.jpg",640,336,true],"large":["https:\/\/pornuestrolaredo.com\/wp-content\/uploads\/2023\/02\/Stereo91-20230131-1-1024x538.jpg",640,336,true],"1536x1536":["https:\/\/pornuestrolaredo.com\/wp-content\/uploads\/2023\/02\/Stereo91-20230131-1.jpg",1200,630,false],"2048x2048":["https:\/\/pornuestrolaredo.com\/wp-content\/uploads\/2023\/02\/Stereo91-20230131-1.jpg",1200,630,false],"morenews-large":["https:\/\/pornuestrolaredo.com\/wp-content\/uploads\/2023\/02\/Stereo91-20230131-1.jpg",825,433,false],"morenews-medium":["https:\/\/pornuestrolaredo.com\/wp-content\/uploads\/2023\/02\/Stereo91-20230131-1.jpg",590,310,false]},"author_info":{"info":["Redactor"]},"category_info":"<a href=\"https:\/\/pornuestrolaredo.com\/?cat=4\" rel=\"category\">Los dos Laredos<\/a>","tag_info":"Los dos Laredos","comment_count":"0","jetpack_featured_media_url":"https:\/\/pornuestrolaredo.com\/wp-content\/uploads\/2023\/02\/Stereo91-20230131-1.jpg","jetpack_sharing_enabled":true,"_links":{"self":[{"href":"https:\/\/pornuestrolaredo.com\/index.php?rest_route=\/wp\/v2\/posts\/1779","targetHints":{"allow":["GET"]}}],"collection":[{"href":"https:\/\/pornuestrolaredo.com\/index.php?rest_route=\/wp\/v2\/posts"}],"about":[{"href":"https:\/\/pornuestrolaredo.com\/index.php?rest_route=\/wp\/v2\/types\/post"}],"author":[{"embeddable":true,"href":"https:\/\/pornuestrolaredo.com\/index.php?rest_route=\/wp\/v2\/users\/1"}],"replies":[{"embeddable":true,"href":"https:\/\/pornuestrolaredo.com\/index.php?rest_route=%2Fwp%2Fv2%2Fcomments&post=1779"}],"version-history":[{"count":2,"href":"https:\/\/pornuestrolaredo.com\/index.php?rest_route=\/wp\/v2\/posts\/1779\/revisions"}],"predecessor-version":[{"id":1782,"href":"https:\/\/pornuestrolaredo.com\/index.php?rest_route=\/wp\/v2\/posts\/1779\/revisions\/1782"}],"wp:featuredmedia":[{"embeddable":true,"href":"https:\/\/pornuestrolaredo.com\/index.php?rest_route=\/wp\/v2\/media\/1780"}],"wp:attachment":[{"href":"https:\/\/pornuestrolaredo.com\/index.php?rest_route=%2Fwp%2Fv2%2Fmedia&parent=1779"}],"wp:term":[{"taxonomy":"category","embeddable":true,"href":"https:\/\/pornuestrolaredo.com\/index.php?rest_route=%2Fwp%2Fv2%2Fcategories&post=1779"},{"taxonomy":"post_tag","embeddable":true,"href":"https:\/\/pornuestrolaredo.com\/index.php?rest_route=%2Fwp%2Fv2%2Ftags&post=1779"}],"curies":[{"name":"wp","href":"https:\/\/api.w.org\/{rel}","templated":true}]}}