{"id":1784,"date":"2023-02-02T06:47:11","date_gmt":"2023-02-02T06:47:11","guid":{"rendered":"https:\/\/pornuestrolaredo.com\/?p=1784"},"modified":"2023-02-02T06:47:11","modified_gmt":"2023-02-02T06:47:11","slug":"hombre-balea-a-tres-personas-muere-una","status":"publish","type":"post","link":"https:\/\/pornuestrolaredo.com\/?p=1784","title":{"rendered":"Hombre balea a tres personas; muere una"},"content":{"rendered":"<p><strong><em>WASHINGTON.-<\/em> <\/strong>Un hombre que empez\u00f3 a exhibir \u201cindiscriminadamente\u201d un arma bale\u00f3 a tres personas, causando la muerte de una de ellas, en un ataque perpetrado el mi\u00e9rcoles por la ma\u00f1ana en la capital de Estados Unidos que empez\u00f3 en un autob\u00fas del sistema de transporte de la ciudad y termin\u00f3 en un t\u00fanel del Metro luego de que los pasajeros lo encararon y desarmaron.<\/p>\n<p>Las autoridades segu\u00edan reconstruyendo la ca\u00f3tica serie de eventos que dej\u00f3 dos personas con heridas de bala en la pierna y un empleado del Metro sin vida. El agresor est\u00e1 detenido y no se ha dado a conocer su identidad.<\/p>\n<p>Ashan Benedict, subjefe del Departamento de Polic\u00eda Metropolitana, elogi\u00f3 las \u201cheroicas acciones de nuestros ciudadanos, de nuestra comunidad, para desarmar a este agresor\u201d.<\/p>\n<p>Pero a\u00f1adi\u00f3: \u201cEl hecho de que nuestros ciudadanos tuvieran que intervenir con un hombre armado me molesta\u201d.<\/p>\n<p>El incidente comenz\u00f3 poco despu\u00e9s de las 9:00 de la ma\u00f1ana, cuando el hombre empez\u00f3 mostrar un arma y a confrontar a los pasajeros de un autob\u00fas en el sureste de Washington D.C. El hombre sigui\u00f3 a uno de los pasajeros que se baj\u00f3 del autob\u00fas y lo bale\u00f3 en la pierna, se\u00f1al\u00f3 Benedict.<\/p>\n<p>Posteriormente, el hombre baj\u00f3 a la estaci\u00f3n del subterr\u00e1neo Potomac Avenue, confront\u00f3 a alguien que estaba comprando un boleto y tambi\u00e9n bale\u00f3 a esa persona en la pierna. Ambas v\u00edctimas se recuperaban en hospitales locales.<\/p>\n<p>El hombre armado baj\u00f3 al and\u00e9n del Metro y empez\u00f3 a discutir con una mujer all\u00ed. Benedict calific\u00f3 su comportamiento de profundamente err\u00e1tico: \u201cIba por ah\u00ed blandiendo un arma de fuego y enfrent\u00e1ndose a la gente al azar. Est\u00e1 claramente agitado por algo\u201d.<\/p>\n<p>Un empleado del Metro trat\u00f3 de intervenir y muri\u00f3 a causa de un disparo. La identidad del trabajador fallecido no se ha dado a conocer, pero Benedict se\u00f1al\u00f3 que \u201cse tiene que reconocer su hero\u00edsmo\u201d.<\/p>\n<p>M\u00e1s tarde, el hombre armado trat\u00f3 de subirse a un tren y aparentemente fue confrontado y desarmado por los pasajeros. Sali\u00f3 del vag\u00f3n y fue detenido por los agentes de la polic\u00eda, que recuperaron su arma de las v\u00edas del tren, a\u00f1adi\u00f3 Benedict.<\/p>\n<p>La alcaldesa Muriel Bowser dijo que los tiroteos que se han registrado ponen de manifiesto la necesidad de que haya un control serio de armas. Bowser y el Departamento de Polic\u00eda han soportado recientemente una intensa presi\u00f3n p\u00fablica despu\u00e9s de que un empleado municipal disparara y matara a un ni\u00f1o de 13 a\u00f1os que formaba parte de un grupo de j\u00f3venes que abr\u00edan autom\u00f3viles estacionados en su calle. <\/p>\n<p>El residente fue acusado esta semana con un cargo de homicidio en segundo grado. <\/p>\n<blockquote><p>Estamos enfocados en ver c\u00f3mo sacamos las armas de nuestra ciudad\u201d, coment\u00f3 Bowser. \u201cYa sea en el Metro, en la calle, en las viviendas, sabemos que tenemos armas que est\u00e1n causando tragedias en nuestra ciudad y en nuestra naci\u00f3n\u201d.<\/p><\/blockquote>\n","protected":false},"excerpt":{"rendered":"<p>Sac\u00f3 un arma de fuego en un autob\u00fas de pasajeros, luego atac\u00f3 en el Metro y al final fue desarmado por ciudadanos, en Washington<\/p>\n","protected":false},"author":1,"featured_media":1785,"comment_status":"closed","ping_status":"closed","sticky":false,"template":"","format":"standard","meta":{"_crdt_document":"","_jetpack_memberships_contains_paid_content":false,"footnotes":"","jetpack_publicize_message":"","jetpack_publicize_feature_enabled":true,"jetpack_social_post_already_shared":true,"jetpack_social_options":{"image_generator_settings":{"template":"highway","default_image_id":0,"font":"","enabled":false},"version":2},"_wpas_customize_per_network":false},"categories":[9],"tags":[],"class_list":["post-1784","post","type-post","status-publish","format-standard","has-post-thumbnail","hentry","category-el-mundo"],"magazineBlocksPostFeaturedMedia":{"thumbnail":"https:\/\/pornuestrolaredo.com\/wp-content\/uploads\/2023\/02\/Stereo91-20230201-2-150x150.jpg","medium":"https:\/\/pornuestrolaredo.com\/wp-content\/uploads\/2023\/02\/Stereo91-20230201-2-300x169.jpg","medium_large":"https:\/\/pornuestrolaredo.com\/wp-content\/uploads\/2023\/02\/Stereo91-20230201-2-768x432.jpg","large":"https:\/\/pornuestrolaredo.com\/wp-content\/uploads\/2023\/02\/Stereo91-20230201-2.jpg","1536x1536":"https:\/\/pornuestrolaredo.com\/wp-content\/uploads\/2023\/02\/Stereo91-20230201-2.jpg","2048x2048":"https:\/\/pornuestrolaredo.com\/wp-content\/uploads\/2023\/02\/Stereo91-20230201-2.jpg","morenews-large":"https:\/\/pornuestrolaredo.com\/wp-content\/uploads\/2023\/02\/Stereo91-20230201-2.jpg","morenews-medium":"https:\/\/pornuestrolaredo.com\/wp-content\/uploads\/2023\/02\/Stereo91-20230201-2.jpg"},"magazineBlocksPostAuthor":{"name":"Redactor","avatar":"https:\/\/pornuestrolaredo.com\/wp-content\/litespeed\/avatar\/dca1d7ec750c399f025f23b0b314f4cf.jpg?ver=1777612120"},"magazineBlocksPostCommentsNumber":false,"magazineBlocksPostExcerpt":"Sac\u00f3 un arma de fuego en un autob\u00fas de pasajeros, luego atac\u00f3 en el Metro y al final fue desarmado por ciudadanos, en Washington","magazineBlocksPostCategories":["El Mundo"],"magazineBlocksPostViewCount":136,"magazineBlocksPostReadTime":3,"magazine_blocks_featured_image_url":{"full":["https:\/\/pornuestrolaredo.com\/wp-content\/uploads\/2023\/02\/Stereo91-20230201-2.jpg",1000,563,false],"medium":["https:\/\/pornuestrolaredo.com\/wp-content\/uploads\/2023\/02\/Stereo91-20230201-2-300x169.jpg",300,169,true],"thumbnail":["https:\/\/pornuestrolaredo.com\/wp-content\/uploads\/2023\/02\/Stereo91-20230201-2-150x150.jpg",150,150,true]},"magazine_blocks_author":{"display_name":"Redactor","author_link":"https:\/\/pornuestrolaredo.com\/?author=1"},"magazine_blocks_comment":0,"magazine_blocks_author_image":"https:\/\/pornuestrolaredo.com\/wp-content\/litespeed\/avatar\/dca1d7ec750c399f025f23b0b314f4cf.jpg?ver=1777612120","magazine_blocks_category":"<a href=\"#\" class=\"category-link category-link-9\">El Mundo<\/a>","jetpack_publicize_connections":[],"featured_image_urls":{"full":["https:\/\/pornuestrolaredo.com\/wp-content\/uploads\/2023\/02\/Stereo91-20230201-2.jpg",1000,563,false],"thumbnail":["https:\/\/pornuestrolaredo.com\/wp-content\/uploads\/2023\/02\/Stereo91-20230201-2-150x150.jpg",150,150,true],"medium":["https:\/\/pornuestrolaredo.com\/wp-content\/uploads\/2023\/02\/Stereo91-20230201-2-300x169.jpg",300,169,true],"medium_large":["https:\/\/pornuestrolaredo.com\/wp-content\/uploads\/2023\/02\/Stereo91-20230201-2-768x432.jpg",640,360,true],"large":["https:\/\/pornuestrolaredo.com\/wp-content\/uploads\/2023\/02\/Stereo91-20230201-2.jpg",640,360,false],"1536x1536":["https:\/\/pornuestrolaredo.com\/wp-content\/uploads\/2023\/02\/Stereo91-20230201-2.jpg",1000,563,false],"2048x2048":["https:\/\/pornuestrolaredo.com\/wp-content\/uploads\/2023\/02\/Stereo91-20230201-2.jpg",1000,563,false],"morenews-large":["https:\/\/pornuestrolaredo.com\/wp-content\/uploads\/2023\/02\/Stereo91-20230201-2.jpg",825,464,false],"morenews-medium":["https:\/\/pornuestrolaredo.com\/wp-content\/uploads\/2023\/02\/Stereo91-20230201-2.jpg",590,332,false]},"author_info":{"info":["Redactor"]},"category_info":"<a href=\"https:\/\/pornuestrolaredo.com\/?cat=9\" rel=\"category\">El Mundo<\/a>","tag_info":"El Mundo","comment_count":"0","jetpack_featured_media_url":"https:\/\/pornuestrolaredo.com\/wp-content\/uploads\/2023\/02\/Stereo91-20230201-2.jpg","jetpack_sharing_enabled":true,"_links":{"self":[{"href":"https:\/\/pornuestrolaredo.com\/index.php?rest_route=\/wp\/v2\/posts\/1784","targetHints":{"allow":["GET"]}}],"collection":[{"href":"https:\/\/pornuestrolaredo.com\/index.php?rest_route=\/wp\/v2\/posts"}],"about":[{"href":"https:\/\/pornuestrolaredo.com\/index.php?rest_route=\/wp\/v2\/types\/post"}],"author":[{"embeddable":true,"href":"https:\/\/pornuestrolaredo.com\/index.php?rest_route=\/wp\/v2\/users\/1"}],"replies":[{"embeddable":true,"href":"https:\/\/pornuestrolaredo.com\/index.php?rest_route=%2Fwp%2Fv2%2Fcomments&post=1784"}],"version-history":[{"count":1,"href":"https:\/\/pornuestrolaredo.com\/index.php?rest_route=\/wp\/v2\/posts\/1784\/revisions"}],"predecessor-version":[{"id":1786,"href":"https:\/\/pornuestrolaredo.com\/index.php?rest_route=\/wp\/v2\/posts\/1784\/revisions\/1786"}],"wp:featuredmedia":[{"embeddable":true,"href":"https:\/\/pornuestrolaredo.com\/index.php?rest_route=\/wp\/v2\/media\/1785"}],"wp:attachment":[{"href":"https:\/\/pornuestrolaredo.com\/index.php?rest_route=%2Fwp%2Fv2%2Fmedia&parent=1784"}],"wp:term":[{"taxonomy":"category","embeddable":true,"href":"https:\/\/pornuestrolaredo.com\/index.php?rest_route=%2Fwp%2Fv2%2Fcategories&post=1784"},{"taxonomy":"post_tag","embeddable":true,"href":"https:\/\/pornuestrolaredo.com\/index.php?rest_route=%2Fwp%2Fv2%2Ftags&post=1784"}],"curies":[{"name":"wp","href":"https:\/\/api.w.org\/{rel}","templated":true}]}}