{"id":1787,"date":"2023-02-02T06:53:05","date_gmt":"2023-02-02T06:53:05","guid":{"rendered":"https:\/\/pornuestrolaredo.com\/?p=1787"},"modified":"2023-02-02T06:53:05","modified_gmt":"2023-02-02T06:53:05","slug":"daran-capacitacion-a-entrenadores-deportivos","status":"publish","type":"post","link":"https:\/\/pornuestrolaredo.com\/?p=1787","title":{"rendered":"Dar\u00e1n capacitaci\u00f3n a entrenadores deportivos"},"content":{"rendered":"<p><strong><em>NUEVO LAREDO.-<\/em> <\/strong>La Direcci\u00f3n de Cultura F\u00edsica y Deporte realizar\u00e1 el \u201cCurso de Atletismo\u201d para entrenadores deportivos, con la finalidad de brindarles mayores conocimientos y preparaci\u00f3n para compartir con los ni\u00f1os y j\u00f3venes de la ciudad.<\/p>\n<p>La capacitaci\u00f3n es gratuita y el tema es el \u201cSistema Contempor\u00e1neo y Actualidad de Entrenamiento del Atletismo\u201d. Ser\u00e1 impartido por el instructor Alejandro Quiroga Silveira quien viene del estado de Campeche y tiene una amplia experiencia en el atletismo.<\/p>\n<blockquote><p>Es el perfil de capacitadores que buscamos, que tengan mucha formaci\u00f3n, experiencia y certificaciones que vengan a aportar mucho a los entrenadores de la ciudad\u201d, mencion\u00f3 Salom\u00f3n Valencia, director de Cultura F\u00edsica y Deporte.<\/p><\/blockquote>\n<p>Son dos d\u00edas de curso: el viernes 3 de febrero a las 2:00 de la tarde en el teatro Lucio Blanco de la Casa de la Cultura, se dar\u00e1 teor\u00eda.<\/p>\n<p>Mientras que el s\u00e1bado a las 8:00 de la ma\u00f1ana en la Unidad Deportiva \u201cBenito Ju\u00e1rez\u201d ser\u00e1 el entrenamiento pr\u00e1ctico en la pista de atletismo Cabo Miranda.<\/p>\n<p>El director de la dependencia municipal indic\u00f3 que la convocatoria est\u00e1 abierta para las personas que se dedican al entrenamiento de atletismo o a atletas interesados en aprender. Para acudir a este curso solamente se pedir\u00e1 una copia de la credencia de elector.<\/p>\n","protected":false},"excerpt":{"rendered":"<p>El curso de la Direcci\u00f3n de Cultura F\u00edsica y Deporte realizar\u00e1 el \u201cCurso de Atletismo\u201d completamente gratis<\/p>\n","protected":false},"author":1,"featured_media":1788,"comment_status":"closed","ping_status":"closed","sticky":false,"template":"","format":"standard","meta":{"_crdt_document":"","_jetpack_memberships_contains_paid_content":false,"footnotes":"","jetpack_publicize_message":"","jetpack_publicize_feature_enabled":true,"jetpack_social_post_already_shared":true,"jetpack_social_options":{"image_generator_settings":{"template":"highway","default_image_id":0,"font":"","enabled":false},"version":2},"_wpas_customize_per_network":false},"categories":[4],"tags":[],"class_list":["post-1787","post","type-post","status-publish","format-standard","has-post-thumbnail","hentry","category-los-dos-laredos"],"magazineBlocksPostFeaturedMedia":{"thumbnail":"https:\/\/pornuestrolaredo.com\/wp-content\/uploads\/2023\/02\/Stereo91-20230201-4-150x150.jpg","medium":"https:\/\/pornuestrolaredo.com\/wp-content\/uploads\/2023\/02\/Stereo91-20230201-4-300x170.jpg","medium_large":"https:\/\/pornuestrolaredo.com\/wp-content\/uploads\/2023\/02\/Stereo91-20230201-4-768x435.jpg","large":"https:\/\/pornuestrolaredo.com\/wp-content\/uploads\/2023\/02\/Stereo91-20230201-4-1024x580.jpg","1536x1536":"https:\/\/pornuestrolaredo.com\/wp-content\/uploads\/2023\/02\/Stereo91-20230201-4.jpg","2048x2048":"https:\/\/pornuestrolaredo.com\/wp-content\/uploads\/2023\/02\/Stereo91-20230201-4.jpg","morenews-large":"https:\/\/pornuestrolaredo.com\/wp-content\/uploads\/2023\/02\/Stereo91-20230201-4.jpg","morenews-medium":"https:\/\/pornuestrolaredo.com\/wp-content\/uploads\/2023\/02\/Stereo91-20230201-4.jpg"},"magazineBlocksPostAuthor":{"name":"Redactor","avatar":"https:\/\/pornuestrolaredo.com\/wp-content\/litespeed\/avatar\/dca1d7ec750c399f025f23b0b314f4cf.jpg?ver=1777612120"},"magazineBlocksPostCommentsNumber":false,"magazineBlocksPostExcerpt":"El curso de la Direcci\u00f3n de Cultura F\u00edsica y Deporte realizar\u00e1 el \u201cCurso de Atletismo\u201d completamente gratis","magazineBlocksPostCategories":["Los dos Laredos"],"magazineBlocksPostViewCount":133,"magazineBlocksPostReadTime":2,"magazine_blocks_featured_image_url":{"full":["https:\/\/pornuestrolaredo.com\/wp-content\/uploads\/2023\/02\/Stereo91-20230201-4.jpg",1280,725,false],"medium":["https:\/\/pornuestrolaredo.com\/wp-content\/uploads\/2023\/02\/Stereo91-20230201-4-300x170.jpg",300,170,true],"thumbnail":["https:\/\/pornuestrolaredo.com\/wp-content\/uploads\/2023\/02\/Stereo91-20230201-4-150x150.jpg",150,150,true]},"magazine_blocks_author":{"display_name":"Redactor","author_link":"https:\/\/pornuestrolaredo.com\/?author=1"},"magazine_blocks_comment":0,"magazine_blocks_author_image":"https:\/\/pornuestrolaredo.com\/wp-content\/litespeed\/avatar\/dca1d7ec750c399f025f23b0b314f4cf.jpg?ver=1777612120","magazine_blocks_category":"<a href=\"#\" class=\"category-link category-link-4\">Los dos Laredos<\/a>","jetpack_publicize_connections":[],"featured_image_urls":{"full":["https:\/\/pornuestrolaredo.com\/wp-content\/uploads\/2023\/02\/Stereo91-20230201-4.jpg",1280,725,false],"thumbnail":["https:\/\/pornuestrolaredo.com\/wp-content\/uploads\/2023\/02\/Stereo91-20230201-4-150x150.jpg",150,150,true],"medium":["https:\/\/pornuestrolaredo.com\/wp-content\/uploads\/2023\/02\/Stereo91-20230201-4-300x170.jpg",300,170,true],"medium_large":["https:\/\/pornuestrolaredo.com\/wp-content\/uploads\/2023\/02\/Stereo91-20230201-4-768x435.jpg",640,363,true],"large":["https:\/\/pornuestrolaredo.com\/wp-content\/uploads\/2023\/02\/Stereo91-20230201-4-1024x580.jpg",640,363,true],"1536x1536":["https:\/\/pornuestrolaredo.com\/wp-content\/uploads\/2023\/02\/Stereo91-20230201-4.jpg",1280,725,false],"2048x2048":["https:\/\/pornuestrolaredo.com\/wp-content\/uploads\/2023\/02\/Stereo91-20230201-4.jpg",1280,725,false],"morenews-large":["https:\/\/pornuestrolaredo.com\/wp-content\/uploads\/2023\/02\/Stereo91-20230201-4.jpg",825,467,false],"morenews-medium":["https:\/\/pornuestrolaredo.com\/wp-content\/uploads\/2023\/02\/Stereo91-20230201-4.jpg",590,334,false]},"author_info":{"info":["Redactor"]},"category_info":"<a href=\"https:\/\/pornuestrolaredo.com\/?cat=4\" rel=\"category\">Los dos Laredos<\/a>","tag_info":"Los dos Laredos","comment_count":"0","jetpack_featured_media_url":"https:\/\/pornuestrolaredo.com\/wp-content\/uploads\/2023\/02\/Stereo91-20230201-4.jpg","jetpack_sharing_enabled":true,"_links":{"self":[{"href":"https:\/\/pornuestrolaredo.com\/index.php?rest_route=\/wp\/v2\/posts\/1787","targetHints":{"allow":["GET"]}}],"collection":[{"href":"https:\/\/pornuestrolaredo.com\/index.php?rest_route=\/wp\/v2\/posts"}],"about":[{"href":"https:\/\/pornuestrolaredo.com\/index.php?rest_route=\/wp\/v2\/types\/post"}],"author":[{"embeddable":true,"href":"https:\/\/pornuestrolaredo.com\/index.php?rest_route=\/wp\/v2\/users\/1"}],"replies":[{"embeddable":true,"href":"https:\/\/pornuestrolaredo.com\/index.php?rest_route=%2Fwp%2Fv2%2Fcomments&post=1787"}],"version-history":[{"count":1,"href":"https:\/\/pornuestrolaredo.com\/index.php?rest_route=\/wp\/v2\/posts\/1787\/revisions"}],"predecessor-version":[{"id":1789,"href":"https:\/\/pornuestrolaredo.com\/index.php?rest_route=\/wp\/v2\/posts\/1787\/revisions\/1789"}],"wp:featuredmedia":[{"embeddable":true,"href":"https:\/\/pornuestrolaredo.com\/index.php?rest_route=\/wp\/v2\/media\/1788"}],"wp:attachment":[{"href":"https:\/\/pornuestrolaredo.com\/index.php?rest_route=%2Fwp%2Fv2%2Fmedia&parent=1787"}],"wp:term":[{"taxonomy":"category","embeddable":true,"href":"https:\/\/pornuestrolaredo.com\/index.php?rest_route=%2Fwp%2Fv2%2Fcategories&post=1787"},{"taxonomy":"post_tag","embeddable":true,"href":"https:\/\/pornuestrolaredo.com\/index.php?rest_route=%2Fwp%2Fv2%2Ftags&post=1787"}],"curies":[{"name":"wp","href":"https:\/\/api.w.org\/{rel}","templated":true}]}}