{"id":179,"date":"2022-09-02T19:39:02","date_gmt":"2022-09-02T19:39:02","guid":{"rendered":"https:\/\/pornuestrolaredo.com\/?p=179"},"modified":"2022-09-10T23:05:19","modified_gmt":"2022-09-10T23:05:19","slug":"se-esperan-tormentas-y-temperaturas-mas-frescas-en-los-dos-laredos","status":"publish","type":"post","link":"https:\/\/pornuestrolaredo.com\/?p=179","title":{"rendered":"Se esperan tormentas y temperaturas m\u00e1s frescas en los dos Laredos"},"content":{"rendered":"\n<p class=\"wp-block-paragraph\"><strong><em>LOS DOS LAREDOS.-<\/em><\/strong> Desde este s\u00e1bado y hasta el jueves las probabilidades de lluvias intensas y tormentas el\u00e9ctricas son altas, especialmente la madrugada de este domingo, cuando alcanzan hasta 88 por ciento.<\/p>\n\n\n\n<p class=\"wp-block-paragraph\">El Servicio\nMeteorol\u00f3gico Nacional de Estados Unidos (NWS, por sus siglas en ingl\u00e9s), \u00fanico\ncon acceso a las estaciones meteorol\u00f3gicas de Laredo, Texas, y Nuevo Laredo, anunci\u00f3\nque incluso las lluvias y tormentas se podr\u00edan extender hasta el s\u00e1bado de la\npr\u00f3xima semana. <\/p>\n\n\n\n<p class=\"wp-block-paragraph\">De acuerdo con el\nNWS, para este s\u00e1bado, 3 de septiembre, las posibilidades m\u00e1s altas se dar\u00e1n despu\u00e9s\nde la tarde, cuando alcancen 67 por ciento y de ah\u00ed ir\u00e1n aumentando hasta 72 por\nciento por la noche.<\/p>\n\n\n\n<p class=\"wp-block-paragraph\">Las probabilidades\nde tormentas o lluvias muy intensas se extienden para la madrugada del domingo\ncuando alcancen 88 por ciento y se mantendr\u00e1n entre ese nivel y el 70 por\nciento hasta las 3:00 de la tarde. <\/p>\n\n\n\n<p class=\"wp-block-paragraph\">Adem\u00e1s, el domingo\nser\u00e1 bastante fresco para ser a\u00fan verano, pues la temperatura m\u00e1xima apenas\nalcanzar\u00e1 los 27 grados cent\u00edgrados (81F). Las temperaturas templadas se mantendr\u00e1n\ntoda la semana.<\/p>\n\n\n\n<p class=\"wp-block-paragraph\">Lunes, martes y\nhasta la madrugada del mi\u00e9rcoles, las probabilidades de lluvias y tormentas se\nmantienen entre 65 y 60 por ciento.<\/p>\n\n\n\n<p class=\"wp-block-paragraph\">Ser\u00e1 la tarde del\nmi\u00e9rcoles cuando bajen un poco, a 40 por ciento y se mantengan as\u00ed casi todo el\nd\u00eda.<\/p>\n\n\n\n<p class=\"wp-block-paragraph\">Para el viernes\nhay menos probabilidades de lluvias y tormentas, la m\u00e1s baja en 12 por ciento y\nla m\u00e1s alta en 35.<\/p>\n\n\n\n<p class=\"wp-block-paragraph\">Para el s\u00e1bado,\nlas posibilidades vuelven a incrementarse un poco, a un m\u00e1ximo de 45 por\nciento.<\/p>\n\n\n\n<p class=\"wp-block-paragraph\">Se recomienda tomar\nprecauciones y tomar en cuenta que este es un pron\u00f3stico que puede cambiar o\nque la lluvia no sea generalizada en los dos Laredos, o sea, que llueva en\nalgunas partes y otras no. Adem\u00e1s, la Naturaleza es una dama y tiene derecho a\ncambia de opini\u00f3n.<\/p>\n\n\n\n<p class=\"has-text-align-center wp-block-paragraph\"><strong>EL PRON\u00d3STICO<\/strong><\/p>\n\n\n\n<p class=\"wp-block-paragraph\"><strong>S\u00c1BADO<\/strong><\/p>\n\n\n\n<ul class=\"wp-block-list\"><li>M\u00e1xima&nbsp;&nbsp;&nbsp;&nbsp;&nbsp;&nbsp;&nbsp;&nbsp;&nbsp;&nbsp; 36C\/95F&nbsp;&nbsp;&nbsp;&nbsp;&nbsp;&nbsp;&nbsp;&nbsp;&nbsp; M\u00ednima 25C\/77F<\/li><li>Probabilidades m\u00e1ximas de lluvia: 72%<\/li><\/ul>\n\n\n\n<p class=\"wp-block-paragraph\"><strong>DOMINGO<\/strong><\/p>\n\n\n\n<ul class=\"wp-block-list\"><li>M\u00e1xima&nbsp;&nbsp;&nbsp;&nbsp;&nbsp;&nbsp;&nbsp;&nbsp;&nbsp;&nbsp; 27C\/81F&nbsp;&nbsp;&nbsp;&nbsp;&nbsp;&nbsp;&nbsp;&nbsp;&nbsp; M\u00ednima 23C\/72F<\/li><li>Probabilidades m\u00e1ximas de lluvia: 88%<\/li><\/ul>\n\n\n\n<p class=\"wp-block-paragraph\"><strong>LUNES<\/strong><\/p>\n\n\n\n<ul class=\"wp-block-list\"><li>M\u00e1xima&nbsp;&nbsp;&nbsp;&nbsp;&nbsp;&nbsp;&nbsp;&nbsp;&nbsp;&nbsp; 28C\/82F&nbsp;&nbsp;&nbsp;&nbsp;&nbsp;&nbsp;&nbsp;&nbsp;&nbsp; M\u00ednima 23C\/73F<\/li><li>Probabilidades m\u00e1ximas de lluvia: 65%<\/li><\/ul>\n\n\n\n<p class=\"wp-block-paragraph\"><strong>MARTES<\/strong><\/p>\n\n\n\n<ul class=\"wp-block-list\"><li>M\u00e1xima&nbsp;&nbsp;&nbsp;&nbsp;&nbsp;&nbsp;&nbsp;&nbsp;&nbsp;&nbsp; 29C\/84F&nbsp;&nbsp;&nbsp;&nbsp;&nbsp;&nbsp;&nbsp;&nbsp;&nbsp; M\u00ednima 23C\/74F<\/li><li>Probabilidades m\u00e1ximas de lluvia: 60%<\/li><\/ul>\n\n\n\n<p class=\"wp-block-paragraph\"><strong>MI\u00c9RCOLES<\/strong><\/p>\n\n\n\n<ul class=\"wp-block-list\"><li>M\u00e1xima&nbsp;&nbsp;&nbsp;&nbsp;&nbsp;&nbsp;&nbsp;&nbsp;&nbsp;&nbsp; 30C\/86F&nbsp;&nbsp;&nbsp;&nbsp;&nbsp;&nbsp;&nbsp;&nbsp;&nbsp; M\u00ednima 23C\/74F<\/li><li>Probabilidades m\u00e1ximas de lluvia: 60%<\/li><\/ul>\n\n\n\n<p class=\"wp-block-paragraph\"><strong>JUEVES<\/strong><\/p>\n\n\n\n<ul class=\"wp-block-list\"><li>M\u00e1xima&nbsp;&nbsp;&nbsp;&nbsp;&nbsp;&nbsp;&nbsp;&nbsp;&nbsp;&nbsp; 30C\/86F&nbsp;&nbsp;&nbsp;&nbsp;&nbsp;&nbsp;&nbsp;&nbsp;&nbsp; M\u00ednima 24C\/75F<\/li><li>Probabilidades m\u00e1ximas de lluvia: 58%<\/li><\/ul>\n\n\n\n<p class=\"wp-block-paragraph\"><strong>VIERNES<\/strong><\/p>\n\n\n\n<ul class=\"wp-block-list\"><li>M\u00e1xima&nbsp;&nbsp;&nbsp;&nbsp;&nbsp;&nbsp;&nbsp;&nbsp;&nbsp;&nbsp; 33C\/90F&nbsp;&nbsp;&nbsp;&nbsp;&nbsp;&nbsp;&nbsp;&nbsp;&nbsp; M\u00ednima 25C\/76F<\/li><li>Probabilidades m\u00e1ximas de lluvia: 31%<\/li><\/ul>\n\n\n\n<p class=\"wp-block-paragraph\"><strong>S\u00c1BADO<\/strong><\/p>\n\n\n\n<ul class=\"wp-block-list\"><li>M\u00e1xima&nbsp;&nbsp;&nbsp;&nbsp;&nbsp;&nbsp;&nbsp;&nbsp;&nbsp;&nbsp; 33C\/91F&nbsp;&nbsp;&nbsp;&nbsp;&nbsp;&nbsp;&nbsp;&nbsp;&nbsp; M\u00ednima 25C\/76F<\/li><li>Probabilidades m\u00e1ximas de lluvia: 42% <\/li><\/ul>\n","protected":false},"excerpt":{"rendered":"<p>LOS DOS LAREDOS.- Desde este s\u00e1bado y hasta el jueves las probabilidades de lluvias intensas y tormentas el\u00e9ctricas<\/p>\n","protected":false},"author":1,"featured_media":181,"comment_status":"closed","ping_status":"closed","sticky":false,"template":"","format":"standard","meta":{"_crdt_document":"","_jetpack_memberships_contains_paid_content":false,"footnotes":"","jetpack_publicize_message":"Desde este s\u00e1bado y hasta el jueves, son probables las lluvias muy fuertes","jetpack_publicize_feature_enabled":true,"jetpack_social_post_already_shared":true,"jetpack_social_options":{"image_generator_settings":{"template":"highway","default_image_id":0,"font":"","enabled":false},"version":2},"_wpas_customize_per_network":false},"categories":[4,1],"tags":[],"class_list":["post-179","post","type-post","status-publish","format-standard","has-post-thumbnail","hentry","category-los-dos-laredos","category-uncategorized"],"magazineBlocksPostFeaturedMedia":{"thumbnail":"https:\/\/pornuestrolaredo.com\/wp-content\/uploads\/2022\/09\/PNL-20221002-1-150x150.jpeg","medium":"https:\/\/pornuestrolaredo.com\/wp-content\/uploads\/2022\/09\/PNL-20221002-1-300x202.jpeg","medium_large":"https:\/\/pornuestrolaredo.com\/wp-content\/uploads\/2022\/09\/PNL-20221002-1-768x517.jpeg","large":"https:\/\/pornuestrolaredo.com\/wp-content\/uploads\/2022\/09\/PNL-20221002-1-1024x689.jpeg","1536x1536":"https:\/\/pornuestrolaredo.com\/wp-content\/uploads\/2022\/09\/PNL-20221002-1.jpeg","2048x2048":"https:\/\/pornuestrolaredo.com\/wp-content\/uploads\/2022\/09\/PNL-20221002-1.jpeg","morenews-large":"https:\/\/pornuestrolaredo.com\/wp-content\/uploads\/2022\/09\/PNL-20221002-1.jpeg","morenews-medium":"https:\/\/pornuestrolaredo.com\/wp-content\/uploads\/2022\/09\/PNL-20221002-1.jpeg"},"magazineBlocksPostAuthor":{"name":"Redactor","avatar":"https:\/\/pornuestrolaredo.com\/wp-content\/litespeed\/avatar\/dca1d7ec750c399f025f23b0b314f4cf.jpg?ver=1777007253"},"magazineBlocksPostCommentsNumber":false,"magazineBlocksPostExcerpt":"LOS DOS LAREDOS.- Desde este s\u00e1bado y hasta el jueves las probabilidades de lluvias intensas y tormentas el\u00e9ctricas","magazineBlocksPostCategories":["Los dos Laredos","Uncategorized"],"magazineBlocksPostViewCount":147,"magazineBlocksPostReadTime":3,"magazine_blocks_featured_image_url":{"full":["https:\/\/pornuestrolaredo.com\/wp-content\/uploads\/2022\/09\/PNL-20221002-1.jpeg",1100,740,false],"medium":["https:\/\/pornuestrolaredo.com\/wp-content\/uploads\/2022\/09\/PNL-20221002-1-300x202.jpeg",300,202,true],"thumbnail":["https:\/\/pornuestrolaredo.com\/wp-content\/uploads\/2022\/09\/PNL-20221002-1-150x150.jpeg",150,150,true]},"magazine_blocks_author":{"display_name":"Redactor","author_link":"https:\/\/pornuestrolaredo.com\/?author=1"},"magazine_blocks_comment":0,"magazine_blocks_author_image":"https:\/\/pornuestrolaredo.com\/wp-content\/litespeed\/avatar\/dca1d7ec750c399f025f23b0b314f4cf.jpg?ver=1777007253","magazine_blocks_category":"<a href=\"#\" class=\"category-link category-link-4\">Los dos Laredos<\/a> <a href=\"#\" class=\"category-link category-link-1\">Uncategorized<\/a>","jetpack_publicize_connections":[],"featured_image_urls":{"full":["https:\/\/pornuestrolaredo.com\/wp-content\/uploads\/2022\/09\/PNL-20221002-1.jpeg",1100,740,false],"thumbnail":["https:\/\/pornuestrolaredo.com\/wp-content\/uploads\/2022\/09\/PNL-20221002-1-150x150.jpeg",150,150,true],"medium":["https:\/\/pornuestrolaredo.com\/wp-content\/uploads\/2022\/09\/PNL-20221002-1-300x202.jpeg",300,202,true],"medium_large":["https:\/\/pornuestrolaredo.com\/wp-content\/uploads\/2022\/09\/PNL-20221002-1-768x517.jpeg",640,431,true],"large":["https:\/\/pornuestrolaredo.com\/wp-content\/uploads\/2022\/09\/PNL-20221002-1-1024x689.jpeg",640,431,true],"1536x1536":["https:\/\/pornuestrolaredo.com\/wp-content\/uploads\/2022\/09\/PNL-20221002-1.jpeg",1100,740,false],"2048x2048":["https:\/\/pornuestrolaredo.com\/wp-content\/uploads\/2022\/09\/PNL-20221002-1.jpeg",1100,740,false],"morenews-large":["https:\/\/pornuestrolaredo.com\/wp-content\/uploads\/2022\/09\/PNL-20221002-1.jpeg",825,555,false],"morenews-medium":["https:\/\/pornuestrolaredo.com\/wp-content\/uploads\/2022\/09\/PNL-20221002-1.jpeg",590,397,false]},"author_info":{"info":["Redactor"]},"category_info":"<a href=\"https:\/\/pornuestrolaredo.com\/?cat=4\" rel=\"category\">Los dos Laredos<\/a> <a href=\"https:\/\/pornuestrolaredo.com\/?cat=1\" rel=\"category\">Uncategorized<\/a>","tag_info":"Uncategorized","comment_count":"0","jetpack_featured_media_url":"https:\/\/pornuestrolaredo.com\/wp-content\/uploads\/2022\/09\/PNL-20221002-1.jpeg","jetpack_sharing_enabled":true,"_links":{"self":[{"href":"https:\/\/pornuestrolaredo.com\/index.php?rest_route=\/wp\/v2\/posts\/179","targetHints":{"allow":["GET"]}}],"collection":[{"href":"https:\/\/pornuestrolaredo.com\/index.php?rest_route=\/wp\/v2\/posts"}],"about":[{"href":"https:\/\/pornuestrolaredo.com\/index.php?rest_route=\/wp\/v2\/types\/post"}],"author":[{"embeddable":true,"href":"https:\/\/pornuestrolaredo.com\/index.php?rest_route=\/wp\/v2\/users\/1"}],"replies":[{"embeddable":true,"href":"https:\/\/pornuestrolaredo.com\/index.php?rest_route=%2Fwp%2Fv2%2Fcomments&post=179"}],"version-history":[{"count":1,"href":"https:\/\/pornuestrolaredo.com\/index.php?rest_route=\/wp\/v2\/posts\/179\/revisions"}],"predecessor-version":[{"id":180,"href":"https:\/\/pornuestrolaredo.com\/index.php?rest_route=\/wp\/v2\/posts\/179\/revisions\/180"}],"wp:featuredmedia":[{"embeddable":true,"href":"https:\/\/pornuestrolaredo.com\/index.php?rest_route=\/wp\/v2\/media\/181"}],"wp:attachment":[{"href":"https:\/\/pornuestrolaredo.com\/index.php?rest_route=%2Fwp%2Fv2%2Fmedia&parent=179"}],"wp:term":[{"taxonomy":"category","embeddable":true,"href":"https:\/\/pornuestrolaredo.com\/index.php?rest_route=%2Fwp%2Fv2%2Fcategories&post=179"},{"taxonomy":"post_tag","embeddable":true,"href":"https:\/\/pornuestrolaredo.com\/index.php?rest_route=%2Fwp%2Fv2%2Ftags&post=179"}],"curies":[{"name":"wp","href":"https:\/\/api.w.org\/{rel}","templated":true}]}}