{"id":1807,"date":"2023-02-03T22:39:06","date_gmt":"2023-02-03T22:39:06","guid":{"rendered":"https:\/\/pornuestrolaredo.com\/?p=1807"},"modified":"2023-02-03T22:39:06","modified_gmt":"2023-02-03T22:39:06","slug":"muere-el-disenador-de-moda-paco-rabanne","status":"publish","type":"post","link":"https:\/\/pornuestrolaredo.com\/?p=1807","title":{"rendered":"Muere el dise\u00f1ador de moda Paco Rabanne"},"content":{"rendered":"<p><strong>PAR\u00cdS.- <\/strong>Francisco Rabanneda Cuervo, mejor conocido como Paco Rabanne, dise\u00f1ador, perfumista y empresario espa\u00f1ol, falleci\u00f3 este viernes a los 88 a\u00f1os en Portsalla, Francia. Deja un lugar dif\u00edcil de llenar en el mundo de la moda y la perfumer\u00eda.<\/p>\n<p>El primer acercamiento de Paco Rabanne al mundo de la moda fue a trav\u00e9s de su madre, quien trabaj\u00f3 como costurera para Crist\u00f3bal Balenciaga.<\/p>\n<p>Con solo cinco a\u00f1os de edad, despu\u00e9s que su padre fuera asesinado por tropas franquistas, la familia se refugi\u00f3 en Francia . A\u00f1os m\u00e1s tarde el joven Rabanneda se dedic\u00f3 a sus estudios en Arquitectura en la Escuela Nacional Superior de Bellas Artes en Par\u00eds.<\/p>\n<p>Su segundo acercamiento con el mundo de la moda fue cuando trabaj\u00f3 dise\u00f1ando detalles como botones y bordado para Givenchy, Nina Ricci o Balenciaga, adem\u00e1s de accesorios, corbatas y joyas para marcas como Dior, Saint-Laurent y Cardin.<\/p>\n<p>En la d\u00e9cada de 1960, su visi\u00f3n del mundo de la moda lo llev\u00f3 a emprender su propio negocio en donde introdujo nuevos materiales y t\u00e9cnicas, cambiando las tijeras, agujas e hilo por alicates, sopletes, tenazas y alambres, proporcionando a cada pieza un aspecto futurista. Este trabajo le vali\u00f3 el apodo de \u201cel metal\u00fargico de la moda\u201d por Coco Chanel y lo consagr\u00f3 no solo como un modisto, sino como todo un artesano.<\/p>\n<p>Su estilo \u00fanico qued\u00f3 enmarcado en estrellas como Audrey Hepburn en la cinta Dos en la carretera o Jane Fonda en Barbarella.<\/p>\n<p>Otro material que sol\u00eda usar Paco Rabanne era el pl\u00e1stico, mismo que cobr\u00f3 relevancia entre los grandes dise\u00f1adores gracias a su versatilidad, as\u00ed como nylon y n\u00e1car.<\/p>\n","protected":false},"excerpt":{"rendered":"<p>El tambi\u00e9n perfumista ten\u00eda 88 a\u00f1os; lleg\u00f3 al mundo de la moda gracias a su madre<\/p>\n","protected":false},"author":1,"featured_media":1808,"comment_status":"closed","ping_status":"closed","sticky":false,"template":"","format":"standard","meta":{"_crdt_document":"","_jetpack_memberships_contains_paid_content":false,"footnotes":"","jetpack_publicize_message":"","jetpack_publicize_feature_enabled":true,"jetpack_social_post_already_shared":true,"jetpack_social_options":{"image_generator_settings":{"template":"highway","default_image_id":0,"font":"","enabled":false},"version":2},"_wpas_customize_per_network":false},"categories":[9],"tags":[],"class_list":["post-1807","post","type-post","status-publish","format-standard","has-post-thumbnail","hentry","category-el-mundo"],"magazineBlocksPostFeaturedMedia":{"thumbnail":"https:\/\/pornuestrolaredo.com\/wp-content\/uploads\/2023\/02\/Paco-150x150.jpg","medium":"https:\/\/pornuestrolaredo.com\/wp-content\/uploads\/2023\/02\/Paco-300x159.jpg","medium_large":"https:\/\/pornuestrolaredo.com\/wp-content\/uploads\/2023\/02\/Paco-768x406.jpg","large":"https:\/\/pornuestrolaredo.com\/wp-content\/uploads\/2023\/02\/Paco-1024x542.jpg","1536x1536":"https:\/\/pornuestrolaredo.com\/wp-content\/uploads\/2023\/02\/Paco-1536x812.jpg","2048x2048":"https:\/\/pornuestrolaredo.com\/wp-content\/uploads\/2023\/02\/Paco.jpg","morenews-large":"https:\/\/pornuestrolaredo.com\/wp-content\/uploads\/2023\/02\/Paco.jpg","morenews-medium":"https:\/\/pornuestrolaredo.com\/wp-content\/uploads\/2023\/02\/Paco.jpg"},"magazineBlocksPostAuthor":{"name":"Redactor","avatar":"https:\/\/pornuestrolaredo.com\/wp-content\/litespeed\/avatar\/dca1d7ec750c399f025f23b0b314f4cf.jpg?ver=1777612120"},"magazineBlocksPostCommentsNumber":false,"magazineBlocksPostExcerpt":"El tambi\u00e9n perfumista ten\u00eda 88 a\u00f1os; lleg\u00f3 al mundo de la moda gracias a su madre","magazineBlocksPostCategories":["El Mundo"],"magazineBlocksPostViewCount":140,"magazineBlocksPostReadTime":2,"magazine_blocks_featured_image_url":{"full":["https:\/\/pornuestrolaredo.com\/wp-content\/uploads\/2023\/02\/Paco.jpg",1607,850,false],"medium":["https:\/\/pornuestrolaredo.com\/wp-content\/uploads\/2023\/02\/Paco-300x159.jpg",300,159,true],"thumbnail":["https:\/\/pornuestrolaredo.com\/wp-content\/uploads\/2023\/02\/Paco-150x150.jpg",150,150,true]},"magazine_blocks_author":{"display_name":"Redactor","author_link":"https:\/\/pornuestrolaredo.com\/?author=1"},"magazine_blocks_comment":0,"magazine_blocks_author_image":"https:\/\/pornuestrolaredo.com\/wp-content\/litespeed\/avatar\/dca1d7ec750c399f025f23b0b314f4cf.jpg?ver=1777612120","magazine_blocks_category":"<a href=\"#\" class=\"category-link category-link-9\">El Mundo<\/a>","jetpack_publicize_connections":[],"featured_image_urls":{"full":["https:\/\/pornuestrolaredo.com\/wp-content\/uploads\/2023\/02\/Paco.jpg",1607,850,false],"thumbnail":["https:\/\/pornuestrolaredo.com\/wp-content\/uploads\/2023\/02\/Paco-150x150.jpg",150,150,true],"medium":["https:\/\/pornuestrolaredo.com\/wp-content\/uploads\/2023\/02\/Paco-300x159.jpg",300,159,true],"medium_large":["https:\/\/pornuestrolaredo.com\/wp-content\/uploads\/2023\/02\/Paco-768x406.jpg",640,338,true],"large":["https:\/\/pornuestrolaredo.com\/wp-content\/uploads\/2023\/02\/Paco-1024x542.jpg",640,339,true],"1536x1536":["https:\/\/pornuestrolaredo.com\/wp-content\/uploads\/2023\/02\/Paco-1536x812.jpg",1536,812,true],"2048x2048":["https:\/\/pornuestrolaredo.com\/wp-content\/uploads\/2023\/02\/Paco.jpg",1607,850,false],"morenews-large":["https:\/\/pornuestrolaredo.com\/wp-content\/uploads\/2023\/02\/Paco.jpg",825,436,false],"morenews-medium":["https:\/\/pornuestrolaredo.com\/wp-content\/uploads\/2023\/02\/Paco.jpg",590,312,false]},"author_info":{"info":["Redactor"]},"category_info":"<a href=\"https:\/\/pornuestrolaredo.com\/?cat=9\" rel=\"category\">El Mundo<\/a>","tag_info":"El Mundo","comment_count":"0","jetpack_featured_media_url":"https:\/\/pornuestrolaredo.com\/wp-content\/uploads\/2023\/02\/Paco.jpg","jetpack_sharing_enabled":true,"_links":{"self":[{"href":"https:\/\/pornuestrolaredo.com\/index.php?rest_route=\/wp\/v2\/posts\/1807","targetHints":{"allow":["GET"]}}],"collection":[{"href":"https:\/\/pornuestrolaredo.com\/index.php?rest_route=\/wp\/v2\/posts"}],"about":[{"href":"https:\/\/pornuestrolaredo.com\/index.php?rest_route=\/wp\/v2\/types\/post"}],"author":[{"embeddable":true,"href":"https:\/\/pornuestrolaredo.com\/index.php?rest_route=\/wp\/v2\/users\/1"}],"replies":[{"embeddable":true,"href":"https:\/\/pornuestrolaredo.com\/index.php?rest_route=%2Fwp%2Fv2%2Fcomments&post=1807"}],"version-history":[{"count":1,"href":"https:\/\/pornuestrolaredo.com\/index.php?rest_route=\/wp\/v2\/posts\/1807\/revisions"}],"predecessor-version":[{"id":1809,"href":"https:\/\/pornuestrolaredo.com\/index.php?rest_route=\/wp\/v2\/posts\/1807\/revisions\/1809"}],"wp:featuredmedia":[{"embeddable":true,"href":"https:\/\/pornuestrolaredo.com\/index.php?rest_route=\/wp\/v2\/media\/1808"}],"wp:attachment":[{"href":"https:\/\/pornuestrolaredo.com\/index.php?rest_route=%2Fwp%2Fv2%2Fmedia&parent=1807"}],"wp:term":[{"taxonomy":"category","embeddable":true,"href":"https:\/\/pornuestrolaredo.com\/index.php?rest_route=%2Fwp%2Fv2%2Fcategories&post=1807"},{"taxonomy":"post_tag","embeddable":true,"href":"https:\/\/pornuestrolaredo.com\/index.php?rest_route=%2Fwp%2Fv2%2Ftags&post=1807"}],"curies":[{"name":"wp","href":"https:\/\/api.w.org\/{rel}","templated":true}]}}