{"id":1810,"date":"2023-02-04T19:36:26","date_gmt":"2023-02-04T19:36:26","guid":{"rendered":"https:\/\/pornuestrolaredo.com\/?p=1810"},"modified":"2023-02-04T19:36:26","modified_gmt":"2023-02-04T19:36:26","slug":"viene-secuela-de-la-pelicula-gladiator","status":"publish","type":"post","link":"https:\/\/pornuestrolaredo.com\/?p=1810","title":{"rendered":"Viene secuela de la pel\u00edcula Gladiator"},"content":{"rendered":"<p>LOS \u00c1NGELES.- La secuela de la cinta Gladiador de Ridley Scott se estrenar\u00e1 el 22 de noviembre de 2024, seg\u00fan Deadline.<\/p>\n<p>Esta segunda parte tambi\u00e9n ser\u00e1 producida por Scott, quien har\u00e1 dupla con Douglas Wick, quien tambi\u00e9n tuvo el mismo rol en la pel\u00edcula del a\u00f1o 2000.<\/p>\n<p>En el gui\u00f3n se ha hablado de la pluma de David Scarpa y como uno de los protagonistas se rumora a Paul Mescal, quien fue nominado al \u00d3scar como Mejor Actor por Aftersun.<\/p>\n<p>Aunque tampoco se ha revelado la trama de esta cinta, se rumora que el peso caer\u00e1 en Lucius, el hijo de Lucila quien era un ni\u00f1o en la primera parte, y estaba bajo el cuidado del emperador C\u00f3modo, interpretado por Joaqu\u00edn Phoenix.<\/p>\n<p>El 22 de noviembre es el fin de semana anterior al D\u00eda de Acci\u00f3n de Gracias de 2024. Actualmente no se han anunciado otros eventos programados para esa fecha. Gladiator 2 preceder\u00e1 al estreno en cines el 27 de noviembre de una pel\u00edcula animada de Disney que a\u00fan no se ha revelado su t\u00edtulo.<\/p>\n","protected":false},"excerpt":{"rendered":"<p>Esta segunda parte tambi\u00e9n ser\u00e1 producida por Scott, quien har\u00e1 dupla con Douglas Wick<\/p>\n","protected":false},"author":1,"featured_media":1811,"comment_status":"closed","ping_status":"closed","sticky":false,"template":"","format":"standard","meta":{"_crdt_document":"","_jetpack_memberships_contains_paid_content":false,"footnotes":"","jetpack_publicize_message":"","jetpack_publicize_feature_enabled":true,"jetpack_social_post_already_shared":true,"jetpack_social_options":{"image_generator_settings":{"template":"highway","default_image_id":0,"font":"","enabled":false},"version":2},"_wpas_customize_per_network":false},"categories":[34],"tags":[],"class_list":["post-1810","post","type-post","status-publish","format-standard","has-post-thumbnail","hentry","category-farandula"],"magazineBlocksPostFeaturedMedia":{"thumbnail":"https:\/\/pornuestrolaredo.com\/wp-content\/uploads\/2023\/02\/107FM-20230204-2-150x150.jpg","medium":"https:\/\/pornuestrolaredo.com\/wp-content\/uploads\/2023\/02\/107FM-20230204-2-300x183.jpg","medium_large":"https:\/\/pornuestrolaredo.com\/wp-content\/uploads\/2023\/02\/107FM-20230204-2-768x468.jpg","large":"https:\/\/pornuestrolaredo.com\/wp-content\/uploads\/2023\/02\/107FM-20230204-2.jpg","1536x1536":"https:\/\/pornuestrolaredo.com\/wp-content\/uploads\/2023\/02\/107FM-20230204-2.jpg","2048x2048":"https:\/\/pornuestrolaredo.com\/wp-content\/uploads\/2023\/02\/107FM-20230204-2.jpg","morenews-large":"https:\/\/pornuestrolaredo.com\/wp-content\/uploads\/2023\/02\/107FM-20230204-2.jpg","morenews-medium":"https:\/\/pornuestrolaredo.com\/wp-content\/uploads\/2023\/02\/107FM-20230204-2.jpg"},"magazineBlocksPostAuthor":{"name":"Redactor","avatar":"https:\/\/pornuestrolaredo.com\/wp-content\/litespeed\/avatar\/dca1d7ec750c399f025f23b0b314f4cf.jpg?ver=1777612120"},"magazineBlocksPostCommentsNumber":false,"magazineBlocksPostExcerpt":"Esta segunda parte tambi\u00e9n ser\u00e1 producida por Scott, quien har\u00e1 dupla con Douglas Wick","magazineBlocksPostCategories":["Far\u00e1ndula"],"magazineBlocksPostViewCount":140,"magazineBlocksPostReadTime":1,"magazine_blocks_featured_image_url":{"full":["https:\/\/pornuestrolaredo.com\/wp-content\/uploads\/2023\/02\/107FM-20230204-2.jpg",850,518,false],"medium":["https:\/\/pornuestrolaredo.com\/wp-content\/uploads\/2023\/02\/107FM-20230204-2-300x183.jpg",300,183,true],"thumbnail":["https:\/\/pornuestrolaredo.com\/wp-content\/uploads\/2023\/02\/107FM-20230204-2-150x150.jpg",150,150,true]},"magazine_blocks_author":{"display_name":"Redactor","author_link":"https:\/\/pornuestrolaredo.com\/?author=1"},"magazine_blocks_comment":0,"magazine_blocks_author_image":"https:\/\/pornuestrolaredo.com\/wp-content\/litespeed\/avatar\/dca1d7ec750c399f025f23b0b314f4cf.jpg?ver=1777612120","magazine_blocks_category":"<a href=\"#\" class=\"category-link category-link-34\">Far\u00e1ndula<\/a>","jetpack_publicize_connections":[],"featured_image_urls":{"full":["https:\/\/pornuestrolaredo.com\/wp-content\/uploads\/2023\/02\/107FM-20230204-2.jpg",850,518,false],"thumbnail":["https:\/\/pornuestrolaredo.com\/wp-content\/uploads\/2023\/02\/107FM-20230204-2-150x150.jpg",150,150,true],"medium":["https:\/\/pornuestrolaredo.com\/wp-content\/uploads\/2023\/02\/107FM-20230204-2-300x183.jpg",300,183,true],"medium_large":["https:\/\/pornuestrolaredo.com\/wp-content\/uploads\/2023\/02\/107FM-20230204-2-768x468.jpg",640,390,true],"large":["https:\/\/pornuestrolaredo.com\/wp-content\/uploads\/2023\/02\/107FM-20230204-2.jpg",640,390,false],"1536x1536":["https:\/\/pornuestrolaredo.com\/wp-content\/uploads\/2023\/02\/107FM-20230204-2.jpg",850,518,false],"2048x2048":["https:\/\/pornuestrolaredo.com\/wp-content\/uploads\/2023\/02\/107FM-20230204-2.jpg",850,518,false],"morenews-large":["https:\/\/pornuestrolaredo.com\/wp-content\/uploads\/2023\/02\/107FM-20230204-2.jpg",825,503,false],"morenews-medium":["https:\/\/pornuestrolaredo.com\/wp-content\/uploads\/2023\/02\/107FM-20230204-2.jpg",590,360,false]},"author_info":{"info":["Redactor"]},"category_info":"<a href=\"https:\/\/pornuestrolaredo.com\/?cat=34\" rel=\"category\">Far\u00e1ndula<\/a>","tag_info":"Far\u00e1ndula","comment_count":"0","jetpack_featured_media_url":"https:\/\/pornuestrolaredo.com\/wp-content\/uploads\/2023\/02\/107FM-20230204-2.jpg","jetpack_sharing_enabled":true,"_links":{"self":[{"href":"https:\/\/pornuestrolaredo.com\/index.php?rest_route=\/wp\/v2\/posts\/1810","targetHints":{"allow":["GET"]}}],"collection":[{"href":"https:\/\/pornuestrolaredo.com\/index.php?rest_route=\/wp\/v2\/posts"}],"about":[{"href":"https:\/\/pornuestrolaredo.com\/index.php?rest_route=\/wp\/v2\/types\/post"}],"author":[{"embeddable":true,"href":"https:\/\/pornuestrolaredo.com\/index.php?rest_route=\/wp\/v2\/users\/1"}],"replies":[{"embeddable":true,"href":"https:\/\/pornuestrolaredo.com\/index.php?rest_route=%2Fwp%2Fv2%2Fcomments&post=1810"}],"version-history":[{"count":1,"href":"https:\/\/pornuestrolaredo.com\/index.php?rest_route=\/wp\/v2\/posts\/1810\/revisions"}],"predecessor-version":[{"id":1812,"href":"https:\/\/pornuestrolaredo.com\/index.php?rest_route=\/wp\/v2\/posts\/1810\/revisions\/1812"}],"wp:featuredmedia":[{"embeddable":true,"href":"https:\/\/pornuestrolaredo.com\/index.php?rest_route=\/wp\/v2\/media\/1811"}],"wp:attachment":[{"href":"https:\/\/pornuestrolaredo.com\/index.php?rest_route=%2Fwp%2Fv2%2Fmedia&parent=1810"}],"wp:term":[{"taxonomy":"category","embeddable":true,"href":"https:\/\/pornuestrolaredo.com\/index.php?rest_route=%2Fwp%2Fv2%2Fcategories&post=1810"},{"taxonomy":"post_tag","embeddable":true,"href":"https:\/\/pornuestrolaredo.com\/index.php?rest_route=%2Fwp%2Fv2%2Ftags&post=1810"}],"curies":[{"name":"wp","href":"https:\/\/api.w.org\/{rel}","templated":true}]}}