{"id":1813,"date":"2023-02-04T20:03:21","date_gmt":"2023-02-04T20:03:21","guid":{"rendered":"https:\/\/pornuestrolaredo.com\/?p=1813"},"modified":"2023-02-04T20:03:21","modified_gmt":"2023-02-04T20:03:21","slug":"explota-pipa-en-gasolinera-mueren-dos","status":"publish","type":"post","link":"https:\/\/pornuestrolaredo.com\/?p=1813","title":{"rendered":"Explota pipa en gasolinera; mueren dos"},"content":{"rendered":"<p><strong><em>PACHUCA.-<\/em><\/strong> Una pipa de gas explot\u00f3 en las inmediaciones de una gasolinera en el Municipio de Tula, Hidalgo, lo que dej\u00f3 al menos dos personas muertas y cuatro m\u00e1s heridas, de acuerdo con reportes preliminares.<\/p>\n<p>Salvador Cruz Neri, secretario de Seguridad P\u00fablica de la entidad, report\u00f3 en una entrevista radiof\u00f3nica el saldo de las v\u00edctimas, adem\u00e1s de 10 veh\u00edculos calcinados.<\/p>\n<p>El percance se debi\u00f3 a un error humano en el establecimiento de la Colonia Iturbe, pues la fuga de gas se propag\u00f3 por toda la estaci\u00f3n de abastecimiento y enseguida gener\u00f3 las llamas durante la ma\u00f1ana de este s\u00e1bado.<\/p>\n<blockquote><p>Una pipa que transportaba hidrocarburo da origen a la explosi\u00f3n que se esparce por toda la estaci\u00f3n, esto, ocasionado por un error humano&#8221;, inform\u00f3 la Secretar\u00eda de Seguridad P\u00fablica de Hidalgo (SSPH).<\/p><\/blockquote>\n<p>Julio Menchaca, Gobernador de Hidalgo, lament\u00f3 las p\u00e9rdidas e instruy\u00f3 para que se brinde atenci\u00f3n a los afectados.<\/p>\n<blockquote><p>Lamento las sensibles p\u00e9rdidas de las y los hidalguenses en el accidente ocurrido esta ma\u00f1ana en la localidad de Iturbe, en Tula de Allende&#8221;, public\u00f3 en Twitter.<\/p><\/blockquote>\n<blockquote><p>Desde el momento de los hechos, instru\u00ed a Salvador Cruz Neri, titular de la @SSP_Hidalgo, brindar atenci\u00f3n y el apoyo necesario a las familias afectadas. Me mantengo en contacto permanente para seguir la situaci\u00f3n. Continuaremos informando&#8221;.<\/p><\/blockquote>\n<p>El estallido ocasion\u00f3 el cierre Tula-Tlahuelilpan a la altura del COBAEH Iturbe.<\/p>\n<blockquote><p>El H. Cuerpo de Bomberos y Protecci\u00f3n Civil se e ncuentran realizando las maniobras necesarias para controlar el incidente&#8221;, a\u00f1adi\u00f3 la SSPH.<\/p><\/blockquote>\n<p>La Direcci\u00f3n de Protecci\u00f3n Civil y del Cuerpo de Bomberos de Tula registraron los hechos alrededor de las 8:00 horas. <\/p>\n<p>Fuentes de la Guardia Nacional indicaron que la carretera est\u00e1 cerrada para permitir los trabajos de auxilio y que varias familias fueron evacuadas para su seguridad.<\/p>\n","protected":false},"excerpt":{"rendered":"<p>Adem\u00e1s, hay cuatro personas lesionados y una decena de veh\u00edculos calcinados<\/p>\n","protected":false},"author":1,"featured_media":1814,"comment_status":"closed","ping_status":"closed","sticky":false,"template":"","format":"standard","meta":{"_crdt_document":"","_jetpack_memberships_contains_paid_content":false,"footnotes":"","jetpack_publicize_message":"","jetpack_publicize_feature_enabled":true,"jetpack_social_post_already_shared":true,"jetpack_social_options":{"image_generator_settings":{"template":"highway","default_image_id":0,"font":"","enabled":false},"version":2},"_wpas_customize_per_network":false},"categories":[33],"tags":[],"class_list":["post-1813","post","type-post","status-publish","format-standard","has-post-thumbnail","hentry","category-mexico"],"magazineBlocksPostFeaturedMedia":{"thumbnail":"https:\/\/pornuestrolaredo.com\/wp-content\/uploads\/2023\/02\/Stereo91-20230204-2-150x150.jpeg","medium":"https:\/\/pornuestrolaredo.com\/wp-content\/uploads\/2023\/02\/Stereo91-20230204-2-300x200.jpeg","medium_large":"https:\/\/pornuestrolaredo.com\/wp-content\/uploads\/2023\/02\/Stereo91-20230204-2-768x512.jpeg","large":"https:\/\/pornuestrolaredo.com\/wp-content\/uploads\/2023\/02\/Stereo91-20230204-2.jpeg","1536x1536":"https:\/\/pornuestrolaredo.com\/wp-content\/uploads\/2023\/02\/Stereo91-20230204-2.jpeg","2048x2048":"https:\/\/pornuestrolaredo.com\/wp-content\/uploads\/2023\/02\/Stereo91-20230204-2.jpeg","morenews-large":"https:\/\/pornuestrolaredo.com\/wp-content\/uploads\/2023\/02\/Stereo91-20230204-2.jpeg","morenews-medium":"https:\/\/pornuestrolaredo.com\/wp-content\/uploads\/2023\/02\/Stereo91-20230204-2.jpeg"},"magazineBlocksPostAuthor":{"name":"Redactor","avatar":"https:\/\/pornuestrolaredo.com\/wp-content\/litespeed\/avatar\/dca1d7ec750c399f025f23b0b314f4cf.jpg?ver=1777612120"},"magazineBlocksPostCommentsNumber":false,"magazineBlocksPostExcerpt":"Adem\u00e1s, hay cuatro personas lesionados y una decena de veh\u00edculos calcinados","magazineBlocksPostCategories":["Mexico"],"magazineBlocksPostViewCount":121,"magazineBlocksPostReadTime":2,"magazine_blocks_featured_image_url":{"full":["https:\/\/pornuestrolaredo.com\/wp-content\/uploads\/2023\/02\/Stereo91-20230204-2.jpeg",960,640,false],"medium":["https:\/\/pornuestrolaredo.com\/wp-content\/uploads\/2023\/02\/Stereo91-20230204-2-300x200.jpeg",300,200,true],"thumbnail":["https:\/\/pornuestrolaredo.com\/wp-content\/uploads\/2023\/02\/Stereo91-20230204-2-150x150.jpeg",150,150,true]},"magazine_blocks_author":{"display_name":"Redactor","author_link":"https:\/\/pornuestrolaredo.com\/?author=1"},"magazine_blocks_comment":0,"magazine_blocks_author_image":"https:\/\/pornuestrolaredo.com\/wp-content\/litespeed\/avatar\/dca1d7ec750c399f025f23b0b314f4cf.jpg?ver=1777612120","magazine_blocks_category":"<a href=\"#\" class=\"category-link category-link-33\">Mexico<\/a>","jetpack_publicize_connections":[],"featured_image_urls":{"full":["https:\/\/pornuestrolaredo.com\/wp-content\/uploads\/2023\/02\/Stereo91-20230204-2.jpeg",960,640,false],"thumbnail":["https:\/\/pornuestrolaredo.com\/wp-content\/uploads\/2023\/02\/Stereo91-20230204-2-150x150.jpeg",150,150,true],"medium":["https:\/\/pornuestrolaredo.com\/wp-content\/uploads\/2023\/02\/Stereo91-20230204-2-300x200.jpeg",300,200,true],"medium_large":["https:\/\/pornuestrolaredo.com\/wp-content\/uploads\/2023\/02\/Stereo91-20230204-2-768x512.jpeg",640,427,true],"large":["https:\/\/pornuestrolaredo.com\/wp-content\/uploads\/2023\/02\/Stereo91-20230204-2.jpeg",640,427,false],"1536x1536":["https:\/\/pornuestrolaredo.com\/wp-content\/uploads\/2023\/02\/Stereo91-20230204-2.jpeg",960,640,false],"2048x2048":["https:\/\/pornuestrolaredo.com\/wp-content\/uploads\/2023\/02\/Stereo91-20230204-2.jpeg",960,640,false],"morenews-large":["https:\/\/pornuestrolaredo.com\/wp-content\/uploads\/2023\/02\/Stereo91-20230204-2.jpeg",825,550,false],"morenews-medium":["https:\/\/pornuestrolaredo.com\/wp-content\/uploads\/2023\/02\/Stereo91-20230204-2.jpeg",590,393,false]},"author_info":{"info":["Redactor"]},"category_info":"<a href=\"https:\/\/pornuestrolaredo.com\/?cat=33\" rel=\"category\">Mexico<\/a>","tag_info":"Mexico","comment_count":"0","jetpack_featured_media_url":"https:\/\/pornuestrolaredo.com\/wp-content\/uploads\/2023\/02\/Stereo91-20230204-2.jpeg","jetpack_sharing_enabled":true,"_links":{"self":[{"href":"https:\/\/pornuestrolaredo.com\/index.php?rest_route=\/wp\/v2\/posts\/1813","targetHints":{"allow":["GET"]}}],"collection":[{"href":"https:\/\/pornuestrolaredo.com\/index.php?rest_route=\/wp\/v2\/posts"}],"about":[{"href":"https:\/\/pornuestrolaredo.com\/index.php?rest_route=\/wp\/v2\/types\/post"}],"author":[{"embeddable":true,"href":"https:\/\/pornuestrolaredo.com\/index.php?rest_route=\/wp\/v2\/users\/1"}],"replies":[{"embeddable":true,"href":"https:\/\/pornuestrolaredo.com\/index.php?rest_route=%2Fwp%2Fv2%2Fcomments&post=1813"}],"version-history":[{"count":1,"href":"https:\/\/pornuestrolaredo.com\/index.php?rest_route=\/wp\/v2\/posts\/1813\/revisions"}],"predecessor-version":[{"id":1815,"href":"https:\/\/pornuestrolaredo.com\/index.php?rest_route=\/wp\/v2\/posts\/1813\/revisions\/1815"}],"wp:featuredmedia":[{"embeddable":true,"href":"https:\/\/pornuestrolaredo.com\/index.php?rest_route=\/wp\/v2\/media\/1814"}],"wp:attachment":[{"href":"https:\/\/pornuestrolaredo.com\/index.php?rest_route=%2Fwp%2Fv2%2Fmedia&parent=1813"}],"wp:term":[{"taxonomy":"category","embeddable":true,"href":"https:\/\/pornuestrolaredo.com\/index.php?rest_route=%2Fwp%2Fv2%2Fcategories&post=1813"},{"taxonomy":"post_tag","embeddable":true,"href":"https:\/\/pornuestrolaredo.com\/index.php?rest_route=%2Fwp%2Fv2%2Ftags&post=1813"}],"curies":[{"name":"wp","href":"https:\/\/api.w.org\/{rel}","templated":true}]}}