{"id":1822,"date":"2023-02-06T05:02:14","date_gmt":"2023-02-06T05:02:14","guid":{"rendered":"https:\/\/pornuestrolaredo.com\/?p=1822"},"modified":"2023-02-06T05:02:14","modified_gmt":"2023-02-06T05:02:14","slug":"aseguran-que-alejandro-fernandez-dio-concierto-ebrio","status":"publish","type":"post","link":"https:\/\/pornuestrolaredo.com\/?p=1822","title":{"rendered":"Aseguran que Alejandro Fern\u00e1ndez dio concierto ebrio"},"content":{"rendered":"<p><strong><em>LE\u00d3N, Guanajuato.-<\/em> <\/strong>Alejandro Fern\u00e1ndez se present\u00f3 este fin de semana en el Palenque de Le\u00f3n, Guanajuato, pero varios de los asistentes aseguraron que ten\u00eda unas copas de m\u00e1s y hasta compartieron videos.<\/p>\n<p>El cantante dio el primero de sus conciertos de su gira \u201cHecho en M\u00e9xico\u201d, en la que interpretar\u00e1 sus m\u00e1s grandes \u00e9xitos, como \u201cNo\u201d, \u201cLa Mitad que me Faltaba\u201d, \u201cMe dediqu\u00e9 a perderte\u201d, entre otros.<\/p>\n<p>Es com\u00fan que los artistas, sobre todo en presentaciones en palenques, tomen algunas copitas para dar m\u00e1s ambiente y darle sentimiento a sus canciones. As\u00ed hemos visto a Juli\u00f3n \u00c1lvarez o Eduin Caz.<\/p>\n<p>Sin embargo, en esta ocasi\u00f3n se volvieron virales los videos donde se puede ver que Alejandro Fern\u00e1ndez parece estar en estado de ebriedad y sin poder cantar.<\/p>\n<p>Los comentarios en los diversos videos exhibidos en redes sociales mencionan que no es la primera vez que &#8216;El Portillo&#8217; se presenta en estado inconveniente y otros aseguran que tiene una enfermedad.<\/p>\n<blockquote><p>Todos sus demonios lo est\u00e1n dominando&#8221;, &#8220;Las adicciones no perdonan&#8221;, &#8220;En unos a\u00f1os va a necesitar un h\u00edgado nuevo&#8221; y &#8220;Qu\u00e9 triste, tiene una buena voz&#8221;, fueron algunos comentarios.<\/p><\/blockquote>\n<p>Anteriormente el cantante ha sido captado en las mismas situaciones, desde un concierto en Quer\u00e9taro, hasta la vez en que supuestamente tambi\u00e9n fue captado en un avi\u00f3n.<\/p>\n<p>Lo cierto es que pese a estos videos, \u201cEl Potrillo\u201d ya neg\u00f3 hace algunos a\u00f1os que padezca de alcoholismo, todo despu\u00e9s de que se le capt\u00f3 vomitando en un escenario tras haber ingerido unos tragos.<\/p>\n","protected":false},"excerpt":{"rendered":"<p>El cantante dio el primero de sus conciertos de su gira \u201cHecho en M\u00e9xico\u201d y los asistentes dicen que estaba en muy mal estado<\/p>\n","protected":false},"author":1,"featured_media":1823,"comment_status":"closed","ping_status":"closed","sticky":false,"template":"","format":"standard","meta":{"_crdt_document":"","_jetpack_memberships_contains_paid_content":false,"footnotes":"","jetpack_publicize_message":"","jetpack_publicize_feature_enabled":true,"jetpack_social_post_already_shared":true,"jetpack_social_options":{"image_generator_settings":{"template":"highway","default_image_id":0,"font":"","enabled":false},"version":2},"_wpas_customize_per_network":false},"categories":[34],"tags":[],"class_list":["post-1822","post","type-post","status-publish","format-standard","has-post-thumbnail","hentry","category-farandula"],"magazineBlocksPostFeaturedMedia":{"thumbnail":"https:\/\/pornuestrolaredo.com\/wp-content\/uploads\/2023\/02\/107FM-20230205-5-150x150.jpg","medium":"https:\/\/pornuestrolaredo.com\/wp-content\/uploads\/2023\/02\/107FM-20230205-5-300x173.jpg","medium_large":"https:\/\/pornuestrolaredo.com\/wp-content\/uploads\/2023\/02\/107FM-20230205-5-768x444.jpg","large":"https:\/\/pornuestrolaredo.com\/wp-content\/uploads\/2023\/02\/107FM-20230205-5.jpg","1536x1536":"https:\/\/pornuestrolaredo.com\/wp-content\/uploads\/2023\/02\/107FM-20230205-5.jpg","2048x2048":"https:\/\/pornuestrolaredo.com\/wp-content\/uploads\/2023\/02\/107FM-20230205-5.jpg","morenews-large":"https:\/\/pornuestrolaredo.com\/wp-content\/uploads\/2023\/02\/107FM-20230205-5.jpg","morenews-medium":"https:\/\/pornuestrolaredo.com\/wp-content\/uploads\/2023\/02\/107FM-20230205-5.jpg"},"magazineBlocksPostAuthor":{"name":"Redactor","avatar":"https:\/\/pornuestrolaredo.com\/wp-content\/litespeed\/avatar\/dca1d7ec750c399f025f23b0b314f4cf.jpg?ver=1777612120"},"magazineBlocksPostCommentsNumber":false,"magazineBlocksPostExcerpt":"El cantante dio el primero de sus conciertos de su gira \u201cHecho en M\u00e9xico\u201d y los asistentes dicen que estaba en muy mal estado","magazineBlocksPostCategories":["Far\u00e1ndula"],"magazineBlocksPostViewCount":139,"magazineBlocksPostReadTime":2,"magazine_blocks_featured_image_url":{"full":["https:\/\/pornuestrolaredo.com\/wp-content\/uploads\/2023\/02\/107FM-20230205-5.jpg",800,462,false],"medium":["https:\/\/pornuestrolaredo.com\/wp-content\/uploads\/2023\/02\/107FM-20230205-5-300x173.jpg",300,173,true],"thumbnail":["https:\/\/pornuestrolaredo.com\/wp-content\/uploads\/2023\/02\/107FM-20230205-5-150x150.jpg",150,150,true]},"magazine_blocks_author":{"display_name":"Redactor","author_link":"https:\/\/pornuestrolaredo.com\/?author=1"},"magazine_blocks_comment":0,"magazine_blocks_author_image":"https:\/\/pornuestrolaredo.com\/wp-content\/litespeed\/avatar\/dca1d7ec750c399f025f23b0b314f4cf.jpg?ver=1777612120","magazine_blocks_category":"<a href=\"#\" class=\"category-link category-link-34\">Far\u00e1ndula<\/a>","jetpack_publicize_connections":[],"featured_image_urls":{"full":["https:\/\/pornuestrolaredo.com\/wp-content\/uploads\/2023\/02\/107FM-20230205-5.jpg",800,462,false],"thumbnail":["https:\/\/pornuestrolaredo.com\/wp-content\/uploads\/2023\/02\/107FM-20230205-5-150x150.jpg",150,150,true],"medium":["https:\/\/pornuestrolaredo.com\/wp-content\/uploads\/2023\/02\/107FM-20230205-5-300x173.jpg",300,173,true],"medium_large":["https:\/\/pornuestrolaredo.com\/wp-content\/uploads\/2023\/02\/107FM-20230205-5-768x444.jpg",640,370,true],"large":["https:\/\/pornuestrolaredo.com\/wp-content\/uploads\/2023\/02\/107FM-20230205-5.jpg",640,370,false],"1536x1536":["https:\/\/pornuestrolaredo.com\/wp-content\/uploads\/2023\/02\/107FM-20230205-5.jpg",800,462,false],"2048x2048":["https:\/\/pornuestrolaredo.com\/wp-content\/uploads\/2023\/02\/107FM-20230205-5.jpg",800,462,false],"morenews-large":["https:\/\/pornuestrolaredo.com\/wp-content\/uploads\/2023\/02\/107FM-20230205-5.jpg",800,462,false],"morenews-medium":["https:\/\/pornuestrolaredo.com\/wp-content\/uploads\/2023\/02\/107FM-20230205-5.jpg",590,341,false]},"author_info":{"info":["Redactor"]},"category_info":"<a href=\"https:\/\/pornuestrolaredo.com\/?cat=34\" rel=\"category\">Far\u00e1ndula<\/a>","tag_info":"Far\u00e1ndula","comment_count":"0","jetpack_featured_media_url":"https:\/\/pornuestrolaredo.com\/wp-content\/uploads\/2023\/02\/107FM-20230205-5.jpg","jetpack_sharing_enabled":true,"_links":{"self":[{"href":"https:\/\/pornuestrolaredo.com\/index.php?rest_route=\/wp\/v2\/posts\/1822","targetHints":{"allow":["GET"]}}],"collection":[{"href":"https:\/\/pornuestrolaredo.com\/index.php?rest_route=\/wp\/v2\/posts"}],"about":[{"href":"https:\/\/pornuestrolaredo.com\/index.php?rest_route=\/wp\/v2\/types\/post"}],"author":[{"embeddable":true,"href":"https:\/\/pornuestrolaredo.com\/index.php?rest_route=\/wp\/v2\/users\/1"}],"replies":[{"embeddable":true,"href":"https:\/\/pornuestrolaredo.com\/index.php?rest_route=%2Fwp%2Fv2%2Fcomments&post=1822"}],"version-history":[{"count":1,"href":"https:\/\/pornuestrolaredo.com\/index.php?rest_route=\/wp\/v2\/posts\/1822\/revisions"}],"predecessor-version":[{"id":1824,"href":"https:\/\/pornuestrolaredo.com\/index.php?rest_route=\/wp\/v2\/posts\/1822\/revisions\/1824"}],"wp:featuredmedia":[{"embeddable":true,"href":"https:\/\/pornuestrolaredo.com\/index.php?rest_route=\/wp\/v2\/media\/1823"}],"wp:attachment":[{"href":"https:\/\/pornuestrolaredo.com\/index.php?rest_route=%2Fwp%2Fv2%2Fmedia&parent=1822"}],"wp:term":[{"taxonomy":"category","embeddable":true,"href":"https:\/\/pornuestrolaredo.com\/index.php?rest_route=%2Fwp%2Fv2%2Fcategories&post=1822"},{"taxonomy":"post_tag","embeddable":true,"href":"https:\/\/pornuestrolaredo.com\/index.php?rest_route=%2Fwp%2Fv2%2Ftags&post=1822"}],"curies":[{"name":"wp","href":"https:\/\/api.w.org\/{rel}","templated":true}]}}