{"id":1828,"date":"2023-02-06T05:45:11","date_gmt":"2023-02-06T05:45:11","guid":{"rendered":"https:\/\/pornuestrolaredo.com\/?p=1828"},"modified":"2023-02-06T05:45:11","modified_gmt":"2023-02-06T05:45:11","slug":"kim-petras-primera-transgenero-en-ganar-un-grammy","status":"publish","type":"post","link":"https:\/\/pornuestrolaredo.com\/?p=1828","title":{"rendered":"Kim Petras, primera transg\u00e9nero en ganar un Grammy"},"content":{"rendered":"<p><strong>LOS \u00c1NGELES.- <\/strong>Cuando Kim Petras y Sam Smith caminaron por la alfombra roja con un s\u00e9quito de personas vestidos de rojo fue s\u00f3lo el primer momento de la noche que encendi\u00f3 internet, pues una hora despu\u00e9s de la ceremonia, Petras y Smith ganaron el Grammy por Mejor D\u00fao Pop por el \u00e9xito Unholy.<\/p>\n<p>Petras se acerc\u00f3 al micr\u00f3fono para aceptar el premio con Smith apoy\u00e1ndola desde unos metros atr\u00e1s. Ah\u00ed, dijo que Smith le hab\u00eda dicho que diera el discurso en solitario porque era la primera mujer trans en ganar en esta categor\u00eda.<\/p>\n<blockquote><p>Este ha sido un viaje tan incre\u00edble para m\u00ed&#8230; Sam amablemente quer\u00eda que aceptara este premio porque soy la primera mujer transg\u00e9nero en ganar este premio. Solo quiero agradecer a todas las incre\u00edbles leyendas transg\u00e9nero que me abrieron las puertas de una patada para que pudiera estar aqu\u00ed esta noche\u201d.<\/p><\/blockquote>\n<p>Kim Petras inici\u00f3 su discurso con una sonrisa genuina que hizo sonre\u00edr a muchos de los asistentes que estaban en la premiaci\u00f3n a lo mejor de la m\u00fasica.<\/p>\n<p>Petras rindi\u00f3 un homenaje especial a la fallecida artista electr\u00f3nica y experimental Sophie, quien muri\u00f3 en enero de 2021 a los 34 a\u00f1os.<\/p>\n<blockquote><p>Sophie, en especial, una amiga que falleci\u00f3 hace dos a\u00f1os, que me dijo que esto pasar\u00eda y siempre crey\u00f3 en m\u00ed. Te adoro y tu inspiraci\u00f3n siempre estar\u00e1 en mi m\u00fasica\u201d, dijo Petras antes de rendir homenaje a la leyenda de la m\u00fasica Madonna por su larga defensa de los derechos LGBTQ+.<\/p><\/blockquote>\n<p>La cantante agradeci\u00f3 a Madonna y sus esfuerzos por luchar por los derechos LGBTQ y dijo que no cre\u00eda estar parada recibiendo el premio sino hubiera sido por Madonna.<\/p>\n<p>Kim Petras tambi\u00e9n agradeci\u00f3 a su mam\u00e1. \u201cCrec\u00ed al lado de una carretera&#8230; y mi madre cre\u00eda que yo era una ni\u00f1a, y que no estar\u00eda aqu\u00ed sin ella y su apoyo\u201d, dijo, provocando aplausos y v\u00edtores de la multitud.<\/p>\n<blockquote><p>A todos los que creyeron en m\u00ed hasta este punto, los quiero mucho. La Academia de Grabaci\u00f3n, gracias, este es un gran momento para m\u00ed. Sam, eres un verdadero \u00e1ngel y h\u00e9roe en mi vida y te amo. A todos los que hicieron esta canci\u00f3n tambi\u00e9n, los amo\u201d.<\/p><\/blockquote>\n<p>Unholy encabez\u00f3 el Billboard Hot 100 en octubre de 2022, pas\u00f3 cuatro semanas en la cima de la lista Global 200 y seis semanas en la cima de la lista Pop Airplay.<\/p>\n<p>\u00bfQUI\u00c9N ES KIM PETRAS?<\/p>\n<p>Kim Petras es una cantante y compositora de pop alemana. Naci\u00f3 en agosto de 1992 en Colonia, Alemania. Petras comenz\u00f3 a hacer m\u00fasica desde muy joven y se convirti\u00f3 en una de las primeras personas en Alemania en recibir una operaci\u00f3n de reasignaci\u00f3n de g\u00e9nero a la edad de 16 a\u00f1os.<\/p>\n<p>Petras se hizo conocida en 2016 por su single I Don&#8217;t Want It At All, que lleg\u00f3 a ser un \u00e9xito en las plataformas de m\u00fasica en l\u00ednea. Desde entonces, ha lanzado varios EP y ha colaborado con otros artistas en la industria musical. Petras ha sido reconocida por su estilo de m\u00fasica pop elaborado y est\u00e9tica innovadora.<\/p>\n<p>Adem\u00e1s de su m\u00fasica, Petras ha sido un defensor activo de los derechos de la comunidad LGBTQ+ y ha hablado abiertamente sobre su propia experiencia como una persona transg\u00e9nero. Su carrera ha sido un ejemplo inspirador para muchas personas y ha contribuido a ampliar la representaci\u00f3n y la visibilidad de la comunidad trans en la cultura popular.<\/p>\n<p>Las canciones para conocer a Kim Petras<\/p>\n<p>Algunas de las canciones m\u00e1s importantes y reconocidas de Kim Petras incluyen:<\/p>\n<p>&#8220;I Don&#8217;t Want It At All&#8221; (2017)<\/p>\n<p>&#8220;Hillside Boys&#8221; (2017)<\/p>\n<p>&#8220;Faded&#8221; (2018)<\/p>\n<p>&#8220;Heart to Break&#8221; (2018)<\/p>\n<p>&#8220;All the Time&#8221; (2018)<\/p>\n<p>&#8220;Sweet Spot&#8221; (2019)<\/p>\n<p>&#8220;Broken&#8221; (2019)<\/p>\n<p>&#8220;Clarity&#8221; (2019)<\/p>\n<p>&#8220;Icy&#8221; (2019)<\/p>\n<p>\u201cMalibu\u201d (2021)<\/p>\n<p>&#8220;If U Think About Me&#8230;&#8221; (2021)<\/p>\n<p>Estas canciones han sido aclamadas por su producci\u00f3n elegante, letras pegajosas y la atm\u00f3sfera de la canci\u00f3n en s\u00ed. Muchas de ellas han sido \u00e9xitos en las listas de m\u00fasica y han contribuido a consolidar la carrera de Petras como una de las principales cantantes de pop actuales.<\/p>\n","protected":false},"excerpt":{"rendered":"<p>LOS \u00c1NGELES.- Cuando Kim Petras y Sam Smith caminaron por la alfombra roja con un s\u00e9quito de personas<\/p>\n","protected":false},"author":1,"featured_media":1829,"comment_status":"open","ping_status":"open","sticky":false,"template":"","format":"standard","meta":{"_crdt_document":"","_jetpack_memberships_contains_paid_content":false,"footnotes":"","jetpack_publicize_message":"","jetpack_publicize_feature_enabled":true,"jetpack_social_post_already_shared":true,"jetpack_social_options":{"image_generator_settings":{"template":"highway","default_image_id":0,"font":"","enabled":false},"version":2},"_wpas_customize_per_network":false},"categories":[34],"tags":[],"class_list":["post-1828","post","type-post","status-publish","format-standard","has-post-thumbnail","hentry","category-farandula"],"magazineBlocksPostFeaturedMedia":{"thumbnail":"https:\/\/pornuestrolaredo.com\/wp-content\/uploads\/2023\/02\/107FM-20230205-8-150x150.jpg","medium":"https:\/\/pornuestrolaredo.com\/wp-content\/uploads\/2023\/02\/107FM-20230205-8-300x164.jpg","medium_large":"https:\/\/pornuestrolaredo.com\/wp-content\/uploads\/2023\/02\/107FM-20230205-8-768x421.jpg","large":"https:\/\/pornuestrolaredo.com\/wp-content\/uploads\/2023\/02\/107FM-20230205-8.jpg","1536x1536":"https:\/\/pornuestrolaredo.com\/wp-content\/uploads\/2023\/02\/107FM-20230205-8.jpg","2048x2048":"https:\/\/pornuestrolaredo.com\/wp-content\/uploads\/2023\/02\/107FM-20230205-8.jpg","morenews-large":"https:\/\/pornuestrolaredo.com\/wp-content\/uploads\/2023\/02\/107FM-20230205-8.jpg","morenews-medium":"https:\/\/pornuestrolaredo.com\/wp-content\/uploads\/2023\/02\/107FM-20230205-8.jpg"},"magazineBlocksPostAuthor":{"name":"Redactor","avatar":"https:\/\/pornuestrolaredo.com\/wp-content\/litespeed\/avatar\/dca1d7ec750c399f025f23b0b314f4cf.jpg?ver=1777612120"},"magazineBlocksPostCommentsNumber":false,"magazineBlocksPostExcerpt":"LOS \u00c1NGELES.- Cuando Kim Petras y Sam Smith caminaron por la alfombra roja con un s\u00e9quito de personas","magazineBlocksPostCategories":["Far\u00e1ndula"],"magazineBlocksPostViewCount":145,"magazineBlocksPostReadTime":4,"magazine_blocks_featured_image_url":{"full":["https:\/\/pornuestrolaredo.com\/wp-content\/uploads\/2023\/02\/107FM-20230205-8.jpg",1024,561,false],"medium":["https:\/\/pornuestrolaredo.com\/wp-content\/uploads\/2023\/02\/107FM-20230205-8-300x164.jpg",300,164,true],"thumbnail":["https:\/\/pornuestrolaredo.com\/wp-content\/uploads\/2023\/02\/107FM-20230205-8-150x150.jpg",150,150,true]},"magazine_blocks_author":{"display_name":"Redactor","author_link":"https:\/\/pornuestrolaredo.com\/?author=1"},"magazine_blocks_comment":0,"magazine_blocks_author_image":"https:\/\/pornuestrolaredo.com\/wp-content\/litespeed\/avatar\/dca1d7ec750c399f025f23b0b314f4cf.jpg?ver=1777612120","magazine_blocks_category":"<a href=\"#\" class=\"category-link category-link-34\">Far\u00e1ndula<\/a>","jetpack_publicize_connections":[],"featured_image_urls":{"full":["https:\/\/pornuestrolaredo.com\/wp-content\/uploads\/2023\/02\/107FM-20230205-8.jpg",1024,561,false],"thumbnail":["https:\/\/pornuestrolaredo.com\/wp-content\/uploads\/2023\/02\/107FM-20230205-8-150x150.jpg",150,150,true],"medium":["https:\/\/pornuestrolaredo.com\/wp-content\/uploads\/2023\/02\/107FM-20230205-8-300x164.jpg",300,164,true],"medium_large":["https:\/\/pornuestrolaredo.com\/wp-content\/uploads\/2023\/02\/107FM-20230205-8-768x421.jpg",640,351,true],"large":["https:\/\/pornuestrolaredo.com\/wp-content\/uploads\/2023\/02\/107FM-20230205-8.jpg",640,351,false],"1536x1536":["https:\/\/pornuestrolaredo.com\/wp-content\/uploads\/2023\/02\/107FM-20230205-8.jpg",1024,561,false],"2048x2048":["https:\/\/pornuestrolaredo.com\/wp-content\/uploads\/2023\/02\/107FM-20230205-8.jpg",1024,561,false],"morenews-large":["https:\/\/pornuestrolaredo.com\/wp-content\/uploads\/2023\/02\/107FM-20230205-8.jpg",825,452,false],"morenews-medium":["https:\/\/pornuestrolaredo.com\/wp-content\/uploads\/2023\/02\/107FM-20230205-8.jpg",590,323,false]},"author_info":{"info":["Redactor"]},"category_info":"<a href=\"https:\/\/pornuestrolaredo.com\/?cat=34\" rel=\"category\">Far\u00e1ndula<\/a>","tag_info":"Far\u00e1ndula","comment_count":"0","jetpack_featured_media_url":"https:\/\/pornuestrolaredo.com\/wp-content\/uploads\/2023\/02\/107FM-20230205-8.jpg","jetpack_sharing_enabled":true,"_links":{"self":[{"href":"https:\/\/pornuestrolaredo.com\/index.php?rest_route=\/wp\/v2\/posts\/1828","targetHints":{"allow":["GET"]}}],"collection":[{"href":"https:\/\/pornuestrolaredo.com\/index.php?rest_route=\/wp\/v2\/posts"}],"about":[{"href":"https:\/\/pornuestrolaredo.com\/index.php?rest_route=\/wp\/v2\/types\/post"}],"author":[{"embeddable":true,"href":"https:\/\/pornuestrolaredo.com\/index.php?rest_route=\/wp\/v2\/users\/1"}],"replies":[{"embeddable":true,"href":"https:\/\/pornuestrolaredo.com\/index.php?rest_route=%2Fwp%2Fv2%2Fcomments&post=1828"}],"version-history":[{"count":1,"href":"https:\/\/pornuestrolaredo.com\/index.php?rest_route=\/wp\/v2\/posts\/1828\/revisions"}],"predecessor-version":[{"id":1830,"href":"https:\/\/pornuestrolaredo.com\/index.php?rest_route=\/wp\/v2\/posts\/1828\/revisions\/1830"}],"wp:featuredmedia":[{"embeddable":true,"href":"https:\/\/pornuestrolaredo.com\/index.php?rest_route=\/wp\/v2\/media\/1829"}],"wp:attachment":[{"href":"https:\/\/pornuestrolaredo.com\/index.php?rest_route=%2Fwp%2Fv2%2Fmedia&parent=1828"}],"wp:term":[{"taxonomy":"category","embeddable":true,"href":"https:\/\/pornuestrolaredo.com\/index.php?rest_route=%2Fwp%2Fv2%2Fcategories&post=1828"},{"taxonomy":"post_tag","embeddable":true,"href":"https:\/\/pornuestrolaredo.com\/index.php?rest_route=%2Fwp%2Fv2%2Ftags&post=1828"}],"curies":[{"name":"wp","href":"https:\/\/api.w.org\/{rel}","templated":true}]}}