{"id":1831,"date":"2023-02-07T06:26:42","date_gmt":"2023-02-07T06:26:42","guid":{"rendered":"https:\/\/pornuestrolaredo.com\/?p=1831"},"modified":"2023-02-07T06:26:42","modified_gmt":"2023-02-07T06:26:42","slug":"envia-mexico-equipos-de-rescate-a-turquia","status":"publish","type":"post","link":"https:\/\/pornuestrolaredo.com\/?p=1831","title":{"rendered":"Env\u00eda M\u00e9xico equipos de rescate a Turqu\u00eda"},"content":{"rendered":"<p><strong><em>CIUDAD DE M\u00c9XICO.-<<\/em>\/strong> En un avi\u00f3n de la Fuerza A\u00e9rea Mexicana, un grupo de rescatistas del Ej\u00e9rcito, la Marina y Protecci\u00f3n Civil, viaj\u00f3 anoche a Turqu\u00eda para sumarse a los esfuerzos para rescatar a sobrevivientes de los escombros provocados por los sismos.<\/p>\n<p>Entre el personal se encuentran equipos con perros especializados en la b\u00fasqueda de personas vivas y cuerpos, as\u00ed como expertos en el rescate de personas.<\/p>\n<blockquote><p>El prop\u00f3sito de este equipo es coadyuvar en las tareas de rescate que encabezan las autoridades tanto de Turqu\u00eda, como en su caso de Siria, para ayudarles, contribuir a salvar vidas y proteger la vida de quienes est\u00e1n heridos&#8221;, indic\u00f3 el canciller Marcelo Ebrard.<\/p><\/blockquote>\n<p>Adem\u00e1s del personal militar, que lleva equipo especializado, as\u00ed como palas y carretillas, tambi\u00e9n viaja un grupo de la Cruz Roja Mexicana.<\/p>\n<blockquote><p>Se prepar\u00f3 un equipo de especialistas bien equipados, bien entrenados, que tiene como prop\u00f3sito viajar desde esta noche para llegar lo m\u00e1s pronto posible a Turqu\u00eda y poderse desplazar al lugar de los hechos, hacia el epicentro del sismo de 7.8 grados Richter que sufri\u00f3 ese pa\u00eds y que tambi\u00e9n afect\u00f3 a la regi\u00f3n norte de Siria, a la regi\u00f3n fronteriza entre Siria y Turqu\u00eda&#8221;, indic\u00f3 Ebrard.<\/p><\/blockquote>\n<p>Este apoyo, asegur\u00f3 el Canciller, se hace como parte de la tradici\u00f3n del Gobierno mexicano de solidaridad y respaldo a otros pueblos, as\u00ed como en reciprocidad al apoyo internacional brindado a M\u00e9xico en los sismos de 1985 y 2017. <\/p>\n<p>La ma\u00f1ana de este lunes, dos sismos de escala superior a 7 grados sacudieron Turqu\u00eda y Siria, provocando miles de muertos y decenas de miles de heridos.<\/p>\n","protected":false},"excerpt":{"rendered":"<p>Son rescatistas del Ej\u00e9rcito, la Marina y Protecci\u00f3n Civil, adem\u00e1s de un grupo de la Cruz Roja Mexicana<\/p>\n","protected":false},"author":1,"featured_media":1832,"comment_status":"closed","ping_status":"closed","sticky":false,"template":"","format":"standard","meta":{"_crdt_document":"","_jetpack_memberships_contains_paid_content":false,"footnotes":"","jetpack_publicize_message":"","jetpack_publicize_feature_enabled":true,"jetpack_social_post_already_shared":true,"jetpack_social_options":{"image_generator_settings":{"template":"highway","default_image_id":0,"font":"","enabled":false},"version":2},"_wpas_customize_per_network":false},"categories":[33],"tags":[],"class_list":["post-1831","post","type-post","status-publish","format-standard","has-post-thumbnail","hentry","category-mexico"],"magazineBlocksPostFeaturedMedia":{"thumbnail":"https:\/\/pornuestrolaredo.com\/wp-content\/uploads\/2023\/02\/PNL-20230206-3-150x150.jpeg","medium":"https:\/\/pornuestrolaredo.com\/wp-content\/uploads\/2023\/02\/PNL-20230206-3-300x200.jpeg","medium_large":"https:\/\/pornuestrolaredo.com\/wp-content\/uploads\/2023\/02\/PNL-20230206-3-768x512.jpeg","large":"https:\/\/pornuestrolaredo.com\/wp-content\/uploads\/2023\/02\/PNL-20230206-3.jpeg","1536x1536":"https:\/\/pornuestrolaredo.com\/wp-content\/uploads\/2023\/02\/PNL-20230206-3.jpeg","2048x2048":"https:\/\/pornuestrolaredo.com\/wp-content\/uploads\/2023\/02\/PNL-20230206-3.jpeg","morenews-large":"https:\/\/pornuestrolaredo.com\/wp-content\/uploads\/2023\/02\/PNL-20230206-3.jpeg","morenews-medium":"https:\/\/pornuestrolaredo.com\/wp-content\/uploads\/2023\/02\/PNL-20230206-3.jpeg"},"magazineBlocksPostAuthor":{"name":"Redactor","avatar":"https:\/\/pornuestrolaredo.com\/wp-content\/litespeed\/avatar\/dca1d7ec750c399f025f23b0b314f4cf.jpg?ver=1777612120"},"magazineBlocksPostCommentsNumber":false,"magazineBlocksPostExcerpt":"Son rescatistas del Ej\u00e9rcito, la Marina y Protecci\u00f3n Civil, adem\u00e1s de un grupo de la Cruz Roja Mexicana","magazineBlocksPostCategories":["Mexico"],"magazineBlocksPostViewCount":138,"magazineBlocksPostReadTime":2,"magazine_blocks_featured_image_url":{"full":["https:\/\/pornuestrolaredo.com\/wp-content\/uploads\/2023\/02\/PNL-20230206-3.jpeg",960,640,false],"medium":["https:\/\/pornuestrolaredo.com\/wp-content\/uploads\/2023\/02\/PNL-20230206-3-300x200.jpeg",300,200,true],"thumbnail":["https:\/\/pornuestrolaredo.com\/wp-content\/uploads\/2023\/02\/PNL-20230206-3-150x150.jpeg",150,150,true]},"magazine_blocks_author":{"display_name":"Redactor","author_link":"https:\/\/pornuestrolaredo.com\/?author=1"},"magazine_blocks_comment":0,"magazine_blocks_author_image":"https:\/\/pornuestrolaredo.com\/wp-content\/litespeed\/avatar\/dca1d7ec750c399f025f23b0b314f4cf.jpg?ver=1777612120","magazine_blocks_category":"<a href=\"#\" class=\"category-link category-link-33\">Mexico<\/a>","jetpack_publicize_connections":[],"featured_image_urls":{"full":["https:\/\/pornuestrolaredo.com\/wp-content\/uploads\/2023\/02\/PNL-20230206-3.jpeg",960,640,false],"thumbnail":["https:\/\/pornuestrolaredo.com\/wp-content\/uploads\/2023\/02\/PNL-20230206-3-150x150.jpeg",150,150,true],"medium":["https:\/\/pornuestrolaredo.com\/wp-content\/uploads\/2023\/02\/PNL-20230206-3-300x200.jpeg",300,200,true],"medium_large":["https:\/\/pornuestrolaredo.com\/wp-content\/uploads\/2023\/02\/PNL-20230206-3-768x512.jpeg",640,427,true],"large":["https:\/\/pornuestrolaredo.com\/wp-content\/uploads\/2023\/02\/PNL-20230206-3.jpeg",640,427,false],"1536x1536":["https:\/\/pornuestrolaredo.com\/wp-content\/uploads\/2023\/02\/PNL-20230206-3.jpeg",960,640,false],"2048x2048":["https:\/\/pornuestrolaredo.com\/wp-content\/uploads\/2023\/02\/PNL-20230206-3.jpeg",960,640,false],"morenews-large":["https:\/\/pornuestrolaredo.com\/wp-content\/uploads\/2023\/02\/PNL-20230206-3.jpeg",825,550,false],"morenews-medium":["https:\/\/pornuestrolaredo.com\/wp-content\/uploads\/2023\/02\/PNL-20230206-3.jpeg",590,393,false]},"author_info":{"info":["Redactor"]},"category_info":"<a href=\"https:\/\/pornuestrolaredo.com\/?cat=33\" rel=\"category\">Mexico<\/a>","tag_info":"Mexico","comment_count":"0","jetpack_featured_media_url":"https:\/\/pornuestrolaredo.com\/wp-content\/uploads\/2023\/02\/PNL-20230206-3.jpeg","jetpack_sharing_enabled":true,"_links":{"self":[{"href":"https:\/\/pornuestrolaredo.com\/index.php?rest_route=\/wp\/v2\/posts\/1831","targetHints":{"allow":["GET"]}}],"collection":[{"href":"https:\/\/pornuestrolaredo.com\/index.php?rest_route=\/wp\/v2\/posts"}],"about":[{"href":"https:\/\/pornuestrolaredo.com\/index.php?rest_route=\/wp\/v2\/types\/post"}],"author":[{"embeddable":true,"href":"https:\/\/pornuestrolaredo.com\/index.php?rest_route=\/wp\/v2\/users\/1"}],"replies":[{"embeddable":true,"href":"https:\/\/pornuestrolaredo.com\/index.php?rest_route=%2Fwp%2Fv2%2Fcomments&post=1831"}],"version-history":[{"count":1,"href":"https:\/\/pornuestrolaredo.com\/index.php?rest_route=\/wp\/v2\/posts\/1831\/revisions"}],"predecessor-version":[{"id":1833,"href":"https:\/\/pornuestrolaredo.com\/index.php?rest_route=\/wp\/v2\/posts\/1831\/revisions\/1833"}],"wp:featuredmedia":[{"embeddable":true,"href":"https:\/\/pornuestrolaredo.com\/index.php?rest_route=\/wp\/v2\/media\/1832"}],"wp:attachment":[{"href":"https:\/\/pornuestrolaredo.com\/index.php?rest_route=%2Fwp%2Fv2%2Fmedia&parent=1831"}],"wp:term":[{"taxonomy":"category","embeddable":true,"href":"https:\/\/pornuestrolaredo.com\/index.php?rest_route=%2Fwp%2Fv2%2Fcategories&post=1831"},{"taxonomy":"post_tag","embeddable":true,"href":"https:\/\/pornuestrolaredo.com\/index.php?rest_route=%2Fwp%2Fv2%2Ftags&post=1831"}],"curies":[{"name":"wp","href":"https:\/\/api.w.org\/{rel}","templated":true}]}}