{"id":1882,"date":"2023-02-11T20:19:07","date_gmt":"2023-02-11T20:19:07","guid":{"rendered":"https:\/\/pornuestrolaredo.com\/?p=1882"},"modified":"2023-02-11T20:19:07","modified_gmt":"2023-02-11T20:19:07","slug":"en-tamaulipas-prohiben-lavar-ropa-mas-de-una-vez-por-semana","status":"publish","type":"post","link":"https:\/\/pornuestrolaredo.com\/?p=1882","title":{"rendered":"En Tamaulipas, proh\u00edben lavar ropa m\u00e1s de una vez por semana"},"content":{"rendered":"<p><strong>CIUDAD VICTORIA.- <\/strong>Las autoridades de Tamaulipas iniciaron un plan para ahorrar agua\u2026 dentro de 10 d\u00edas y en algunos municipios, s\u00f3lo se podr\u00e1 lavar ropa una vez por semana, tendr\u00e1 que ba\u00f1arse r\u00e1pido y usar para el ba\u00f1o agua reciclada.<\/p>\n<p>Esas son s\u00f3lo algunas de las medidas que se aplicar\u00e1n luego de publicarse las medidaas implementadas en el &#8220;Sem\u00e1foro del agua&#8221;, derivado de una iniciativa aprobada por el Congreso local en agosto de 2022.<\/p>\n<p>Luego de una reuni\u00f3n la tarde del viernes de funcionarios estatales relacionadas con el uso y cuidado del agua, se tom\u00f3 el acuerdo de poner en vigor el \u201cSem\u00e1foro del Agua\u201d.<\/p>\n<p>Se estableci\u00f3 un sem\u00e1foro con tres colores: verde, amarillo y rojo, que se actualizar\u00e1 conforme a la disponibilidad del l\u00edquido en los 43 municipios de Tamaulipas.<\/p>\n<p>Las nuevas medidas, que no fueron consultadas a la poblaci\u00f3n, se determinaron de forma unilateral y entrar\u00e1n en vigor en un plazo aproximado de 10 d\u00edas, luego de que sean publicadas en el Peri\u00f3dico Oficial del Estado.<\/p>\n<p>A la fecha y de acuerdo con el sem\u00e1foro, los municipios de San Fernando, Abasolo y Soto la Marina est\u00e1n en color rojo.<\/p>\n<p>Entre las reglas establecidas, se indica que el aseo personal tiene que hacerse con &#8220;extremo cuidado&#8221;, mientras que el uso del sanitario debe ser preferentemente con agua reutilizada de duchas corporales o lavado.<\/p>\n<p>Asimismo, el lavado de ropa ya sea en lavadora o a mano tendr\u00eda que efectuarse una vez a la semana en municipios con luz roja.<\/p>\n<p>Las restricciones se van flexibilizando conforme si el Municipio se coloca en amarillo o verde, donde se puede lavar de dos a tres veces por semana, dependiendo el color.<\/p>\n<p>En cualquiera de los tres colores, tambi\u00e9n se restringe el regado de plantas, un d\u00eda para los que est\u00e9n en rojo y amarillo y dos d\u00edas en verde.<\/p>\n<p>Para el sector de la construcci\u00f3n sin importar el color del sem\u00e1foro recomendaron el uso del agua reciclada, as\u00ed como en el llenado de albercas y lavados de autos.<\/p>\n<p>Solo se permite el lavado de carros en casa una ocasi\u00f3n a la semana, con cubeta y agua no potable.<\/p>\n<p>El lavado de manos qued\u00f3 sin restricciones, pero con cuidado del agua, as\u00ed como de alimentos, enseres de cocina y aseo de espacios dom\u00e9stico.<\/p>\n<p>El titular de la Comisi\u00f3n Estatal del Agua de Tamaulipas (Ceat), Ra\u00fal Quiroga, advirti\u00f3 que el a\u00f1o pasado fue el peor de los \u00faltimos en cuanto a sequ\u00eda y que el 2023 lo superar\u00e1.<\/p>\n<p>Por ello, expres\u00f3, se aplicar\u00e1n las fuertes restricciones en el uso del agua dom\u00e9stica en los 43 municipios de Tamaulipas.<\/p>\n<p>Quiroga, alert\u00f3 que la necesidad de agua en el estado resulta fuerte, lo que afecta principalmente a la poblaci\u00f3n de las ciudades fronterizas y del centro, donde habitan m\u00e1s del 70 por ciento.<\/p>\n<blockquote><p>Tenemos un problema tan importante que incluso estamos operando al margen de la ley, \u00bfque quiero decir con esto?: bueno que tenemos autorizado extraer un determinado volumen y para poder cubrir las necesidades, la demanda de la poblaci\u00f3n extraemos en algunos casos el doble del volumen que tenemos asignado&#8221;, revel\u00f3.<\/p><\/blockquote>\n<blockquote><p>Y la ley de aguas nacionales establece que quienes extraiga vol\u00famenes por arriba de lo asignado, en este caso para las ciudades, pues est\u00e1 cometiendo un il\u00edcito&#8221;, agreg\u00f3.<\/p><\/blockquote>\n<p>La escasez de agua todav\u00eda no se resiente sobre todo en la frontera, dijo, debido a esa extracci\u00f3n ilegal del agua del Distrito de Riego 025. <\/p>\n<blockquote><p>Y hemos soportado el crecimiento de las ciudades en detrimento de la producci\u00f3n de alimento que se lleva a cabo en ese importante distrito de riego que, es el m\u00e1s grande del noreste del pa\u00eds&#8221;, manifest\u00f3.<\/p><\/blockquote>\n","protected":false},"excerpt":{"rendered":"<p>Aplicar\u00e1n \u2018Sem\u00e1foro del Agua\u2019 y entre las medidas el ciudadano se debe ba\u00f1ar r\u00e1pido y usar agua reciclada en el ba\u00f1o <\/p>\n","protected":false},"author":1,"featured_media":1883,"comment_status":"closed","ping_status":"closed","sticky":false,"template":"","format":"standard","meta":{"_crdt_document":"","_jetpack_memberships_contains_paid_content":false,"footnotes":"","jetpack_publicize_message":"","jetpack_publicize_feature_enabled":true,"jetpack_social_post_already_shared":true,"jetpack_social_options":{"image_generator_settings":{"template":"highway","default_image_id":0,"font":"","enabled":false},"version":2},"_wpas_customize_per_network":false},"categories":[1],"tags":[],"class_list":["post-1882","post","type-post","status-publish","format-standard","has-post-thumbnail","hentry","category-uncategorized"],"magazineBlocksPostFeaturedMedia":{"thumbnail":"https:\/\/pornuestrolaredo.com\/wp-content\/uploads\/2023\/02\/Stereo91-20230211-2-150x150.jpeg","medium":"https:\/\/pornuestrolaredo.com\/wp-content\/uploads\/2023\/02\/Stereo91-20230211-2-300x135.jpeg","medium_large":"https:\/\/pornuestrolaredo.com\/wp-content\/uploads\/2023\/02\/Stereo91-20230211-2-768x345.jpeg","large":"https:\/\/pornuestrolaredo.com\/wp-content\/uploads\/2023\/02\/Stereo91-20230211-2-1024x460.jpeg","1536x1536":"https:\/\/pornuestrolaredo.com\/wp-content\/uploads\/2023\/02\/Stereo91-20230211-2-1536x690.jpeg","2048x2048":"https:\/\/pornuestrolaredo.com\/wp-content\/uploads\/2023\/02\/Stereo91-20230211-2.jpeg","morenews-large":"https:\/\/pornuestrolaredo.com\/wp-content\/uploads\/2023\/02\/Stereo91-20230211-2.jpeg","morenews-medium":"https:\/\/pornuestrolaredo.com\/wp-content\/uploads\/2023\/02\/Stereo91-20230211-2.jpeg"},"magazineBlocksPostAuthor":{"name":"Redactor","avatar":"https:\/\/pornuestrolaredo.com\/wp-content\/litespeed\/avatar\/dca1d7ec750c399f025f23b0b314f4cf.jpg?ver=1777612120"},"magazineBlocksPostCommentsNumber":false,"magazineBlocksPostExcerpt":"Aplicar\u00e1n \u2018Sem\u00e1foro del Agua\u2019 y entre las medidas el ciudadano se debe ba\u00f1ar r\u00e1pido y usar agua reciclada en el ba\u00f1o ","magazineBlocksPostCategories":["Uncategorized"],"magazineBlocksPostViewCount":136,"magazineBlocksPostReadTime":4,"magazine_blocks_featured_image_url":{"full":["https:\/\/pornuestrolaredo.com\/wp-content\/uploads\/2023\/02\/Stereo91-20230211-2.jpeg",1900,854,false],"medium":["https:\/\/pornuestrolaredo.com\/wp-content\/uploads\/2023\/02\/Stereo91-20230211-2-300x135.jpeg",300,135,true],"thumbnail":["https:\/\/pornuestrolaredo.com\/wp-content\/uploads\/2023\/02\/Stereo91-20230211-2-150x150.jpeg",150,150,true]},"magazine_blocks_author":{"display_name":"Redactor","author_link":"https:\/\/pornuestrolaredo.com\/?author=1"},"magazine_blocks_comment":0,"magazine_blocks_author_image":"https:\/\/pornuestrolaredo.com\/wp-content\/litespeed\/avatar\/dca1d7ec750c399f025f23b0b314f4cf.jpg?ver=1777612120","magazine_blocks_category":"<a href=\"#\" class=\"category-link category-link-1\">Uncategorized<\/a>","jetpack_publicize_connections":[],"featured_image_urls":{"full":["https:\/\/pornuestrolaredo.com\/wp-content\/uploads\/2023\/02\/Stereo91-20230211-2.jpeg",1900,854,false],"thumbnail":["https:\/\/pornuestrolaredo.com\/wp-content\/uploads\/2023\/02\/Stereo91-20230211-2-150x150.jpeg",150,150,true],"medium":["https:\/\/pornuestrolaredo.com\/wp-content\/uploads\/2023\/02\/Stereo91-20230211-2-300x135.jpeg",300,135,true],"medium_large":["https:\/\/pornuestrolaredo.com\/wp-content\/uploads\/2023\/02\/Stereo91-20230211-2-768x345.jpeg",640,288,true],"large":["https:\/\/pornuestrolaredo.com\/wp-content\/uploads\/2023\/02\/Stereo91-20230211-2-1024x460.jpeg",640,288,true],"1536x1536":["https:\/\/pornuestrolaredo.com\/wp-content\/uploads\/2023\/02\/Stereo91-20230211-2-1536x690.jpeg",1536,690,true],"2048x2048":["https:\/\/pornuestrolaredo.com\/wp-content\/uploads\/2023\/02\/Stereo91-20230211-2.jpeg",1900,854,false],"morenews-large":["https:\/\/pornuestrolaredo.com\/wp-content\/uploads\/2023\/02\/Stereo91-20230211-2.jpeg",825,371,false],"morenews-medium":["https:\/\/pornuestrolaredo.com\/wp-content\/uploads\/2023\/02\/Stereo91-20230211-2.jpeg",590,265,false]},"author_info":{"info":["Redactor"]},"category_info":"<a href=\"https:\/\/pornuestrolaredo.com\/?cat=1\" rel=\"category\">Uncategorized<\/a>","tag_info":"Uncategorized","comment_count":"0","jetpack_featured_media_url":"https:\/\/pornuestrolaredo.com\/wp-content\/uploads\/2023\/02\/Stereo91-20230211-2.jpeg","jetpack_sharing_enabled":true,"_links":{"self":[{"href":"https:\/\/pornuestrolaredo.com\/index.php?rest_route=\/wp\/v2\/posts\/1882","targetHints":{"allow":["GET"]}}],"collection":[{"href":"https:\/\/pornuestrolaredo.com\/index.php?rest_route=\/wp\/v2\/posts"}],"about":[{"href":"https:\/\/pornuestrolaredo.com\/index.php?rest_route=\/wp\/v2\/types\/post"}],"author":[{"embeddable":true,"href":"https:\/\/pornuestrolaredo.com\/index.php?rest_route=\/wp\/v2\/users\/1"}],"replies":[{"embeddable":true,"href":"https:\/\/pornuestrolaredo.com\/index.php?rest_route=%2Fwp%2Fv2%2Fcomments&post=1882"}],"version-history":[{"count":1,"href":"https:\/\/pornuestrolaredo.com\/index.php?rest_route=\/wp\/v2\/posts\/1882\/revisions"}],"predecessor-version":[{"id":1884,"href":"https:\/\/pornuestrolaredo.com\/index.php?rest_route=\/wp\/v2\/posts\/1882\/revisions\/1884"}],"wp:featuredmedia":[{"embeddable":true,"href":"https:\/\/pornuestrolaredo.com\/index.php?rest_route=\/wp\/v2\/media\/1883"}],"wp:attachment":[{"href":"https:\/\/pornuestrolaredo.com\/index.php?rest_route=%2Fwp%2Fv2%2Fmedia&parent=1882"}],"wp:term":[{"taxonomy":"category","embeddable":true,"href":"https:\/\/pornuestrolaredo.com\/index.php?rest_route=%2Fwp%2Fv2%2Fcategories&post=1882"},{"taxonomy":"post_tag","embeddable":true,"href":"https:\/\/pornuestrolaredo.com\/index.php?rest_route=%2Fwp%2Fv2%2Ftags&post=1882"}],"curies":[{"name":"wp","href":"https:\/\/api.w.org\/{rel}","templated":true}]}}