{"id":1885,"date":"2023-02-12T20:17:26","date_gmt":"2023-02-12T20:17:26","guid":{"rendered":"https:\/\/pornuestrolaredo.com\/?p=1885"},"modified":"2023-02-12T20:17:26","modified_gmt":"2023-02-12T20:17:26","slug":"muere-proteo-perrito-rescatista-mexicano-en-turquia","status":"publish","type":"post","link":"https:\/\/pornuestrolaredo.com\/?p=1885","title":{"rendered":"Muere \u2018Proteo\u2019, perrito rescatista mexicano en Turqu\u00eda"},"content":{"rendered":"<p><strong>ANKARA.- <\/strong>&#8220;Proteo&#8221;, uno de los perritos mexicanos rescatistas, falleci\u00f3 la madrugada de este domingo en su labor de b\u00fasqueda de personas tras el sismo de magnitud 7.8 que azot\u00f3 a Turqu\u00eda.<\/p>\n<p>La Secretar\u00eda de la Defensa Nacional (Sedena) lament\u00f3 el fallecimiento del can y agradeci\u00f3 su heroica labor en Turqu\u00eda. Se presume que &#8220;Proteo&#8221; muri\u00f3 por un derrumbe durante su misi\u00f3n de b\u00fasqueda.<\/p>\n<blockquote><p>Los integrantes del Ej\u00e9rcito y Fuerza A\u00e9rea Mexicanos lamentamos profundamente la p\u00e9rdida de nuestro gran compa\u00f1ero el can: &#8216;Proteo&#8217;.<\/p><\/blockquote>\n<blockquote><p>Cumpliste tu misi\u00f3n como integrante de la Delegaci\u00f3n Mexicana en la B\u00fasqueda y rescate de nuestros hermanos en Turqu\u00eda. \u00a1Gracias por tu heroica labor!&#8221;, inform\u00f3 la Sedena.<\/p><\/blockquote>\n<p>Por su parte, el soldado Villeda -uno de los elementos mexicano de rescate en Turqu\u00eda- comparti\u00f3 que &#8220;Proteo&#8221; era un perro trabajador que nunca se dio por vencido y espera que M\u00e9xico nunca lo olvide.<\/p>\n<blockquote><p>Quiero decirte que me siento orgulloso de ti porque siempre fuiste un perro fuerte, un perro trabajador que nunca te diste por vencido. Ahora s\u00f3lo me queda agradecerte por haberme tra\u00eddo, lamentablemente no vas a poder llegar conmigo, siempre te estar\u00e9 recordando.<\/p><\/blockquote>\n<blockquote><p>Todo M\u00e9xico espero que siempre te recuerde y que nunca te olviden, alg\u00fan d\u00eda nos volveremos a ver&#8221;, expres\u00f3 Villeda en un video de TikTok.<\/p><\/blockquote>\n<p>Adem\u00e1s, el Canciller Marcelo Ebrard dijo que &#8220;Proteo&#8221; puso en alto el nombre de M\u00e9xico.<\/p>\n<blockquote><p>Lamento el sensible deceso de Proteo , integrante del equipo de rescate de la Sedena en Turqu\u00eda . Puso en alto el nombre de M\u00e9xico y de nuestro pueblo&#8221;, tuite\u00f3.<\/p><\/blockquote>\n<p>La Sedena envi\u00f3 a Turqu\u00eda 10 perritos rescatistas, cuyos nombres son los siguientes: &#8220;Territorio&#8221;, &#8220;Timba&#8221;, &#8220;Barato&#8221;, &#8220;Balanceo&#8221;, &#8220;Bureta&#8221;, &#8220;Bi\u00f3sfera&#8221;, &#8220;Tard\u00edo&#8221;, &#8220;Kiara&#8221;, &#8220;Teolog\u00eda&#8221;, y el reci\u00e9n fallecido &#8220;Proteo&#8221;.<\/p>\n<p>Asimismo, los perritos &#8220;Orly&#8221; y &#8220;Balam&#8221; fueron parte del equipo canino de la Cruz Roja Mexicana que parti\u00f3 a Turqu\u00eda para participar en las labores de b\u00fasqueda de personas atrapadas en edificios colapsados. <\/p>\n<p>A ellos se sumar\u00eda tambi\u00e9n &#8220;Balam&#8221;, perro que fue enviado a Turqu\u00eda en compa\u00f1\u00eda de la Cruz Roja y el cual logr\u00f3 localizar a una persona con vida la semana pasada.<\/p>\n","protected":false},"excerpt":{"rendered":"<p>Se presume que el animalito muri\u00f3 por un derrumbe durante su misi\u00f3n de b\u00fasqueda<\/p>\n","protected":false},"author":1,"featured_media":1886,"comment_status":"closed","ping_status":"closed","sticky":false,"template":"","format":"standard","meta":{"_crdt_document":"","_jetpack_memberships_contains_paid_content":false,"footnotes":"","jetpack_publicize_message":"","jetpack_publicize_feature_enabled":true,"jetpack_social_post_already_shared":true,"jetpack_social_options":{"image_generator_settings":{"template":"highway","default_image_id":0,"font":"","enabled":false},"version":2},"_wpas_customize_per_network":false},"categories":[9],"tags":[],"class_list":["post-1885","post","type-post","status-publish","format-standard","has-post-thumbnail","hentry","category-el-mundo"],"magazineBlocksPostFeaturedMedia":{"thumbnail":"https:\/\/pornuestrolaredo.com\/wp-content\/uploads\/2023\/02\/Stereo91-20230212-1-150x150.jpeg","medium":"https:\/\/pornuestrolaredo.com\/wp-content\/uploads\/2023\/02\/Stereo91-20230212-1-300x200.jpeg","medium_large":"https:\/\/pornuestrolaredo.com\/wp-content\/uploads\/2023\/02\/Stereo91-20230212-1-768x512.jpeg","large":"https:\/\/pornuestrolaredo.com\/wp-content\/uploads\/2023\/02\/Stereo91-20230212-1.jpeg","1536x1536":"https:\/\/pornuestrolaredo.com\/wp-content\/uploads\/2023\/02\/Stereo91-20230212-1.jpeg","2048x2048":"https:\/\/pornuestrolaredo.com\/wp-content\/uploads\/2023\/02\/Stereo91-20230212-1.jpeg","morenews-large":"https:\/\/pornuestrolaredo.com\/wp-content\/uploads\/2023\/02\/Stereo91-20230212-1.jpeg","morenews-medium":"https:\/\/pornuestrolaredo.com\/wp-content\/uploads\/2023\/02\/Stereo91-20230212-1.jpeg"},"magazineBlocksPostAuthor":{"name":"Redactor","avatar":"https:\/\/pornuestrolaredo.com\/wp-content\/litespeed\/avatar\/dca1d7ec750c399f025f23b0b314f4cf.jpg?ver=1777612120"},"magazineBlocksPostCommentsNumber":false,"magazineBlocksPostExcerpt":"Se presume que el animalito muri\u00f3 por un derrumbe durante su misi\u00f3n de b\u00fasqueda","magazineBlocksPostCategories":["El Mundo"],"magazineBlocksPostViewCount":125,"magazineBlocksPostReadTime":2,"magazine_blocks_featured_image_url":{"full":["https:\/\/pornuestrolaredo.com\/wp-content\/uploads\/2023\/02\/Stereo91-20230212-1.jpeg",960,640,false],"medium":["https:\/\/pornuestrolaredo.com\/wp-content\/uploads\/2023\/02\/Stereo91-20230212-1-300x200.jpeg",300,200,true],"thumbnail":["https:\/\/pornuestrolaredo.com\/wp-content\/uploads\/2023\/02\/Stereo91-20230212-1-150x150.jpeg",150,150,true]},"magazine_blocks_author":{"display_name":"Redactor","author_link":"https:\/\/pornuestrolaredo.com\/?author=1"},"magazine_blocks_comment":0,"magazine_blocks_author_image":"https:\/\/pornuestrolaredo.com\/wp-content\/litespeed\/avatar\/dca1d7ec750c399f025f23b0b314f4cf.jpg?ver=1777612120","magazine_blocks_category":"<a href=\"#\" class=\"category-link category-link-9\">El Mundo<\/a>","jetpack_publicize_connections":[],"featured_image_urls":{"full":["https:\/\/pornuestrolaredo.com\/wp-content\/uploads\/2023\/02\/Stereo91-20230212-1.jpeg",960,640,false],"thumbnail":["https:\/\/pornuestrolaredo.com\/wp-content\/uploads\/2023\/02\/Stereo91-20230212-1-150x150.jpeg",150,150,true],"medium":["https:\/\/pornuestrolaredo.com\/wp-content\/uploads\/2023\/02\/Stereo91-20230212-1-300x200.jpeg",300,200,true],"medium_large":["https:\/\/pornuestrolaredo.com\/wp-content\/uploads\/2023\/02\/Stereo91-20230212-1-768x512.jpeg",640,427,true],"large":["https:\/\/pornuestrolaredo.com\/wp-content\/uploads\/2023\/02\/Stereo91-20230212-1.jpeg",640,427,false],"1536x1536":["https:\/\/pornuestrolaredo.com\/wp-content\/uploads\/2023\/02\/Stereo91-20230212-1.jpeg",960,640,false],"2048x2048":["https:\/\/pornuestrolaredo.com\/wp-content\/uploads\/2023\/02\/Stereo91-20230212-1.jpeg",960,640,false],"morenews-large":["https:\/\/pornuestrolaredo.com\/wp-content\/uploads\/2023\/02\/Stereo91-20230212-1.jpeg",825,550,false],"morenews-medium":["https:\/\/pornuestrolaredo.com\/wp-content\/uploads\/2023\/02\/Stereo91-20230212-1.jpeg",590,393,false]},"author_info":{"info":["Redactor"]},"category_info":"<a href=\"https:\/\/pornuestrolaredo.com\/?cat=9\" rel=\"category\">El Mundo<\/a>","tag_info":"El Mundo","comment_count":"0","jetpack_featured_media_url":"https:\/\/pornuestrolaredo.com\/wp-content\/uploads\/2023\/02\/Stereo91-20230212-1.jpeg","jetpack_sharing_enabled":true,"_links":{"self":[{"href":"https:\/\/pornuestrolaredo.com\/index.php?rest_route=\/wp\/v2\/posts\/1885","targetHints":{"allow":["GET"]}}],"collection":[{"href":"https:\/\/pornuestrolaredo.com\/index.php?rest_route=\/wp\/v2\/posts"}],"about":[{"href":"https:\/\/pornuestrolaredo.com\/index.php?rest_route=\/wp\/v2\/types\/post"}],"author":[{"embeddable":true,"href":"https:\/\/pornuestrolaredo.com\/index.php?rest_route=\/wp\/v2\/users\/1"}],"replies":[{"embeddable":true,"href":"https:\/\/pornuestrolaredo.com\/index.php?rest_route=%2Fwp%2Fv2%2Fcomments&post=1885"}],"version-history":[{"count":1,"href":"https:\/\/pornuestrolaredo.com\/index.php?rest_route=\/wp\/v2\/posts\/1885\/revisions"}],"predecessor-version":[{"id":1887,"href":"https:\/\/pornuestrolaredo.com\/index.php?rest_route=\/wp\/v2\/posts\/1885\/revisions\/1887"}],"wp:featuredmedia":[{"embeddable":true,"href":"https:\/\/pornuestrolaredo.com\/index.php?rest_route=\/wp\/v2\/media\/1886"}],"wp:attachment":[{"href":"https:\/\/pornuestrolaredo.com\/index.php?rest_route=%2Fwp%2Fv2%2Fmedia&parent=1885"}],"wp:term":[{"taxonomy":"category","embeddable":true,"href":"https:\/\/pornuestrolaredo.com\/index.php?rest_route=%2Fwp%2Fv2%2Fcategories&post=1885"},{"taxonomy":"post_tag","embeddable":true,"href":"https:\/\/pornuestrolaredo.com\/index.php?rest_route=%2Fwp%2Fv2%2Ftags&post=1885"}],"curies":[{"name":"wp","href":"https:\/\/api.w.org\/{rel}","templated":true}]}}