{"id":1888,"date":"2023-02-15T05:39:04","date_gmt":"2023-02-15T05:39:04","guid":{"rendered":"https:\/\/pornuestrolaredo.com\/?p=1888"},"modified":"2023-02-15T05:40:17","modified_gmt":"2023-02-15T05:40:17","slug":"elecciones-en-tamaulipas-seguras-americo","status":"publish","type":"post","link":"https:\/\/pornuestrolaredo.com\/?p=1888","title":{"rendered":"Elecciones en Tamaulipas, seguras: Am\u00e9rico"},"content":{"rendered":"<p><strong><em>CIUDAD VICTORIA.-<\/em><\/strong> El gobernador de Tamaulipas Am\u00e9rico Villarreal afirm\u00f3 que las elecciones para senador del pr\u00f3ximo domingo ser\u00e1n seguras, al se\u00f1alar que la poblaci\u00f3n podr\u00e1 salir a votar en paz y descartar &#8220;focos rojos&#8221;.<\/p>\n<p>Lo anterior, pese a la racha de inseguridad que vive el estado, que incluye asesinatos de polic\u00edas y ataques armados contra la Guardia Estatal, as\u00ed como enfrentamientos y balaceras en diversas regiones.<\/p>\n<p>Incluso autoridades del INE y del Ietam han estimado que la votaci\u00f3n del domingo 19 de febrero sea por debajo de un 20 por ciento del padr\u00f3n electoral, derivado de varios factores, entre ellos la narcoviolencia.<\/p>\n<blockquote><p>Focos rojo de intranquilidad electoral ninguno, afortunadamente todos estamos transitando en calma&#8221;, asever\u00f3 el morenista.<\/p><\/blockquote>\n<p>Sin dar m\u00e1s detalles, Villarreal afirm\u00f3 que en esta ocasi\u00f3n en Tamaulipas ya no existe un ambiente al que llam\u00f3 &#8220;de intimidaci\u00f3n o presi\u00f3n electoral&#8221;, como en la contienda por la gubernatura del a\u00f1o pasado.<\/p>\n<blockquote><p>Estamos en una situaci\u00f3n de tranquilidad, de concordia, ya no bajo una circunstancia de presi\u00f3n, de extorsi\u00f3n, de intimidaci\u00f3n y la situaci\u00f3n hace que la ciudadan\u00eda retorne a las causas normales de desempe\u00f1o social, de convivencia c\u00edvica y de participaci\u00f3n, para que puedan manifestar su deseo electoral este pr\u00f3ximo 19 de de febrero en las urnas en Tamaulipas&#8221;, subray\u00f3.<\/p><\/blockquote>\n<p>Adem\u00e1s, asegur\u00f3 que su gobierno avanza en el tema de la seguridad, como lo manifiestan indicadores del Secretariado Ejecutivo de Seguridad P\u00fablica.<\/p>\n<blockquote><p>Hemos tenido avances en seguridad, ustedes lo pueden constatar en los indicadores del Secretariado Ejecutivo de Seguridad. Hemos ido abatiendo los indicadores de los delitos de alto impacto para regresar la calma y la tranquilidad a nuestro estado&#8221;, expres\u00f3.<\/p><\/blockquote>\n<p>Dijo que a pesar de los buenos resultados en materia de seguridad en su gesti\u00f3n, todav\u00eda falta mucho por hacer. Este domingo Tamaulipas va a las urnas para elegir senador, derivado del fallecimiento de Faustino L\u00f3pez, quien ocupaba el esca\u00f1o que a la vez hab\u00eda dejado Am\u00e9rico Villarreal Anaya tras solicitar licencia para la campa\u00f1a a finales de 2021.<\/p>\n","protected":false},"excerpt":{"rendered":"<p>El gobernador tamaulipeco asegura que no existen \u2018focos rojo de intranquilidad electoral\u2019<\/p>\n","protected":false},"author":1,"featured_media":1890,"comment_status":"closed","ping_status":"closed","sticky":false,"template":"","format":"standard","meta":{"_crdt_document":"","_jetpack_memberships_contains_paid_content":false,"footnotes":"","jetpack_publicize_message":"","jetpack_publicize_feature_enabled":true,"jetpack_social_post_already_shared":true,"jetpack_social_options":{"image_generator_settings":{"template":"highway","default_image_id":0,"font":"","enabled":false},"version":2},"_wpas_customize_per_network":false},"categories":[11],"tags":[],"class_list":["post-1888","post","type-post","status-publish","format-standard","has-post-thumbnail","hentry","category-tamaulipas"],"magazineBlocksPostFeaturedMedia":{"thumbnail":"https:\/\/pornuestrolaredo.com\/wp-content\/uploads\/2023\/02\/Stereo91-20230214-3-150x150.jpg","medium":"https:\/\/pornuestrolaredo.com\/wp-content\/uploads\/2023\/02\/Stereo91-20230214-3-300x159.jpg","medium_large":"https:\/\/pornuestrolaredo.com\/wp-content\/uploads\/2023\/02\/Stereo91-20230214-3-768x408.jpg","large":"https:\/\/pornuestrolaredo.com\/wp-content\/uploads\/2023\/02\/Stereo91-20230214-3.jpg","1536x1536":"https:\/\/pornuestrolaredo.com\/wp-content\/uploads\/2023\/02\/Stereo91-20230214-3.jpg","2048x2048":"https:\/\/pornuestrolaredo.com\/wp-content\/uploads\/2023\/02\/Stereo91-20230214-3.jpg","morenews-large":"https:\/\/pornuestrolaredo.com\/wp-content\/uploads\/2023\/02\/Stereo91-20230214-3.jpg","morenews-medium":"https:\/\/pornuestrolaredo.com\/wp-content\/uploads\/2023\/02\/Stereo91-20230214-3.jpg"},"magazineBlocksPostAuthor":{"name":"Redactor","avatar":"https:\/\/pornuestrolaredo.com\/wp-content\/litespeed\/avatar\/dca1d7ec750c399f025f23b0b314f4cf.jpg?ver=1777612120"},"magazineBlocksPostCommentsNumber":false,"magazineBlocksPostExcerpt":"El gobernador tamaulipeco asegura que no existen \u2018focos rojo de intranquilidad electoral\u2019","magazineBlocksPostCategories":["Tamaulipas"],"magazineBlocksPostViewCount":131,"magazineBlocksPostReadTime":2,"magazine_blocks_featured_image_url":{"full":["https:\/\/pornuestrolaredo.com\/wp-content\/uploads\/2023\/02\/Stereo91-20230214-3.jpg",968,514,false],"medium":["https:\/\/pornuestrolaredo.com\/wp-content\/uploads\/2023\/02\/Stereo91-20230214-3-300x159.jpg",300,159,true],"thumbnail":["https:\/\/pornuestrolaredo.com\/wp-content\/uploads\/2023\/02\/Stereo91-20230214-3-150x150.jpg",150,150,true]},"magazine_blocks_author":{"display_name":"Redactor","author_link":"https:\/\/pornuestrolaredo.com\/?author=1"},"magazine_blocks_comment":0,"magazine_blocks_author_image":"https:\/\/pornuestrolaredo.com\/wp-content\/litespeed\/avatar\/dca1d7ec750c399f025f23b0b314f4cf.jpg?ver=1777612120","magazine_blocks_category":"<a href=\"#\" class=\"category-link category-link-11\">Tamaulipas<\/a>","jetpack_publicize_connections":[],"featured_image_urls":{"full":["https:\/\/pornuestrolaredo.com\/wp-content\/uploads\/2023\/02\/Stereo91-20230214-3.jpg",968,514,false],"thumbnail":["https:\/\/pornuestrolaredo.com\/wp-content\/uploads\/2023\/02\/Stereo91-20230214-3-150x150.jpg",150,150,true],"medium":["https:\/\/pornuestrolaredo.com\/wp-content\/uploads\/2023\/02\/Stereo91-20230214-3-300x159.jpg",300,159,true],"medium_large":["https:\/\/pornuestrolaredo.com\/wp-content\/uploads\/2023\/02\/Stereo91-20230214-3-768x408.jpg",640,340,true],"large":["https:\/\/pornuestrolaredo.com\/wp-content\/uploads\/2023\/02\/Stereo91-20230214-3.jpg",640,340,false],"1536x1536":["https:\/\/pornuestrolaredo.com\/wp-content\/uploads\/2023\/02\/Stereo91-20230214-3.jpg",968,514,false],"2048x2048":["https:\/\/pornuestrolaredo.com\/wp-content\/uploads\/2023\/02\/Stereo91-20230214-3.jpg",968,514,false],"morenews-large":["https:\/\/pornuestrolaredo.com\/wp-content\/uploads\/2023\/02\/Stereo91-20230214-3.jpg",825,438,false],"morenews-medium":["https:\/\/pornuestrolaredo.com\/wp-content\/uploads\/2023\/02\/Stereo91-20230214-3.jpg",590,313,false]},"author_info":{"info":["Redactor"]},"category_info":"<a href=\"https:\/\/pornuestrolaredo.com\/?cat=11\" rel=\"category\">Tamaulipas<\/a>","tag_info":"Tamaulipas","comment_count":"0","jetpack_featured_media_url":"https:\/\/pornuestrolaredo.com\/wp-content\/uploads\/2023\/02\/Stereo91-20230214-3.jpg","jetpack_sharing_enabled":true,"_links":{"self":[{"href":"https:\/\/pornuestrolaredo.com\/index.php?rest_route=\/wp\/v2\/posts\/1888","targetHints":{"allow":["GET"]}}],"collection":[{"href":"https:\/\/pornuestrolaredo.com\/index.php?rest_route=\/wp\/v2\/posts"}],"about":[{"href":"https:\/\/pornuestrolaredo.com\/index.php?rest_route=\/wp\/v2\/types\/post"}],"author":[{"embeddable":true,"href":"https:\/\/pornuestrolaredo.com\/index.php?rest_route=\/wp\/v2\/users\/1"}],"replies":[{"embeddable":true,"href":"https:\/\/pornuestrolaredo.com\/index.php?rest_route=%2Fwp%2Fv2%2Fcomments&post=1888"}],"version-history":[{"count":1,"href":"https:\/\/pornuestrolaredo.com\/index.php?rest_route=\/wp\/v2\/posts\/1888\/revisions"}],"predecessor-version":[{"id":1891,"href":"https:\/\/pornuestrolaredo.com\/index.php?rest_route=\/wp\/v2\/posts\/1888\/revisions\/1891"}],"wp:featuredmedia":[{"embeddable":true,"href":"https:\/\/pornuestrolaredo.com\/index.php?rest_route=\/wp\/v2\/media\/1890"}],"wp:attachment":[{"href":"https:\/\/pornuestrolaredo.com\/index.php?rest_route=%2Fwp%2Fv2%2Fmedia&parent=1888"}],"wp:term":[{"taxonomy":"category","embeddable":true,"href":"https:\/\/pornuestrolaredo.com\/index.php?rest_route=%2Fwp%2Fv2%2Fcategories&post=1888"},{"taxonomy":"post_tag","embeddable":true,"href":"https:\/\/pornuestrolaredo.com\/index.php?rest_route=%2Fwp%2Fv2%2Ftags&post=1888"}],"curies":[{"name":"wp","href":"https:\/\/api.w.org\/{rel}","templated":true}]}}