{"id":1894,"date":"2023-02-15T06:37:42","date_gmt":"2023-02-15T06:37:42","guid":{"rendered":"https:\/\/pornuestrolaredo.com\/?p=1894"},"modified":"2023-02-15T06:37:42","modified_gmt":"2023-02-15T06:37:42","slug":"enviara-qatar-10-mil-cabanas-a-turquia","status":"publish","type":"post","link":"https:\/\/pornuestrolaredo.com\/?p=1894","title":{"rendered":"Enviar\u00e1 Qatar 10 mil caba\u00f1as a Turqu\u00eda"},"content":{"rendered":"<p><strong><em>DUB\u00c1I, Emiratos \u00c1rabes Unidos.-<\/em><\/strong> Qatar planea enviar 10 mil caba\u00f1as y casas m\u00f3viles utilizadas durante la Copa Mundial de Futbol para alojar a sobrevivientes del terremoto en Turqu\u00eda, informaron las autoridades,<\/p>\n<p>La naci\u00f3n del Golfo P\u00e9rsico, rica en gas, dijo que siempre tuvo la intenci\u00f3n de donar las viviendas, utilizadas para alojar a algunos de los 1.4 millones de aficionados que inundaron el peque\u00f1o pa\u00eds durante el evento m\u00e1ximo del futbol mundial.<\/p>\n<p>El domingo parti\u00f3 un lote inicial de 350 estructuras, dijo el Fondo de Qatar para el Desarrollo.<\/p>\n<p>Los terremotos de magnitud 7.8 y 7.5 que remecieron el sureste de Turqu\u00eda y el norte Siria con nueve horas de diferencia mataron a m\u00e1s de 35 mil personas, una cifra que previsiblemente aumentar\u00e1 a medida que los equipos de b\u00fasqueda y rescate siguen removiendo escombros.<\/p>\n<p>Decenas de miles de edificios se derrumbaron o sufrieron da\u00f1os graves, y millones de personas quedaron en la calle. Al saturarse los refugios en los d\u00edas posteriores al sismo, mucha gente tuvo que dormir a la intemperie con un clima invernal lluvioso.<\/p>\n<p>Qatar y otros pa\u00edses ricos del Golfo P\u00e9rsico se han sumado a la campa\u00f1a global para enviar rescatistas y ayuda a la regi\u00f3n. Emiratos \u00c1rabes Unidos han prometido 100 millones de d\u00f3lares. Arabia Saud\u00ed ha enviado ocho aviones cargados de provisiones a Turqu\u00eda y Siria. <\/p>\n<p>El octavo vuelo saud\u00ed arrib\u00f3 a Aleppo, en el norte de Siria, el martes. Arabia Saud\u00ed apoy\u00f3 a la oposici\u00f3n durante la guerra civil siria, y a diferencia de otros pa\u00edses \u00e1rabes ha demostrado escaso inter\u00e9s en una reconciliaci\u00f3n con el presidente Bashar Assad.<\/p>\n","protected":false},"excerpt":{"rendered":"<p>Se trata de viviendas utilizadas utilizadas para alojar a algunos de los 1.4 millones de aficionados que inundaron el peque\u00f1o pa\u00eds durante la Copa Mundial de Futbol<\/p>\n","protected":false},"author":1,"featured_media":1895,"comment_status":"closed","ping_status":"closed","sticky":false,"template":"","format":"standard","meta":{"_crdt_document":"","_jetpack_memberships_contains_paid_content":false,"footnotes":"","jetpack_publicize_message":"","jetpack_publicize_feature_enabled":true,"jetpack_social_post_already_shared":true,"jetpack_social_options":{"image_generator_settings":{"template":"highway","default_image_id":0,"font":"","enabled":false},"version":2},"_wpas_customize_per_network":false},"categories":[9],"tags":[],"class_list":["post-1894","post","type-post","status-publish","format-standard","has-post-thumbnail","hentry","category-el-mundo"],"magazineBlocksPostFeaturedMedia":{"thumbnail":"https:\/\/pornuestrolaredo.com\/wp-content\/uploads\/2023\/02\/Stereo91-20230214-6-150x150.jpg","medium":"https:\/\/pornuestrolaredo.com\/wp-content\/uploads\/2023\/02\/Stereo91-20230214-6-300x200.jpg","medium_large":"https:\/\/pornuestrolaredo.com\/wp-content\/uploads\/2023\/02\/Stereo91-20230214-6-768x512.jpg","large":"https:\/\/pornuestrolaredo.com\/wp-content\/uploads\/2023\/02\/Stereo91-20230214-6.jpg","1536x1536":"https:\/\/pornuestrolaredo.com\/wp-content\/uploads\/2023\/02\/Stereo91-20230214-6.jpg","2048x2048":"https:\/\/pornuestrolaredo.com\/wp-content\/uploads\/2023\/02\/Stereo91-20230214-6.jpg","morenews-large":"https:\/\/pornuestrolaredo.com\/wp-content\/uploads\/2023\/02\/Stereo91-20230214-6.jpg","morenews-medium":"https:\/\/pornuestrolaredo.com\/wp-content\/uploads\/2023\/02\/Stereo91-20230214-6.jpg"},"magazineBlocksPostAuthor":{"name":"Redactor","avatar":"https:\/\/pornuestrolaredo.com\/wp-content\/litespeed\/avatar\/dca1d7ec750c399f025f23b0b314f4cf.jpg?ver=1777612120"},"magazineBlocksPostCommentsNumber":false,"magazineBlocksPostExcerpt":"Se trata de viviendas utilizadas utilizadas para alojar a algunos de los 1.4 millones de aficionados que inundaron el peque\u00f1o pa\u00eds durante la Copa Mundial de Futbol","magazineBlocksPostCategories":["El Mundo"],"magazineBlocksPostViewCount":117,"magazineBlocksPostReadTime":2,"magazine_blocks_featured_image_url":{"full":["https:\/\/pornuestrolaredo.com\/wp-content\/uploads\/2023\/02\/Stereo91-20230214-6.jpg",1000,667,false],"medium":["https:\/\/pornuestrolaredo.com\/wp-content\/uploads\/2023\/02\/Stereo91-20230214-6-300x200.jpg",300,200,true],"thumbnail":["https:\/\/pornuestrolaredo.com\/wp-content\/uploads\/2023\/02\/Stereo91-20230214-6-150x150.jpg",150,150,true]},"magazine_blocks_author":{"display_name":"Redactor","author_link":"https:\/\/pornuestrolaredo.com\/?author=1"},"magazine_blocks_comment":0,"magazine_blocks_author_image":"https:\/\/pornuestrolaredo.com\/wp-content\/litespeed\/avatar\/dca1d7ec750c399f025f23b0b314f4cf.jpg?ver=1777612120","magazine_blocks_category":"<a href=\"#\" class=\"category-link category-link-9\">El Mundo<\/a>","jetpack_publicize_connections":[],"featured_image_urls":{"full":["https:\/\/pornuestrolaredo.com\/wp-content\/uploads\/2023\/02\/Stereo91-20230214-6.jpg",1000,667,false],"thumbnail":["https:\/\/pornuestrolaredo.com\/wp-content\/uploads\/2023\/02\/Stereo91-20230214-6-150x150.jpg",150,150,true],"medium":["https:\/\/pornuestrolaredo.com\/wp-content\/uploads\/2023\/02\/Stereo91-20230214-6-300x200.jpg",300,200,true],"medium_large":["https:\/\/pornuestrolaredo.com\/wp-content\/uploads\/2023\/02\/Stereo91-20230214-6-768x512.jpg",640,427,true],"large":["https:\/\/pornuestrolaredo.com\/wp-content\/uploads\/2023\/02\/Stereo91-20230214-6.jpg",640,427,false],"1536x1536":["https:\/\/pornuestrolaredo.com\/wp-content\/uploads\/2023\/02\/Stereo91-20230214-6.jpg",1000,667,false],"2048x2048":["https:\/\/pornuestrolaredo.com\/wp-content\/uploads\/2023\/02\/Stereo91-20230214-6.jpg",1000,667,false],"morenews-large":["https:\/\/pornuestrolaredo.com\/wp-content\/uploads\/2023\/02\/Stereo91-20230214-6.jpg",825,550,false],"morenews-medium":["https:\/\/pornuestrolaredo.com\/wp-content\/uploads\/2023\/02\/Stereo91-20230214-6.jpg",590,394,false]},"author_info":{"info":["Redactor"]},"category_info":"<a href=\"https:\/\/pornuestrolaredo.com\/?cat=9\" rel=\"category\">El Mundo<\/a>","tag_info":"El Mundo","comment_count":"0","jetpack_featured_media_url":"https:\/\/pornuestrolaredo.com\/wp-content\/uploads\/2023\/02\/Stereo91-20230214-6.jpg","jetpack_sharing_enabled":true,"_links":{"self":[{"href":"https:\/\/pornuestrolaredo.com\/index.php?rest_route=\/wp\/v2\/posts\/1894","targetHints":{"allow":["GET"]}}],"collection":[{"href":"https:\/\/pornuestrolaredo.com\/index.php?rest_route=\/wp\/v2\/posts"}],"about":[{"href":"https:\/\/pornuestrolaredo.com\/index.php?rest_route=\/wp\/v2\/types\/post"}],"author":[{"embeddable":true,"href":"https:\/\/pornuestrolaredo.com\/index.php?rest_route=\/wp\/v2\/users\/1"}],"replies":[{"embeddable":true,"href":"https:\/\/pornuestrolaredo.com\/index.php?rest_route=%2Fwp%2Fv2%2Fcomments&post=1894"}],"version-history":[{"count":1,"href":"https:\/\/pornuestrolaredo.com\/index.php?rest_route=\/wp\/v2\/posts\/1894\/revisions"}],"predecessor-version":[{"id":1896,"href":"https:\/\/pornuestrolaredo.com\/index.php?rest_route=\/wp\/v2\/posts\/1894\/revisions\/1896"}],"wp:featuredmedia":[{"embeddable":true,"href":"https:\/\/pornuestrolaredo.com\/index.php?rest_route=\/wp\/v2\/media\/1895"}],"wp:attachment":[{"href":"https:\/\/pornuestrolaredo.com\/index.php?rest_route=%2Fwp%2Fv2%2Fmedia&parent=1894"}],"wp:term":[{"taxonomy":"category","embeddable":true,"href":"https:\/\/pornuestrolaredo.com\/index.php?rest_route=%2Fwp%2Fv2%2Fcategories&post=1894"},{"taxonomy":"post_tag","embeddable":true,"href":"https:\/\/pornuestrolaredo.com\/index.php?rest_route=%2Fwp%2Fv2%2Ftags&post=1894"}],"curies":[{"name":"wp","href":"https:\/\/api.w.org\/{rel}","templated":true}]}}