{"id":1897,"date":"2023-02-15T06:51:32","date_gmt":"2023-02-15T06:51:32","guid":{"rendered":"https:\/\/pornuestrolaredo.com\/?p=1897"},"modified":"2023-02-15T06:53:02","modified_gmt":"2023-02-15T06:53:02","slug":"vuelve-luis-miguel-a-los-escenarios","status":"publish","type":"post","link":"https:\/\/pornuestrolaredo.com\/?p=1897","title":{"rendered":"Vuelve Luis Miguel a los escenarios"},"content":{"rendered":"<p><strong><em>CIUDAD DE M\u00c9XICO.-<\/em><\/strong> La noticia m\u00e1s esperada por los fans de Luis Miguel lleg\u00f3 este martes: el int\u00e9rprete de \u201cSuave\u201d, \u201cM\u00e9xico en la Piel\u201d, \u201cLa Incondicional\u201d y \u201cHasta que me Olvides\u201d tendr\u00e1 una nueva gira de conciertos este 2023.<\/p>\n<p>\u201cEl Sol\u201d sorprendi\u00f3 a sus admiradores al anunciar en su cuenta oficial de Instagram que prepara su regreso a los escenarios luego de una larga ausencia.<\/p>\n<p>Sin revelar m\u00e1s detalles sobre dicho tour, el cantante s\u00f3lo se limit\u00f3 a publicar una imagen de su rostro, sonriendo. La fotograf\u00eda, en menos de una hora, ya contaba con poco m\u00e1s de 300 mil \u201cme gusta\u201d.<\/p>\n<p>Tan pronto anunci\u00f3 el que hasta ahora es llamado \u201cLuis Miguel Tour 2023\u201d, varios de sus 2.4 millones de seguidores empezaron a viralizar la noticia y a expresar su emoci\u00f3n por la misma.<\/p>\n<blockquote><p>Me muerooo\u201d, escribi\u00f3 la usuaria @phedgabustillo en Instagram. \u201cSe\u00f1or, me has mirado a los ojos&#8230;\u201d, fue la expresi\u00f3n que tuvo otra internauta, de nombre @chichoariasr. <\/p><\/blockquote>\n<p>De acuerdo con fuentes, Luis Miguel, de 52 a\u00f1os, tendr\u00eda planes de realizar un tour de aproximadamente unos 200 conciertos.<\/p>\n","protected":false},"excerpt":{"rendered":"<p>\u2018El Sol\u2019 regala a sus fans una nueva gira de conciertos, unos 200 , seg\u00fan fuentes cercanas al cantante<\/p>\n","protected":false},"author":1,"featured_media":1898,"comment_status":"closed","ping_status":"closed","sticky":false,"template":"","format":"standard","meta":{"_crdt_document":"","_jetpack_memberships_contains_paid_content":false,"footnotes":"","jetpack_publicize_message":"","jetpack_publicize_feature_enabled":true,"jetpack_social_post_already_shared":true,"jetpack_social_options":{"image_generator_settings":{"template":"highway","default_image_id":0,"font":"","enabled":false},"version":2},"_wpas_customize_per_network":false},"categories":[34],"tags":[],"class_list":["post-1897","post","type-post","status-publish","format-standard","has-post-thumbnail","hentry","category-farandula"],"magazineBlocksPostFeaturedMedia":{"thumbnail":"https:\/\/pornuestrolaredo.com\/wp-content\/uploads\/2023\/02\/107FM-20230214-6-150x150.jpg","medium":"https:\/\/pornuestrolaredo.com\/wp-content\/uploads\/2023\/02\/107FM-20230214-6-300x151.jpg","medium_large":"https:\/\/pornuestrolaredo.com\/wp-content\/uploads\/2023\/02\/107FM-20230214-6-768x388.jpg","large":"https:\/\/pornuestrolaredo.com\/wp-content\/uploads\/2023\/02\/107FM-20230214-6.jpg","1536x1536":"https:\/\/pornuestrolaredo.com\/wp-content\/uploads\/2023\/02\/107FM-20230214-6.jpg","2048x2048":"https:\/\/pornuestrolaredo.com\/wp-content\/uploads\/2023\/02\/107FM-20230214-6.jpg","morenews-large":"https:\/\/pornuestrolaredo.com\/wp-content\/uploads\/2023\/02\/107FM-20230214-6.jpg","morenews-medium":"https:\/\/pornuestrolaredo.com\/wp-content\/uploads\/2023\/02\/107FM-20230214-6.jpg"},"magazineBlocksPostAuthor":{"name":"Redactor","avatar":"https:\/\/pornuestrolaredo.com\/wp-content\/litespeed\/avatar\/dca1d7ec750c399f025f23b0b314f4cf.jpg?ver=1777612120"},"magazineBlocksPostCommentsNumber":false,"magazineBlocksPostExcerpt":"\u2018El Sol\u2019 regala a sus fans una nueva gira de conciertos, unos 200 , seg\u00fan fuentes cercanas al cantante","magazineBlocksPostCategories":["Far\u00e1ndula"],"magazineBlocksPostViewCount":142,"magazineBlocksPostReadTime":1,"magazine_blocks_featured_image_url":{"full":["https:\/\/pornuestrolaredo.com\/wp-content\/uploads\/2023\/02\/107FM-20230214-6.jpg",850,429,false],"medium":["https:\/\/pornuestrolaredo.com\/wp-content\/uploads\/2023\/02\/107FM-20230214-6-300x151.jpg",300,151,true],"thumbnail":["https:\/\/pornuestrolaredo.com\/wp-content\/uploads\/2023\/02\/107FM-20230214-6-150x150.jpg",150,150,true]},"magazine_blocks_author":{"display_name":"Redactor","author_link":"https:\/\/pornuestrolaredo.com\/?author=1"},"magazine_blocks_comment":0,"magazine_blocks_author_image":"https:\/\/pornuestrolaredo.com\/wp-content\/litespeed\/avatar\/dca1d7ec750c399f025f23b0b314f4cf.jpg?ver=1777612120","magazine_blocks_category":"<a href=\"#\" class=\"category-link category-link-34\">Far\u00e1ndula<\/a>","jetpack_publicize_connections":[],"featured_image_urls":{"full":["https:\/\/pornuestrolaredo.com\/wp-content\/uploads\/2023\/02\/107FM-20230214-6.jpg",850,429,false],"thumbnail":["https:\/\/pornuestrolaredo.com\/wp-content\/uploads\/2023\/02\/107FM-20230214-6-150x150.jpg",150,150,true],"medium":["https:\/\/pornuestrolaredo.com\/wp-content\/uploads\/2023\/02\/107FM-20230214-6-300x151.jpg",300,151,true],"medium_large":["https:\/\/pornuestrolaredo.com\/wp-content\/uploads\/2023\/02\/107FM-20230214-6-768x388.jpg",640,323,true],"large":["https:\/\/pornuestrolaredo.com\/wp-content\/uploads\/2023\/02\/107FM-20230214-6.jpg",640,323,false],"1536x1536":["https:\/\/pornuestrolaredo.com\/wp-content\/uploads\/2023\/02\/107FM-20230214-6.jpg",850,429,false],"2048x2048":["https:\/\/pornuestrolaredo.com\/wp-content\/uploads\/2023\/02\/107FM-20230214-6.jpg",850,429,false],"morenews-large":["https:\/\/pornuestrolaredo.com\/wp-content\/uploads\/2023\/02\/107FM-20230214-6.jpg",825,416,false],"morenews-medium":["https:\/\/pornuestrolaredo.com\/wp-content\/uploads\/2023\/02\/107FM-20230214-6.jpg",590,298,false]},"author_info":{"info":["Redactor"]},"category_info":"<a href=\"https:\/\/pornuestrolaredo.com\/?cat=34\" rel=\"category\">Far\u00e1ndula<\/a>","tag_info":"Far\u00e1ndula","comment_count":"0","jetpack_featured_media_url":"https:\/\/pornuestrolaredo.com\/wp-content\/uploads\/2023\/02\/107FM-20230214-6.jpg","jetpack_sharing_enabled":true,"_links":{"self":[{"href":"https:\/\/pornuestrolaredo.com\/index.php?rest_route=\/wp\/v2\/posts\/1897","targetHints":{"allow":["GET"]}}],"collection":[{"href":"https:\/\/pornuestrolaredo.com\/index.php?rest_route=\/wp\/v2\/posts"}],"about":[{"href":"https:\/\/pornuestrolaredo.com\/index.php?rest_route=\/wp\/v2\/types\/post"}],"author":[{"embeddable":true,"href":"https:\/\/pornuestrolaredo.com\/index.php?rest_route=\/wp\/v2\/users\/1"}],"replies":[{"embeddable":true,"href":"https:\/\/pornuestrolaredo.com\/index.php?rest_route=%2Fwp%2Fv2%2Fcomments&post=1897"}],"version-history":[{"count":1,"href":"https:\/\/pornuestrolaredo.com\/index.php?rest_route=\/wp\/v2\/posts\/1897\/revisions"}],"predecessor-version":[{"id":1899,"href":"https:\/\/pornuestrolaredo.com\/index.php?rest_route=\/wp\/v2\/posts\/1897\/revisions\/1899"}],"wp:featuredmedia":[{"embeddable":true,"href":"https:\/\/pornuestrolaredo.com\/index.php?rest_route=\/wp\/v2\/media\/1898"}],"wp:attachment":[{"href":"https:\/\/pornuestrolaredo.com\/index.php?rest_route=%2Fwp%2Fv2%2Fmedia&parent=1897"}],"wp:term":[{"taxonomy":"category","embeddable":true,"href":"https:\/\/pornuestrolaredo.com\/index.php?rest_route=%2Fwp%2Fv2%2Fcategories&post=1897"},{"taxonomy":"post_tag","embeddable":true,"href":"https:\/\/pornuestrolaredo.com\/index.php?rest_route=%2Fwp%2Fv2%2Ftags&post=1897"}],"curies":[{"name":"wp","href":"https:\/\/api.w.org\/{rel}","templated":true}]}}