{"id":1900,"date":"2023-02-15T21:10:46","date_gmt":"2023-02-15T21:10:46","guid":{"rendered":"https:\/\/pornuestrolaredo.com\/?p=1900"},"modified":"2023-02-15T21:10:46","modified_gmt":"2023-02-15T21:10:46","slug":"muere-raquel-welch-sex-symbol-de-hollywood","status":"publish","type":"post","link":"https:\/\/pornuestrolaredo.com\/?p=1900","title":{"rendered":"Muere Raquel Welch, sex symbol de Hollywood"},"content":{"rendered":"<p><strong><em>LOS \u00c1NGELES.-<\/em><\/strong> Raquel Welch, actriz y sex symbol que salt\u00f3 a la fama en los a\u00f1os 60s, muri\u00f3 a los 82 a\u00f1os, inform\u00f3 el medio TMZ.<\/p>\n<p>La familia cercana a la actriz le confirm\u00f3 al medio que esta ma\u00f1ana muri\u00f3 Raquel en la ciudad de Los \u00c1ngeles debido a una breve enfermedad que no quisieron revelar.<\/p>\n<p>Raquel naci\u00f3 el 5 de septiembre de 1940 en Estados Unidos y sus primeras apariciones en televisi\u00f3n fueron los programas Bewitched y The Virginian. Despu\u00e9s salt\u00f3 a la fama en 1966 con los filmes Fantastic Voyage y One Million Years BC, a partir de ese momento se hizo una de las actrices m\u00e1s famosas y bien pagadas de Hollywood debido a sus atributos f\u00edsicos.<\/p>\n<p>Posteriormente la tambi\u00e9n modelo incursion\u00f3 en cine m\u00e1s sofisticado que la hizo llevarse a casa el Globo de Oro a Mejor Actriz en una Pel\u00edcula Comedia Musical por Los Tres Mosqueteros, en el a\u00f1o 1974.<\/p>\n<p>La revista Playboy nombr\u00f3 a Raquel Welch una de las 100 estrellas m\u00e1s sexys en la historia del cine en el a\u00f1o 1995, sin embargo la actriz dijo en una entrevista que este tipo de listas no importaban, pues ella se abri\u00f3 camino por su talento en la actuaci\u00f3n.<\/p>\n<p>Durante toda su carrera, muchos productores quer\u00edan que la actriz apareciera en escenas desnuda, sin embargo nunca lo hizo porque asegura que no va con los valores y su educaci\u00f3n.<\/p>\n<p>Welch se cas\u00f3 en cuatro ocasiones con Patrick Curtis, Andr\u00e9 Weindfeld y Richard Palmer y James. Tuvo dos hijos: Damon y Tahnee.<\/p>\n<p>Una de sus \u00faltimas apariciones de Raquel en el cine fue a lado de Eugenio Derbez en la pel\u00edcula C\u00f3mo Ser un Latin Lover, estrenada en 2017. Este filme tuvo buena aceptaci\u00f3n en la taquilla de Estados Unidos, pues recaud\u00f3 12 millones de d\u00f3lares en un fin de semana.<\/p>\n<p>En una entrevista, Raquel Welch coment\u00f3 que qued\u00f3 fascinada con el actor de Acapulco por su gran carisma y coraz\u00f3n.<\/p>\n<blockquote><p>Amo a Eugenio. Es adorable. Sin embargo, tambi\u00e9n lo he visto en actitud muy seria, y hasta me pregunto: \u00bfser\u00e1 el mismo?. Es extremadamente inteligente, muy talentoso, encantador, sexy, \u00a1todo!&#8221;, dijo.<\/p><\/blockquote>\n","protected":false},"excerpt":{"rendered":"<p>La actriz ten\u00eda 82 a\u00f1os y falleci\u00f3 debido a una enfermedad que no ha sido dada a conocer<\/p>\n","protected":false},"author":1,"featured_media":1901,"comment_status":"closed","ping_status":"closed","sticky":false,"template":"","format":"standard","meta":{"_crdt_document":"","_jetpack_memberships_contains_paid_content":false,"footnotes":"","jetpack_publicize_message":"","jetpack_publicize_feature_enabled":true,"jetpack_social_post_already_shared":true,"jetpack_social_options":{"image_generator_settings":{"template":"highway","default_image_id":0,"font":"","enabled":false},"version":2},"_wpas_customize_per_network":false},"categories":[34],"tags":[],"class_list":["post-1900","post","type-post","status-publish","format-standard","has-post-thumbnail","hentry","category-farandula"],"magazineBlocksPostFeaturedMedia":{"thumbnail":"https:\/\/pornuestrolaredo.com\/wp-content\/uploads\/2023\/02\/PNL-20230215-1-150x150.jpg","medium":"https:\/\/pornuestrolaredo.com\/wp-content\/uploads\/2023\/02\/PNL-20230215-1-300x150.jpg","medium_large":"https:\/\/pornuestrolaredo.com\/wp-content\/uploads\/2023\/02\/PNL-20230215-1-768x384.jpg","large":"https:\/\/pornuestrolaredo.com\/wp-content\/uploads\/2023\/02\/PNL-20230215-1-1024x512.jpg","1536x1536":"https:\/\/pornuestrolaredo.com\/wp-content\/uploads\/2023\/02\/PNL-20230215-1.jpg","2048x2048":"https:\/\/pornuestrolaredo.com\/wp-content\/uploads\/2023\/02\/PNL-20230215-1.jpg","morenews-large":"https:\/\/pornuestrolaredo.com\/wp-content\/uploads\/2023\/02\/PNL-20230215-1.jpg","morenews-medium":"https:\/\/pornuestrolaredo.com\/wp-content\/uploads\/2023\/02\/PNL-20230215-1.jpg"},"magazineBlocksPostAuthor":{"name":"Redactor","avatar":"https:\/\/pornuestrolaredo.com\/wp-content\/litespeed\/avatar\/dca1d7ec750c399f025f23b0b314f4cf.jpg?ver=1777612120"},"magazineBlocksPostCommentsNumber":false,"magazineBlocksPostExcerpt":"La actriz ten\u00eda 82 a\u00f1os y falleci\u00f3 debido a una enfermedad que no ha sido dada a conocer","magazineBlocksPostCategories":["Far\u00e1ndula"],"magazineBlocksPostViewCount":153,"magazineBlocksPostReadTime":2,"magazine_blocks_featured_image_url":{"full":["https:\/\/pornuestrolaredo.com\/wp-content\/uploads\/2023\/02\/PNL-20230215-1.jpg",1200,600,false],"medium":["https:\/\/pornuestrolaredo.com\/wp-content\/uploads\/2023\/02\/PNL-20230215-1-300x150.jpg",300,150,true],"thumbnail":["https:\/\/pornuestrolaredo.com\/wp-content\/uploads\/2023\/02\/PNL-20230215-1-150x150.jpg",150,150,true]},"magazine_blocks_author":{"display_name":"Redactor","author_link":"https:\/\/pornuestrolaredo.com\/?author=1"},"magazine_blocks_comment":0,"magazine_blocks_author_image":"https:\/\/pornuestrolaredo.com\/wp-content\/litespeed\/avatar\/dca1d7ec750c399f025f23b0b314f4cf.jpg?ver=1777612120","magazine_blocks_category":"<a href=\"#\" class=\"category-link category-link-34\">Far\u00e1ndula<\/a>","jetpack_publicize_connections":[],"featured_image_urls":{"full":["https:\/\/pornuestrolaredo.com\/wp-content\/uploads\/2023\/02\/PNL-20230215-1.jpg",1200,600,false],"thumbnail":["https:\/\/pornuestrolaredo.com\/wp-content\/uploads\/2023\/02\/PNL-20230215-1-150x150.jpg",150,150,true],"medium":["https:\/\/pornuestrolaredo.com\/wp-content\/uploads\/2023\/02\/PNL-20230215-1-300x150.jpg",300,150,true],"medium_large":["https:\/\/pornuestrolaredo.com\/wp-content\/uploads\/2023\/02\/PNL-20230215-1-768x384.jpg",640,320,true],"large":["https:\/\/pornuestrolaredo.com\/wp-content\/uploads\/2023\/02\/PNL-20230215-1-1024x512.jpg",640,320,true],"1536x1536":["https:\/\/pornuestrolaredo.com\/wp-content\/uploads\/2023\/02\/PNL-20230215-1.jpg",1200,600,false],"2048x2048":["https:\/\/pornuestrolaredo.com\/wp-content\/uploads\/2023\/02\/PNL-20230215-1.jpg",1200,600,false],"morenews-large":["https:\/\/pornuestrolaredo.com\/wp-content\/uploads\/2023\/02\/PNL-20230215-1.jpg",825,413,false],"morenews-medium":["https:\/\/pornuestrolaredo.com\/wp-content\/uploads\/2023\/02\/PNL-20230215-1.jpg",590,295,false]},"author_info":{"info":["Redactor"]},"category_info":"<a href=\"https:\/\/pornuestrolaredo.com\/?cat=34\" rel=\"category\">Far\u00e1ndula<\/a>","tag_info":"Far\u00e1ndula","comment_count":"0","jetpack_featured_media_url":"https:\/\/pornuestrolaredo.com\/wp-content\/uploads\/2023\/02\/PNL-20230215-1.jpg","jetpack_sharing_enabled":true,"_links":{"self":[{"href":"https:\/\/pornuestrolaredo.com\/index.php?rest_route=\/wp\/v2\/posts\/1900","targetHints":{"allow":["GET"]}}],"collection":[{"href":"https:\/\/pornuestrolaredo.com\/index.php?rest_route=\/wp\/v2\/posts"}],"about":[{"href":"https:\/\/pornuestrolaredo.com\/index.php?rest_route=\/wp\/v2\/types\/post"}],"author":[{"embeddable":true,"href":"https:\/\/pornuestrolaredo.com\/index.php?rest_route=\/wp\/v2\/users\/1"}],"replies":[{"embeddable":true,"href":"https:\/\/pornuestrolaredo.com\/index.php?rest_route=%2Fwp%2Fv2%2Fcomments&post=1900"}],"version-history":[{"count":1,"href":"https:\/\/pornuestrolaredo.com\/index.php?rest_route=\/wp\/v2\/posts\/1900\/revisions"}],"predecessor-version":[{"id":1902,"href":"https:\/\/pornuestrolaredo.com\/index.php?rest_route=\/wp\/v2\/posts\/1900\/revisions\/1902"}],"wp:featuredmedia":[{"embeddable":true,"href":"https:\/\/pornuestrolaredo.com\/index.php?rest_route=\/wp\/v2\/media\/1901"}],"wp:attachment":[{"href":"https:\/\/pornuestrolaredo.com\/index.php?rest_route=%2Fwp%2Fv2%2Fmedia&parent=1900"}],"wp:term":[{"taxonomy":"category","embeddable":true,"href":"https:\/\/pornuestrolaredo.com\/index.php?rest_route=%2Fwp%2Fv2%2Fcategories&post=1900"},{"taxonomy":"post_tag","embeddable":true,"href":"https:\/\/pornuestrolaredo.com\/index.php?rest_route=%2Fwp%2Fv2%2Ftags&post=1900"}],"curies":[{"name":"wp","href":"https:\/\/api.w.org\/{rel}","templated":true}]}}