{"id":1913,"date":"2023-02-16T20:06:39","date_gmt":"2023-02-16T20:06:39","guid":{"rendered":"https:\/\/pornuestrolaredo.com\/?p=1913"},"modified":"2023-02-16T20:06:39","modified_gmt":"2023-02-16T20:06:39","slug":"reportan-impacto-de-meteorito-en-el-sur-de-texas","status":"publish","type":"post","link":"https:\/\/pornuestrolaredo.com\/?p=1913","title":{"rendered":"Reportan impacto de meteorito en el sur de Texas"},"content":{"rendered":"<p><strong><em>MCALLEN, Texas.-<\/em><\/strong> Pobladores del concado de Hidalgo, en el sur de Texas, aseguraron la noche de este mi\u00e9rcoles, que un meteorito se estrell\u00f3 en alg\u00fan punto entre McAllen, Mission y Edinburg.<\/p>\n<p>Los ciudadanos dijeron que cerca de las 5:00 de la tarde del jueves se escuch\u00f3 una gran explosi\u00f3n, muy cerca de la frontera con M\u00e9xico.<\/p>\n<p>Por la noche, el sheriff del condado, Eddie Guerra, inform\u00f3 mediante redes sociales que hab\u00eda sido informado de un posible meteorito sobre esta zona sin que hasta el momento se conociera el punto exacto del impacto.<\/p>\n<blockquote><p>Compa\u00f1eros federales me informaron que el Control de Tr\u00e1fico A\u00e9reo de Houston recibi\u00f3 informes de dos aviones que vieron un meteorito al oeste de McAllen. Se desconoce el punto exacto del impacto. No se han recibido reportes de ning\u00fan da\u00f1o en esa \u00e1rea&#8221;, escribi\u00f3 Guerra en su cuenta de Twitter.<\/p><\/blockquote>\n<p>El Servicio Meteorol\u00f3gico Nacional (NWS, por sus siglas en ingl\u00e9s) en Brownsville public\u00f3 en su cuenta de Twitter que hab\u00edan detectado una se\u00f1al con una de sus herramientas satelitales, sin que confirmaran la versi\u00f3n del meteorito.<\/p>\n<blockquote><p>Ha habido informes de un posible meteorito esta tarde al oeste de McAllen. Una de las herramientas satelitales que usamos es Geostationary Lightning Mapper y mide los rayos observados desde el espacio. GLM detect\u00f3 una se\u00f1al a las 5:23 p.m. sin tormentas alrededor. A\u00fan no hay confirmaci\u00f3n oficial\u201d, public\u00f3 en NWS. <\/p><\/blockquote>\n<p>Mientras tanto, los reportes sobre temblores en la tierra y el sonido de una fuerte explosi\u00f3n en la zona se mantienen en redes sociales, aunque las autoridades correspondientes hasta el momento no han confirmado ni descartado el impacto del meteorito en el \u00e1rea del valle de Texas.<\/p>\n","protected":false},"excerpt":{"rendered":"<p>El sheriff del condado, Eddie Guerra, inform\u00f3 mediante redes sociales que hab\u00eda sido informado del avistamiento de una luz en el cielo<\/p>\n","protected":false},"author":1,"featured_media":1914,"comment_status":"closed","ping_status":"closed","sticky":false,"template":"","format":"standard","meta":{"_crdt_document":"","_jetpack_memberships_contains_paid_content":false,"footnotes":"","jetpack_publicize_message":"","jetpack_publicize_feature_enabled":true,"jetpack_social_post_already_shared":true,"jetpack_social_options":{"image_generator_settings":{"template":"highway","default_image_id":0,"font":"","enabled":false},"version":2},"_wpas_customize_per_network":false},"categories":[9],"tags":[],"class_list":["post-1913","post","type-post","status-publish","format-standard","has-post-thumbnail","hentry","category-el-mundo"],"magazineBlocksPostFeaturedMedia":{"thumbnail":"https:\/\/pornuestrolaredo.com\/wp-content\/uploads\/2023\/02\/Stereo91-20230216-2-150x150.jpg","medium":"https:\/\/pornuestrolaredo.com\/wp-content\/uploads\/2023\/02\/Stereo91-20230216-2-300x169.jpg","medium_large":"https:\/\/pornuestrolaredo.com\/wp-content\/uploads\/2023\/02\/Stereo91-20230216-2-768x432.jpg","large":"https:\/\/pornuestrolaredo.com\/wp-content\/uploads\/2023\/02\/Stereo91-20230216-2-1024x576.jpg","1536x1536":"https:\/\/pornuestrolaredo.com\/wp-content\/uploads\/2023\/02\/Stereo91-20230216-2.jpg","2048x2048":"https:\/\/pornuestrolaredo.com\/wp-content\/uploads\/2023\/02\/Stereo91-20230216-2.jpg","morenews-large":"https:\/\/pornuestrolaredo.com\/wp-content\/uploads\/2023\/02\/Stereo91-20230216-2.jpg","morenews-medium":"https:\/\/pornuestrolaredo.com\/wp-content\/uploads\/2023\/02\/Stereo91-20230216-2.jpg"},"magazineBlocksPostAuthor":{"name":"Redactor","avatar":"https:\/\/pornuestrolaredo.com\/wp-content\/litespeed\/avatar\/dca1d7ec750c399f025f23b0b314f4cf.jpg?ver=1777612120"},"magazineBlocksPostCommentsNumber":false,"magazineBlocksPostExcerpt":"El sheriff del condado, Eddie Guerra, inform\u00f3 mediante redes sociales que hab\u00eda sido informado del avistamiento de una luz en el cielo","magazineBlocksPostCategories":["El Mundo"],"magazineBlocksPostViewCount":133,"magazineBlocksPostReadTime":2,"magazine_blocks_featured_image_url":{"full":["https:\/\/pornuestrolaredo.com\/wp-content\/uploads\/2023\/02\/Stereo91-20230216-2.jpg",1200,675,false],"medium":["https:\/\/pornuestrolaredo.com\/wp-content\/uploads\/2023\/02\/Stereo91-20230216-2-300x169.jpg",300,169,true],"thumbnail":["https:\/\/pornuestrolaredo.com\/wp-content\/uploads\/2023\/02\/Stereo91-20230216-2-150x150.jpg",150,150,true]},"magazine_blocks_author":{"display_name":"Redactor","author_link":"https:\/\/pornuestrolaredo.com\/?author=1"},"magazine_blocks_comment":0,"magazine_blocks_author_image":"https:\/\/pornuestrolaredo.com\/wp-content\/litespeed\/avatar\/dca1d7ec750c399f025f23b0b314f4cf.jpg?ver=1777612120","magazine_blocks_category":"<a href=\"#\" class=\"category-link category-link-9\">El Mundo<\/a>","jetpack_publicize_connections":[],"featured_image_urls":{"full":["https:\/\/pornuestrolaredo.com\/wp-content\/uploads\/2023\/02\/Stereo91-20230216-2.jpg",1200,675,false],"thumbnail":["https:\/\/pornuestrolaredo.com\/wp-content\/uploads\/2023\/02\/Stereo91-20230216-2-150x150.jpg",150,150,true],"medium":["https:\/\/pornuestrolaredo.com\/wp-content\/uploads\/2023\/02\/Stereo91-20230216-2-300x169.jpg",300,169,true],"medium_large":["https:\/\/pornuestrolaredo.com\/wp-content\/uploads\/2023\/02\/Stereo91-20230216-2-768x432.jpg",640,360,true],"large":["https:\/\/pornuestrolaredo.com\/wp-content\/uploads\/2023\/02\/Stereo91-20230216-2-1024x576.jpg",640,360,true],"1536x1536":["https:\/\/pornuestrolaredo.com\/wp-content\/uploads\/2023\/02\/Stereo91-20230216-2.jpg",1200,675,false],"2048x2048":["https:\/\/pornuestrolaredo.com\/wp-content\/uploads\/2023\/02\/Stereo91-20230216-2.jpg",1200,675,false],"morenews-large":["https:\/\/pornuestrolaredo.com\/wp-content\/uploads\/2023\/02\/Stereo91-20230216-2.jpg",825,464,false],"morenews-medium":["https:\/\/pornuestrolaredo.com\/wp-content\/uploads\/2023\/02\/Stereo91-20230216-2.jpg",590,332,false]},"author_info":{"info":["Redactor"]},"category_info":"<a href=\"https:\/\/pornuestrolaredo.com\/?cat=9\" rel=\"category\">El Mundo<\/a>","tag_info":"El Mundo","comment_count":"0","jetpack_featured_media_url":"https:\/\/pornuestrolaredo.com\/wp-content\/uploads\/2023\/02\/Stereo91-20230216-2.jpg","jetpack_sharing_enabled":true,"_links":{"self":[{"href":"https:\/\/pornuestrolaredo.com\/index.php?rest_route=\/wp\/v2\/posts\/1913","targetHints":{"allow":["GET"]}}],"collection":[{"href":"https:\/\/pornuestrolaredo.com\/index.php?rest_route=\/wp\/v2\/posts"}],"about":[{"href":"https:\/\/pornuestrolaredo.com\/index.php?rest_route=\/wp\/v2\/types\/post"}],"author":[{"embeddable":true,"href":"https:\/\/pornuestrolaredo.com\/index.php?rest_route=\/wp\/v2\/users\/1"}],"replies":[{"embeddable":true,"href":"https:\/\/pornuestrolaredo.com\/index.php?rest_route=%2Fwp%2Fv2%2Fcomments&post=1913"}],"version-history":[{"count":1,"href":"https:\/\/pornuestrolaredo.com\/index.php?rest_route=\/wp\/v2\/posts\/1913\/revisions"}],"predecessor-version":[{"id":1915,"href":"https:\/\/pornuestrolaredo.com\/index.php?rest_route=\/wp\/v2\/posts\/1913\/revisions\/1915"}],"wp:featuredmedia":[{"embeddable":true,"href":"https:\/\/pornuestrolaredo.com\/index.php?rest_route=\/wp\/v2\/media\/1914"}],"wp:attachment":[{"href":"https:\/\/pornuestrolaredo.com\/index.php?rest_route=%2Fwp%2Fv2%2Fmedia&parent=1913"}],"wp:term":[{"taxonomy":"category","embeddable":true,"href":"https:\/\/pornuestrolaredo.com\/index.php?rest_route=%2Fwp%2Fv2%2Fcategories&post=1913"},{"taxonomy":"post_tag","embeddable":true,"href":"https:\/\/pornuestrolaredo.com\/index.php?rest_route=%2Fwp%2Fv2%2Ftags&post=1913"}],"curies":[{"name":"wp","href":"https:\/\/api.w.org\/{rel}","templated":true}]}}