{"id":1917,"date":"2023-02-17T00:47:02","date_gmt":"2023-02-17T00:47:02","guid":{"rendered":"https:\/\/pornuestrolaredo.com\/?p=1917"},"modified":"2023-02-17T00:47:02","modified_gmt":"2023-02-17T00:47:02","slug":"listo-el-traje-de-bano-ya-viene-semana-santa","status":"publish","type":"post","link":"https:\/\/pornuestrolaredo.com\/?p=1917","title":{"rendered":"\u00bfListo el traje de ba\u00f1o? Ya viene Semana Santa"},"content":{"rendered":"<p><strong><em>LOS DOS LAREDOS.-<\/em><\/strong> La Semana Santa est\u00e1 cerca\u2026 \u00bfya tienes listo en traje de ba\u00f1o?<\/p>\n<p>Ok, estamos exagerando un poco, pues la Semana Santa, un periodo en el que muchas personas aprovechan para disfrutar de unas cortas vacaciones este a\u00f1o ser\u00e1 en los primeros d\u00edas de abril.<\/p>\n<p>Pero si eres de las personas que se ir\u00e1n a la playa o, por lo menos, organizar\u00e1 una albercada aqu\u00ed en el pueblo, pues quedan algunos d\u00edas que puedes aprovechar en el gimnasio para lucir mejor el traje de ba\u00f1o.<\/p>\n<p>Adem\u00e1s, es importante ir reservando los alojamientos y definir de una vez por todas cu\u00e1l ser\u00e1 el lugar para descansar al menos un par de d\u00edas.<\/p>\n<p>La celebraci\u00f3n religiosa en la que se recuerda la pasi\u00f3n, muerte y resurrecci\u00f3n de Jesucristo inicia con el Domingo de Ramos y acaba con el Domingo de Resurrecci\u00f3n y pese a que se realiza cada a\u00f1o, no cuenta con un d\u00eda establecido en el calendario, por ello aqu\u00ed te decimos cu\u00e1ndo inicia la Semana Santa 2023.<\/p>\n<p>De acuerdo con el calendario lit\u00fargico, la celebraci\u00f3n religiosa inicia el domingo 2 de abril, con el Domingo de Ramos, d\u00eda en el que se recuerda la entrada de Jes\u00fas a Jerusal\u00e9n. Simb\u00f3licamente es la \u201cpuerta de entrada\u201d en la que los cristianos se preparan para entrar en la Semana Santa y, por tanto, para dirigirse a la Pascua.<\/p>\n<p>El calendario indica que Jueves Santo se celebrar\u00e1 el 6 de abril de 2023, el Viernes Santo el 7 de abril de 2023, el S\u00e1bado de Gloria el 8 de abril de 2023 y el Domingo de Resurrecci\u00f3n el 9 del mismo mes.<\/p>\n<p>Y aunque no es un d\u00eda oficial, muchos mexicanos podr\u00e1n disfrutar de unos d\u00edas de descanso del jueves 6 y hasta el domingo 9 de abril con el megapuente de Semana Santa 2023.<\/p>\n<p>Los estudiantes de nivel b\u00e1sico tendr\u00e1n dos semanas de vacaciones, las cuales inician el lunes 3 de abril de 2023 y concluyen el viernes 14 de abril de 2023, seg\u00fan lo establecido en el calendario SEP 2023.<\/p>\n<p>En el calendario lit\u00fargico cat\u00f3lico y anglicano, corresponde al d\u00eda de comienzo de la Cuaresma y cada a\u00f1o ocurre en una fecha diferente, coincide siempre 46 d\u00edas antes de la Pascua y un d\u00eda despu\u00e9s del Martes de Carnaval. Por tanto, el Mi\u00e9rcoles de Ceniza 2023 caer\u00e1 el 22 de febrero. Para los cat\u00f3licos, este d\u00eda da comienzo a un periodo de penitencia, en el que predomina el tiempo de oraci\u00f3n y el ayuno. <\/p>\n<p>Tambi\u00e9n destaca el rito de la imposici\u00f3n de cenizas, una tradici\u00f3n reflejada en el Antiguo Testamento.<\/p>\n","protected":false},"excerpt":{"rendered":"<p>El 3 de abril, hay vacaciones para estudiantes y algunos adultos podr\u00e1n tomarse un descanso del Jueves Santo hasta el Domingo de Resurrecci\u00f3n<\/p>\n","protected":false},"author":1,"featured_media":1918,"comment_status":"closed","ping_status":"closed","sticky":false,"template":"","format":"standard","meta":{"_crdt_document":"","_jetpack_memberships_contains_paid_content":false,"footnotes":"","jetpack_publicize_message":"","jetpack_publicize_feature_enabled":true,"jetpack_social_post_already_shared":true,"jetpack_social_options":{"image_generator_settings":{"template":"highway","default_image_id":0,"font":"","enabled":false},"version":2},"_wpas_customize_per_network":false},"categories":[4],"tags":[],"class_list":["post-1917","post","type-post","status-publish","format-standard","has-post-thumbnail","hentry","category-los-dos-laredos"],"magazineBlocksPostFeaturedMedia":{"thumbnail":"https:\/\/pornuestrolaredo.com\/wp-content\/uploads\/2023\/02\/PNL-20230216-3-150x150.jpg","medium":"https:\/\/pornuestrolaredo.com\/wp-content\/uploads\/2023\/02\/PNL-20230216-3-300x153.jpg","medium_large":"https:\/\/pornuestrolaredo.com\/wp-content\/uploads\/2023\/02\/PNL-20230216-3-768x391.jpg","large":"https:\/\/pornuestrolaredo.com\/wp-content\/uploads\/2023\/02\/PNL-20230216-3.jpg","1536x1536":"https:\/\/pornuestrolaredo.com\/wp-content\/uploads\/2023\/02\/PNL-20230216-3.jpg","2048x2048":"https:\/\/pornuestrolaredo.com\/wp-content\/uploads\/2023\/02\/PNL-20230216-3.jpg","morenews-large":"https:\/\/pornuestrolaredo.com\/wp-content\/uploads\/2023\/02\/PNL-20230216-3.jpg","morenews-medium":"https:\/\/pornuestrolaredo.com\/wp-content\/uploads\/2023\/02\/PNL-20230216-3.jpg"},"magazineBlocksPostAuthor":{"name":"Redactor","avatar":"https:\/\/pornuestrolaredo.com\/wp-content\/litespeed\/avatar\/dca1d7ec750c399f025f23b0b314f4cf.jpg?ver=1777612120"},"magazineBlocksPostCommentsNumber":false,"magazineBlocksPostExcerpt":"El 3 de abril, hay vacaciones para estudiantes y algunos adultos podr\u00e1n tomarse un descanso del Jueves Santo hasta el Domingo de Resurrecci\u00f3n","magazineBlocksPostCategories":["Los dos Laredos"],"magazineBlocksPostViewCount":146,"magazineBlocksPostReadTime":3,"magazine_blocks_featured_image_url":{"full":["https:\/\/pornuestrolaredo.com\/wp-content\/uploads\/2023\/02\/PNL-20230216-3.jpg",850,433,false],"medium":["https:\/\/pornuestrolaredo.com\/wp-content\/uploads\/2023\/02\/PNL-20230216-3-300x153.jpg",300,153,true],"thumbnail":["https:\/\/pornuestrolaredo.com\/wp-content\/uploads\/2023\/02\/PNL-20230216-3-150x150.jpg",150,150,true]},"magazine_blocks_author":{"display_name":"Redactor","author_link":"https:\/\/pornuestrolaredo.com\/?author=1"},"magazine_blocks_comment":0,"magazine_blocks_author_image":"https:\/\/pornuestrolaredo.com\/wp-content\/litespeed\/avatar\/dca1d7ec750c399f025f23b0b314f4cf.jpg?ver=1777612120","magazine_blocks_category":"<a href=\"#\" class=\"category-link category-link-4\">Los dos Laredos<\/a>","jetpack_publicize_connections":[],"featured_image_urls":{"full":["https:\/\/pornuestrolaredo.com\/wp-content\/uploads\/2023\/02\/PNL-20230216-3.jpg",850,433,false],"thumbnail":["https:\/\/pornuestrolaredo.com\/wp-content\/uploads\/2023\/02\/PNL-20230216-3-150x150.jpg",150,150,true],"medium":["https:\/\/pornuestrolaredo.com\/wp-content\/uploads\/2023\/02\/PNL-20230216-3-300x153.jpg",300,153,true],"medium_large":["https:\/\/pornuestrolaredo.com\/wp-content\/uploads\/2023\/02\/PNL-20230216-3-768x391.jpg",640,326,true],"large":["https:\/\/pornuestrolaredo.com\/wp-content\/uploads\/2023\/02\/PNL-20230216-3.jpg",640,326,false],"1536x1536":["https:\/\/pornuestrolaredo.com\/wp-content\/uploads\/2023\/02\/PNL-20230216-3.jpg",850,433,false],"2048x2048":["https:\/\/pornuestrolaredo.com\/wp-content\/uploads\/2023\/02\/PNL-20230216-3.jpg",850,433,false],"morenews-large":["https:\/\/pornuestrolaredo.com\/wp-content\/uploads\/2023\/02\/PNL-20230216-3.jpg",825,420,false],"morenews-medium":["https:\/\/pornuestrolaredo.com\/wp-content\/uploads\/2023\/02\/PNL-20230216-3.jpg",590,301,false]},"author_info":{"info":["Redactor"]},"category_info":"<a href=\"https:\/\/pornuestrolaredo.com\/?cat=4\" rel=\"category\">Los dos Laredos<\/a>","tag_info":"Los dos Laredos","comment_count":"0","jetpack_featured_media_url":"https:\/\/pornuestrolaredo.com\/wp-content\/uploads\/2023\/02\/PNL-20230216-3.jpg","jetpack_sharing_enabled":true,"_links":{"self":[{"href":"https:\/\/pornuestrolaredo.com\/index.php?rest_route=\/wp\/v2\/posts\/1917","targetHints":{"allow":["GET"]}}],"collection":[{"href":"https:\/\/pornuestrolaredo.com\/index.php?rest_route=\/wp\/v2\/posts"}],"about":[{"href":"https:\/\/pornuestrolaredo.com\/index.php?rest_route=\/wp\/v2\/types\/post"}],"author":[{"embeddable":true,"href":"https:\/\/pornuestrolaredo.com\/index.php?rest_route=\/wp\/v2\/users\/1"}],"replies":[{"embeddable":true,"href":"https:\/\/pornuestrolaredo.com\/index.php?rest_route=%2Fwp%2Fv2%2Fcomments&post=1917"}],"version-history":[{"count":1,"href":"https:\/\/pornuestrolaredo.com\/index.php?rest_route=\/wp\/v2\/posts\/1917\/revisions"}],"predecessor-version":[{"id":1919,"href":"https:\/\/pornuestrolaredo.com\/index.php?rest_route=\/wp\/v2\/posts\/1917\/revisions\/1919"}],"wp:featuredmedia":[{"embeddable":true,"href":"https:\/\/pornuestrolaredo.com\/index.php?rest_route=\/wp\/v2\/media\/1918"}],"wp:attachment":[{"href":"https:\/\/pornuestrolaredo.com\/index.php?rest_route=%2Fwp%2Fv2%2Fmedia&parent=1917"}],"wp:term":[{"taxonomy":"category","embeddable":true,"href":"https:\/\/pornuestrolaredo.com\/index.php?rest_route=%2Fwp%2Fv2%2Fcategories&post=1917"},{"taxonomy":"post_tag","embeddable":true,"href":"https:\/\/pornuestrolaredo.com\/index.php?rest_route=%2Fwp%2Fv2%2Ftags&post=1917"}],"curies":[{"name":"wp","href":"https:\/\/api.w.org\/{rel}","templated":true}]}}