{"id":1923,"date":"2023-02-18T07:11:58","date_gmt":"2023-02-18T07:11:58","guid":{"rendered":"https:\/\/pornuestrolaredo.com\/?p=1923"},"modified":"2023-02-18T07:11:58","modified_gmt":"2023-02-18T07:11:58","slug":"negociaran-amlo-y-musk-ubicacion-de-tesla-en-mexico","status":"publish","type":"post","link":"https:\/\/pornuestrolaredo.com\/?p=1923","title":{"rendered":"Negociar\u00e1n AMLO y Musk ubicaci\u00f3n de Tesla en M\u00e9xico"},"content":{"rendered":"<p><strong>CIUDAD DE M\u00c9XICO.-<\/strong> El presidente Andr\u00e9s Manuel L\u00f3pez Obrador y Elon Musk, due\u00f1o de Tesla, sostendr\u00e1n una conversaci\u00f3n telef\u00f3nica para hablar de la inversi\u00f3n que esa empresa har\u00e1 en el pa\u00eds y sobre el lugar donde ubicar\u00e1 su planta, inform\u00f3 el Canciller Marcelo Ebrard.<\/p>\n<p>Entrevistado tras desayunar con los integrantes del Consejo Coordinar Empresarial (CCE), dijo que ya est\u00e1 por cerrarse el acuerdo.<\/p>\n<blockquote><p>Va a haber una llamada de Elon Musk y el Presidente de la Rep\u00fablica y ya les confirmo la fecha de esa llamada&#8221;.<\/p><\/blockquote>\n<p>&#8211; \u00bfPero se confirma que va a estar esa planta de Tesla? Hab\u00eda versiones de que (se instalar\u00eda) en Santa Catarina, en Monterrey, Nuevo Le\u00f3n, se le pregunt\u00f3.<\/p>\n<blockquote><p>Yo no quisiera dar esas informaciones porque le corresponde (a ellos), en esa llamada pues se va a tratar ese tema y, entonces, ya sabremos&#8221;, dijo.<\/p><\/blockquote>\n<p>Sin embargo, el Canciller dijo que no se debe de pensar que Tesla se instalar\u00e1 en un solo lugar, pues se trata de una empresa que requiere de muchos componentes y que est\u00e1 ideada para funcionar como un ecosistema.<\/p>\n<blockquote><p>Yo creo que ellos est\u00e1n pensando en un ecosistema, es decir, lo que yo entiendo es: su idea no es vamos a instalar una planta, sino, bueno, \u00bfen qu\u00e9 estados est\u00e1n los que nos surten? \u00bfqu\u00e9 tipo de servicios vamos a necesitar log\u00edsticos y de otro tipo? y \u00bfqu\u00e9 cosas podemos producir en M\u00e9xico? Por eso se llama Ecosistema Tesla, que es compatible con las ideas de M\u00e9xico respecto a la electromovilidad&#8221;, explic\u00f3.<\/p><\/blockquote>\n<p>En octubre se revel\u00f3 que Tesla podr\u00eda instalar su Gigaplanta en Nuevo Le\u00f3n, sin embargo, a esa entidad se han sumado en los \u00faltimos meses Sonora, Hidalgo, Estado de M\u00e9xico, Guanajuato y San Luis Potos\u00ed.<\/p>\n<p>Ebrard dijo que el martes, durante la reuni\u00f3n que tuvo con Rohan Patel, director de Desarrollo de Negocios de Tesla, le platic\u00f3 sobre el Plan Sonora para impulsar la electromovilidad y lo invit\u00f3 a participar en el proyecto.<\/p>\n<blockquote><p>Le hice la invitaci\u00f3n y me dijo que le interesaba mucho para participar en lo que M\u00e9xico present\u00f3 con el Plan Sonora. Por ejemplo, ellos producen celdas fotovoltaicas, pues tambi\u00e9n pueden participar como otra participaci\u00f3n de ellos en ese ecosistema que tambi\u00e9n se est\u00e1 creando en M\u00e9xico.<\/p><\/blockquote>\n<blockquote><p>En s\u00edntesis esperemos al anuncio que ellos vayan a hacer, pero s\u00ed, hay que pensar que es un ecosistema, es una empresa que tiene un valor agregado muy importante&#8221;, se\u00f1al\u00f3.<\/p><\/blockquote>\n<p>A\u00f1adi\u00f3 que se est\u00e1 programando la instalaci\u00f3n de 25 parques industriales antes de que termine el sexenio para atender la demanda de las empresas que llegar\u00e1n a M\u00e9xico y parte de estas instalaciones se encontrar\u00e1n en el Istmo.<\/p>\n<blockquote><p>Para el a\u00f1o entrante podr\u00edamos invitar a empresas a que se vayan a instalar, ya hay inter\u00e9s de varias empresas en la zona de Coatzacoalcos, de manera que vamos a tener buenas noticias&#8221;, subray\u00f3. <\/p><\/blockquote>\n<p>Record\u00f3 que hay 400 empresas que se quieren instalar en el Pa\u00eds y 26 de ellas lo har\u00e1n en los pr\u00f3ximos meses.<\/p>\n","protected":false},"excerpt":{"rendered":"<p>Elon Musk y el Presidente de la Rep\u00fablica prev\u00e9n en los que haya una nueva planta de autos el\u00e9ctricos en Nuevo Le\u00f3n o en Hidalgo<\/p>\n","protected":false},"author":1,"featured_media":1924,"comment_status":"closed","ping_status":"closed","sticky":false,"template":"","format":"standard","meta":{"_crdt_document":"","_jetpack_memberships_contains_paid_content":false,"footnotes":"","jetpack_publicize_message":"","jetpack_publicize_feature_enabled":true,"jetpack_social_post_already_shared":true,"jetpack_social_options":{"image_generator_settings":{"template":"highway","default_image_id":0,"font":"","enabled":false},"version":2},"_wpas_customize_per_network":false},"categories":[33],"tags":[],"class_list":["post-1923","post","type-post","status-publish","format-standard","has-post-thumbnail","hentry","category-mexico"],"magazineBlocksPostFeaturedMedia":{"thumbnail":"https:\/\/pornuestrolaredo.com\/wp-content\/uploads\/2023\/02\/Stereo91-20230217-2-150x150.jpg","medium":"https:\/\/pornuestrolaredo.com\/wp-content\/uploads\/2023\/02\/Stereo91-20230217-2-300x158.jpg","medium_large":"https:\/\/pornuestrolaredo.com\/wp-content\/uploads\/2023\/02\/Stereo91-20230217-2-768x403.jpg","large":"https:\/\/pornuestrolaredo.com\/wp-content\/uploads\/2023\/02\/Stereo91-20230217-2-1024x538.jpg","1536x1536":"https:\/\/pornuestrolaredo.com\/wp-content\/uploads\/2023\/02\/Stereo91-20230217-2.jpg","2048x2048":"https:\/\/pornuestrolaredo.com\/wp-content\/uploads\/2023\/02\/Stereo91-20230217-2.jpg","morenews-large":"https:\/\/pornuestrolaredo.com\/wp-content\/uploads\/2023\/02\/Stereo91-20230217-2.jpg","morenews-medium":"https:\/\/pornuestrolaredo.com\/wp-content\/uploads\/2023\/02\/Stereo91-20230217-2.jpg"},"magazineBlocksPostAuthor":{"name":"Redactor","avatar":"https:\/\/pornuestrolaredo.com\/wp-content\/litespeed\/avatar\/dca1d7ec750c399f025f23b0b314f4cf.jpg?ver=1777612120"},"magazineBlocksPostCommentsNumber":false,"magazineBlocksPostExcerpt":"Elon Musk y el Presidente de la Rep\u00fablica prev\u00e9n en los que haya una nueva planta de autos el\u00e9ctricos en Nuevo Le\u00f3n o en Hidalgo","magazineBlocksPostCategories":["Mexico"],"magazineBlocksPostViewCount":152,"magazineBlocksPostReadTime":3,"magazine_blocks_featured_image_url":{"full":["https:\/\/pornuestrolaredo.com\/wp-content\/uploads\/2023\/02\/Stereo91-20230217-2.jpg",1200,630,false],"medium":["https:\/\/pornuestrolaredo.com\/wp-content\/uploads\/2023\/02\/Stereo91-20230217-2-300x158.jpg",300,158,true],"thumbnail":["https:\/\/pornuestrolaredo.com\/wp-content\/uploads\/2023\/02\/Stereo91-20230217-2-150x150.jpg",150,150,true]},"magazine_blocks_author":{"display_name":"Redactor","author_link":"https:\/\/pornuestrolaredo.com\/?author=1"},"magazine_blocks_comment":0,"magazine_blocks_author_image":"https:\/\/pornuestrolaredo.com\/wp-content\/litespeed\/avatar\/dca1d7ec750c399f025f23b0b314f4cf.jpg?ver=1777612120","magazine_blocks_category":"<a href=\"#\" class=\"category-link category-link-33\">Mexico<\/a>","jetpack_publicize_connections":[],"featured_image_urls":{"full":["https:\/\/pornuestrolaredo.com\/wp-content\/uploads\/2023\/02\/Stereo91-20230217-2.jpg",1200,630,false],"thumbnail":["https:\/\/pornuestrolaredo.com\/wp-content\/uploads\/2023\/02\/Stereo91-20230217-2-150x150.jpg",150,150,true],"medium":["https:\/\/pornuestrolaredo.com\/wp-content\/uploads\/2023\/02\/Stereo91-20230217-2-300x158.jpg",300,158,true],"medium_large":["https:\/\/pornuestrolaredo.com\/wp-content\/uploads\/2023\/02\/Stereo91-20230217-2-768x403.jpg",640,336,true],"large":["https:\/\/pornuestrolaredo.com\/wp-content\/uploads\/2023\/02\/Stereo91-20230217-2-1024x538.jpg",640,336,true],"1536x1536":["https:\/\/pornuestrolaredo.com\/wp-content\/uploads\/2023\/02\/Stereo91-20230217-2.jpg",1200,630,false],"2048x2048":["https:\/\/pornuestrolaredo.com\/wp-content\/uploads\/2023\/02\/Stereo91-20230217-2.jpg",1200,630,false],"morenews-large":["https:\/\/pornuestrolaredo.com\/wp-content\/uploads\/2023\/02\/Stereo91-20230217-2.jpg",825,433,false],"morenews-medium":["https:\/\/pornuestrolaredo.com\/wp-content\/uploads\/2023\/02\/Stereo91-20230217-2.jpg",590,310,false]},"author_info":{"info":["Redactor"]},"category_info":"<a href=\"https:\/\/pornuestrolaredo.com\/?cat=33\" rel=\"category\">Mexico<\/a>","tag_info":"Mexico","comment_count":"0","jetpack_featured_media_url":"https:\/\/pornuestrolaredo.com\/wp-content\/uploads\/2023\/02\/Stereo91-20230217-2.jpg","jetpack_sharing_enabled":true,"_links":{"self":[{"href":"https:\/\/pornuestrolaredo.com\/index.php?rest_route=\/wp\/v2\/posts\/1923","targetHints":{"allow":["GET"]}}],"collection":[{"href":"https:\/\/pornuestrolaredo.com\/index.php?rest_route=\/wp\/v2\/posts"}],"about":[{"href":"https:\/\/pornuestrolaredo.com\/index.php?rest_route=\/wp\/v2\/types\/post"}],"author":[{"embeddable":true,"href":"https:\/\/pornuestrolaredo.com\/index.php?rest_route=\/wp\/v2\/users\/1"}],"replies":[{"embeddable":true,"href":"https:\/\/pornuestrolaredo.com\/index.php?rest_route=%2Fwp%2Fv2%2Fcomments&post=1923"}],"version-history":[{"count":1,"href":"https:\/\/pornuestrolaredo.com\/index.php?rest_route=\/wp\/v2\/posts\/1923\/revisions"}],"predecessor-version":[{"id":1925,"href":"https:\/\/pornuestrolaredo.com\/index.php?rest_route=\/wp\/v2\/posts\/1923\/revisions\/1925"}],"wp:featuredmedia":[{"embeddable":true,"href":"https:\/\/pornuestrolaredo.com\/index.php?rest_route=\/wp\/v2\/media\/1924"}],"wp:attachment":[{"href":"https:\/\/pornuestrolaredo.com\/index.php?rest_route=%2Fwp%2Fv2%2Fmedia&parent=1923"}],"wp:term":[{"taxonomy":"category","embeddable":true,"href":"https:\/\/pornuestrolaredo.com\/index.php?rest_route=%2Fwp%2Fv2%2Fcategories&post=1923"},{"taxonomy":"post_tag","embeddable":true,"href":"https:\/\/pornuestrolaredo.com\/index.php?rest_route=%2Fwp%2Fv2%2Ftags&post=1923"}],"curies":[{"name":"wp","href":"https:\/\/api.w.org\/{rel}","templated":true}]}}