{"id":1929,"date":"2023-02-18T08:40:45","date_gmt":"2023-02-18T08:40:45","guid":{"rendered":"https:\/\/pornuestrolaredo.com\/?p=1929"},"modified":"2023-02-18T08:40:45","modified_gmt":"2023-02-18T08:40:45","slug":"festejan-el-cumpleanos-de-vicente-fernandez","status":"publish","type":"post","link":"https:\/\/pornuestrolaredo.com\/?p=1929","title":{"rendered":"Festejan el cumplea\u00f1os de Vicente Fern\u00e1ndez"},"content":{"rendered":"<p><strong><em>GUADALAJARA.-<\/em><\/strong> Aunque ya no est\u00e1 en este plano terrenal, &#8220;El Charro de Huentit\u00e1n&#8221; recibi\u00f3 un festejo este viernes por su natalicio, pues estar\u00eda llegando a sus 83 a\u00f1os.<\/p>\n<p>La celebraci\u00f3n en el Rancho Los Tres Porrillos, donde se encuentran los restos de Vicente Fern\u00e1ndez, encabezada por Do\u00f1a Cuquita Abarca, su viuda, comenz\u00f3 a las 5:00 de la tarde, con una misa a cargo del sacerdote Juan Pablo God\u00ednez Ceja.<\/p>\n<blockquote><p>Agradecida de poderle celebrar a Vicente y orgullosa de lo que hizo en la m\u00fasica y que siga siendo tan recordado y querido&#8221;, dijo Cuquita antes de iniciar la ceremonia que solo estuvo abierta a familiares y amigos cercanos.<\/p><\/blockquote>\n<p>Cuquita, Chente Jr. Gerardo y Alejandra, hijos del icono musical, con sus respectivas familias, estuvieron presentes esta tarde, y aunque el ausente fue &#8220;El Potrillo&#8221;, su hijo Alex junto con su esposa Alexia y la peque\u00f1a M\u00eda no se perdieron el homenaje.<\/p>\n<p>Los coros de la misa estuvieron a cargo del Mariachi Nuevo Jalisco, quien tambi\u00e9n interpret\u00f3 al final de esta &#8220;Las Ma\u00f1anitas&#8221; y &#8220;El Rey&#8221;.<\/p>\n<p>Para esta ocasi\u00f3n especial, el altar de Vicente Fern\u00e1ndez fue decorado con un tapete de figuras como la cruz y sus iniciales, hechas de semillas de ma\u00edz, girasol, trigo y frijol, adem\u00e1s de olotes y viruta de l\u00e1pices; todo en conjunto parte la t\u00e9cnica de arte ef\u00edmero, una iniciativa del departamento de Cultura de Ixtlahuac\u00e1 de los Membrillos.<\/p>\n<p>Al cabo de la misa, continu\u00f3 el festejo a Chente con taquiza y m\u00fasica de marichi en vivo. Tambi\u00e9n se uni\u00f3 el p\u00fablico que se encontraba en una charreada, como parte del campeonato que se realiza desde el 14 de febrero en el lienzo charro de la finca de los Fern\u00e1ndez y concluir\u00e1n el domingo, actividad tambi\u00e9n en honor al cantante.<\/p>\n","protected":false},"excerpt":{"rendered":"<p>\u2018El Charro de Huentit\u00e1n\u2019 estar\u00eda cumpliendo 83 a\u00f1os de edad<\/p>\n","protected":false},"author":1,"featured_media":1930,"comment_status":"closed","ping_status":"closed","sticky":false,"template":"","format":"standard","meta":{"_crdt_document":"","_jetpack_memberships_contains_paid_content":false,"footnotes":"","jetpack_publicize_message":"","jetpack_publicize_feature_enabled":true,"jetpack_social_post_already_shared":true,"jetpack_social_options":{"image_generator_settings":{"template":"highway","default_image_id":0,"font":"","enabled":false},"version":2},"_wpas_customize_per_network":false},"categories":[1],"tags":[],"class_list":["post-1929","post","type-post","status-publish","format-standard","has-post-thumbnail","hentry","category-uncategorized"],"magazineBlocksPostFeaturedMedia":{"thumbnail":"https:\/\/pornuestrolaredo.com\/wp-content\/uploads\/2023\/02\/107-20230217-5-150x150.jpeg","medium":"https:\/\/pornuestrolaredo.com\/wp-content\/uploads\/2023\/02\/107-20230217-5-300x200.jpeg","medium_large":"https:\/\/pornuestrolaredo.com\/wp-content\/uploads\/2023\/02\/107-20230217-5-768x512.jpeg","large":"https:\/\/pornuestrolaredo.com\/wp-content\/uploads\/2023\/02\/107-20230217-5.jpeg","1536x1536":"https:\/\/pornuestrolaredo.com\/wp-content\/uploads\/2023\/02\/107-20230217-5.jpeg","2048x2048":"https:\/\/pornuestrolaredo.com\/wp-content\/uploads\/2023\/02\/107-20230217-5.jpeg","morenews-large":"https:\/\/pornuestrolaredo.com\/wp-content\/uploads\/2023\/02\/107-20230217-5.jpeg","morenews-medium":"https:\/\/pornuestrolaredo.com\/wp-content\/uploads\/2023\/02\/107-20230217-5.jpeg"},"magazineBlocksPostAuthor":{"name":"Redactor","avatar":"https:\/\/pornuestrolaredo.com\/wp-content\/litespeed\/avatar\/dca1d7ec750c399f025f23b0b314f4cf.jpg?ver=1777612120"},"magazineBlocksPostCommentsNumber":false,"magazineBlocksPostExcerpt":"\u2018El Charro de Huentit\u00e1n\u2019 estar\u00eda cumpliendo 83 a\u00f1os de edad","magazineBlocksPostCategories":["Uncategorized"],"magazineBlocksPostViewCount":143,"magazineBlocksPostReadTime":2,"magazine_blocks_featured_image_url":{"full":["https:\/\/pornuestrolaredo.com\/wp-content\/uploads\/2023\/02\/107-20230217-5.jpeg",960,640,false],"medium":["https:\/\/pornuestrolaredo.com\/wp-content\/uploads\/2023\/02\/107-20230217-5-300x200.jpeg",300,200,true],"thumbnail":["https:\/\/pornuestrolaredo.com\/wp-content\/uploads\/2023\/02\/107-20230217-5-150x150.jpeg",150,150,true]},"magazine_blocks_author":{"display_name":"Redactor","author_link":"https:\/\/pornuestrolaredo.com\/?author=1"},"magazine_blocks_comment":0,"magazine_blocks_author_image":"https:\/\/pornuestrolaredo.com\/wp-content\/litespeed\/avatar\/dca1d7ec750c399f025f23b0b314f4cf.jpg?ver=1777612120","magazine_blocks_category":"<a href=\"#\" class=\"category-link category-link-1\">Uncategorized<\/a>","jetpack_publicize_connections":[],"featured_image_urls":{"full":["https:\/\/pornuestrolaredo.com\/wp-content\/uploads\/2023\/02\/107-20230217-5.jpeg",960,640,false],"thumbnail":["https:\/\/pornuestrolaredo.com\/wp-content\/uploads\/2023\/02\/107-20230217-5-150x150.jpeg",150,150,true],"medium":["https:\/\/pornuestrolaredo.com\/wp-content\/uploads\/2023\/02\/107-20230217-5-300x200.jpeg",300,200,true],"medium_large":["https:\/\/pornuestrolaredo.com\/wp-content\/uploads\/2023\/02\/107-20230217-5-768x512.jpeg",640,427,true],"large":["https:\/\/pornuestrolaredo.com\/wp-content\/uploads\/2023\/02\/107-20230217-5.jpeg",640,427,false],"1536x1536":["https:\/\/pornuestrolaredo.com\/wp-content\/uploads\/2023\/02\/107-20230217-5.jpeg",960,640,false],"2048x2048":["https:\/\/pornuestrolaredo.com\/wp-content\/uploads\/2023\/02\/107-20230217-5.jpeg",960,640,false],"morenews-large":["https:\/\/pornuestrolaredo.com\/wp-content\/uploads\/2023\/02\/107-20230217-5.jpeg",825,550,false],"morenews-medium":["https:\/\/pornuestrolaredo.com\/wp-content\/uploads\/2023\/02\/107-20230217-5.jpeg",590,393,false]},"author_info":{"info":["Redactor"]},"category_info":"<a href=\"https:\/\/pornuestrolaredo.com\/?cat=1\" rel=\"category\">Uncategorized<\/a>","tag_info":"Uncategorized","comment_count":"0","jetpack_featured_media_url":"https:\/\/pornuestrolaredo.com\/wp-content\/uploads\/2023\/02\/107-20230217-5.jpeg","jetpack_sharing_enabled":true,"_links":{"self":[{"href":"https:\/\/pornuestrolaredo.com\/index.php?rest_route=\/wp\/v2\/posts\/1929","targetHints":{"allow":["GET"]}}],"collection":[{"href":"https:\/\/pornuestrolaredo.com\/index.php?rest_route=\/wp\/v2\/posts"}],"about":[{"href":"https:\/\/pornuestrolaredo.com\/index.php?rest_route=\/wp\/v2\/types\/post"}],"author":[{"embeddable":true,"href":"https:\/\/pornuestrolaredo.com\/index.php?rest_route=\/wp\/v2\/users\/1"}],"replies":[{"embeddable":true,"href":"https:\/\/pornuestrolaredo.com\/index.php?rest_route=%2Fwp%2Fv2%2Fcomments&post=1929"}],"version-history":[{"count":1,"href":"https:\/\/pornuestrolaredo.com\/index.php?rest_route=\/wp\/v2\/posts\/1929\/revisions"}],"predecessor-version":[{"id":1931,"href":"https:\/\/pornuestrolaredo.com\/index.php?rest_route=\/wp\/v2\/posts\/1929\/revisions\/1931"}],"wp:featuredmedia":[{"embeddable":true,"href":"https:\/\/pornuestrolaredo.com\/index.php?rest_route=\/wp\/v2\/media\/1930"}],"wp:attachment":[{"href":"https:\/\/pornuestrolaredo.com\/index.php?rest_route=%2Fwp%2Fv2%2Fmedia&parent=1929"}],"wp:term":[{"taxonomy":"category","embeddable":true,"href":"https:\/\/pornuestrolaredo.com\/index.php?rest_route=%2Fwp%2Fv2%2Fcategories&post=1929"},{"taxonomy":"post_tag","embeddable":true,"href":"https:\/\/pornuestrolaredo.com\/index.php?rest_route=%2Fwp%2Fv2%2Ftags&post=1929"}],"curies":[{"name":"wp","href":"https:\/\/api.w.org\/{rel}","templated":true}]}}