{"id":1932,"date":"2023-02-18T08:48:07","date_gmt":"2023-02-18T08:48:07","guid":{"rendered":"https:\/\/pornuestrolaredo.com\/?p=1932"},"modified":"2023-02-18T08:48:07","modified_gmt":"2023-02-18T08:48:07","slug":"diagnostican-demencia-a-bruce-willis","status":"publish","type":"post","link":"https:\/\/pornuestrolaredo.com\/?p=1932","title":{"rendered":"Diagnostican demencia a Bruce Willis"},"content":{"rendered":"<p><strong><em>LOS \u00c1NGELES.-<\/em><\/strong>\u00a0 El lazo de Bruce Willis con su familia es m\u00e1s fuerte despu\u00e9s del diagn\u00f3stico de demencia frontotemporal del actor, inform\u00f3 People.<\/p>\n<p>Una fuente de la revista estadounidense dijo que la familia del actor de Armageddon &#8220;est\u00e1 m\u00e1s unida que nunca&#8221; en medio de la noticia de su diagn\u00f3stico de FTD, anunciada el jueves.<\/p>\n<blockquote><p>Y la esposa de Bruce durante 13 a\u00f1os, Emma Heming Willis, tiene el mayor sistema de apoyo por el que no podr\u00eda estar m\u00e1s agradecida&#8221;, agreg\u00f3 la fuente.<\/p><\/blockquote>\n<p>Parte de ese sistema de apoyo son las mujeres m\u00e1s cercanas a Bruce: su exesposa Demi Moore y sus hijas: Mabel y Evelyn a quienes comparte con Emma, m\u00e1s sus tres hijas con Moore: Rumer Willis, Scout Willis, y Tallulah Willis.<\/p>\n<blockquote><p>Ella (Emma) quiere que recuerden a Bruce como un padre incre\u00edble y divertido. Quiere que tengan los mejores recuerdos de \u00e9l&#8221;, dijo la fuente a People sobre los esfuerzos de Emma con sus hijas Mabel y Evelyn.<\/p><\/blockquote>\n<p>El actor estadounidense, de 67 a\u00f1os, fue diagnosticado en marzo del a\u00f1o pasado con afasia, un desorden del lenguaje.<\/p>\n<blockquote><p>Su condici\u00f3n progres\u00f3 y ahora tenemos un diagn\u00f3stico m\u00e1s espec\u00edfico: demencia frontotemporal&#8221;, anunciaron sus cinco hijas; su esposa, Emma Heming, y su exesposa, Demi Moore, en un comunicado.<\/p><\/blockquote>\n<blockquote><p>Infelizmente, los desaf\u00edos comunicacionales son uno de los s\u00edntomas de la enfermedad que Bruce enfrenta. Aunque esto es doloroso, es un alivio para nosotros tener un diagn\u00f3stico claro.<\/p><\/blockquote>\n<blockquote><p>Sabemos en nuestros corazones que, si \u00e9l pudiera hoy en d\u00eda, querr\u00eda responder atrayendo atenci\u00f3n global para aquellos que tambi\u00e9n est\u00e1n lidiando con esta enfermedad debilitante y c\u00f3mo impacta a tantos individuos y a sus familias&#8221;.<\/p><\/blockquote>\n<p>El comunicado fue acompa\u00f1ado por una foto del protagonista de Duro de Matar en una playa.<\/p>\n<p>La familia mixta de Bruce ha estado muy unida a lo largo de los a\u00f1os y ha expresado abiertamente su apoyo al actor desde que revel\u00f3 su diagn\u00f3stico original y la posterior decisi\u00f3n de retirarse de la actuaci\u00f3n.<\/p>\n<p>Bruce Willis pronto se convertir\u00e1 en abuelo por primera vez, ya que su hija mayor, Rumer, espera su primer beb\u00e9 con su novio Derek Richard Thomas. <\/p>\n<p>Una fuente cercana a la familia le dijo a People en diciembre que Bruce est\u00e1 feliz por su inminente nuevo papel.<\/p>\n","protected":false},"excerpt":{"rendered":"<p>Sus dos familias deciden unirse a\u00fan m\u00e1s alrededor del actor que protagoniz\u00f3 Armageddon<\/p>\n","protected":false},"author":1,"featured_media":1933,"comment_status":"closed","ping_status":"closed","sticky":false,"template":"","format":"standard","meta":{"_crdt_document":"","_jetpack_memberships_contains_paid_content":false,"footnotes":"","jetpack_publicize_message":"","jetpack_publicize_feature_enabled":true,"jetpack_social_post_already_shared":true,"jetpack_social_options":{"image_generator_settings":{"template":"highway","default_image_id":0,"font":"","enabled":false},"version":2},"_wpas_customize_per_network":false},"categories":[34],"tags":[],"class_list":["post-1932","post","type-post","status-publish","format-standard","has-post-thumbnail","hentry","category-farandula"],"magazineBlocksPostFeaturedMedia":{"thumbnail":"https:\/\/pornuestrolaredo.com\/wp-content\/uploads\/2023\/02\/107-20230217-6-150x150.jpeg","medium":"https:\/\/pornuestrolaredo.com\/wp-content\/uploads\/2023\/02\/107-20230217-6-300x200.jpeg","medium_large":"https:\/\/pornuestrolaredo.com\/wp-content\/uploads\/2023\/02\/107-20230217-6-768x512.jpeg","large":"https:\/\/pornuestrolaredo.com\/wp-content\/uploads\/2023\/02\/107-20230217-6.jpeg","1536x1536":"https:\/\/pornuestrolaredo.com\/wp-content\/uploads\/2023\/02\/107-20230217-6.jpeg","2048x2048":"https:\/\/pornuestrolaredo.com\/wp-content\/uploads\/2023\/02\/107-20230217-6.jpeg","morenews-large":"https:\/\/pornuestrolaredo.com\/wp-content\/uploads\/2023\/02\/107-20230217-6.jpeg","morenews-medium":"https:\/\/pornuestrolaredo.com\/wp-content\/uploads\/2023\/02\/107-20230217-6.jpeg"},"magazineBlocksPostAuthor":{"name":"Redactor","avatar":"https:\/\/pornuestrolaredo.com\/wp-content\/litespeed\/avatar\/dca1d7ec750c399f025f23b0b314f4cf.jpg?ver=1777612120"},"magazineBlocksPostCommentsNumber":false,"magazineBlocksPostExcerpt":"Sus dos familias deciden unirse a\u00fan m\u00e1s alrededor del actor que protagoniz\u00f3 Armageddon","magazineBlocksPostCategories":["Far\u00e1ndula"],"magazineBlocksPostViewCount":138,"magazineBlocksPostReadTime":3,"magazine_blocks_featured_image_url":{"full":["https:\/\/pornuestrolaredo.com\/wp-content\/uploads\/2023\/02\/107-20230217-6.jpeg",960,640,false],"medium":["https:\/\/pornuestrolaredo.com\/wp-content\/uploads\/2023\/02\/107-20230217-6-300x200.jpeg",300,200,true],"thumbnail":["https:\/\/pornuestrolaredo.com\/wp-content\/uploads\/2023\/02\/107-20230217-6-150x150.jpeg",150,150,true]},"magazine_blocks_author":{"display_name":"Redactor","author_link":"https:\/\/pornuestrolaredo.com\/?author=1"},"magazine_blocks_comment":0,"magazine_blocks_author_image":"https:\/\/pornuestrolaredo.com\/wp-content\/litespeed\/avatar\/dca1d7ec750c399f025f23b0b314f4cf.jpg?ver=1777612120","magazine_blocks_category":"<a href=\"#\" class=\"category-link category-link-34\">Far\u00e1ndula<\/a>","jetpack_publicize_connections":[],"featured_image_urls":{"full":["https:\/\/pornuestrolaredo.com\/wp-content\/uploads\/2023\/02\/107-20230217-6.jpeg",960,640,false],"thumbnail":["https:\/\/pornuestrolaredo.com\/wp-content\/uploads\/2023\/02\/107-20230217-6-150x150.jpeg",150,150,true],"medium":["https:\/\/pornuestrolaredo.com\/wp-content\/uploads\/2023\/02\/107-20230217-6-300x200.jpeg",300,200,true],"medium_large":["https:\/\/pornuestrolaredo.com\/wp-content\/uploads\/2023\/02\/107-20230217-6-768x512.jpeg",640,427,true],"large":["https:\/\/pornuestrolaredo.com\/wp-content\/uploads\/2023\/02\/107-20230217-6.jpeg",640,427,false],"1536x1536":["https:\/\/pornuestrolaredo.com\/wp-content\/uploads\/2023\/02\/107-20230217-6.jpeg",960,640,false],"2048x2048":["https:\/\/pornuestrolaredo.com\/wp-content\/uploads\/2023\/02\/107-20230217-6.jpeg",960,640,false],"morenews-large":["https:\/\/pornuestrolaredo.com\/wp-content\/uploads\/2023\/02\/107-20230217-6.jpeg",825,550,false],"morenews-medium":["https:\/\/pornuestrolaredo.com\/wp-content\/uploads\/2023\/02\/107-20230217-6.jpeg",590,393,false]},"author_info":{"info":["Redactor"]},"category_info":"<a href=\"https:\/\/pornuestrolaredo.com\/?cat=34\" rel=\"category\">Far\u00e1ndula<\/a>","tag_info":"Far\u00e1ndula","comment_count":"0","jetpack_featured_media_url":"https:\/\/pornuestrolaredo.com\/wp-content\/uploads\/2023\/02\/107-20230217-6.jpeg","jetpack_sharing_enabled":true,"_links":{"self":[{"href":"https:\/\/pornuestrolaredo.com\/index.php?rest_route=\/wp\/v2\/posts\/1932","targetHints":{"allow":["GET"]}}],"collection":[{"href":"https:\/\/pornuestrolaredo.com\/index.php?rest_route=\/wp\/v2\/posts"}],"about":[{"href":"https:\/\/pornuestrolaredo.com\/index.php?rest_route=\/wp\/v2\/types\/post"}],"author":[{"embeddable":true,"href":"https:\/\/pornuestrolaredo.com\/index.php?rest_route=\/wp\/v2\/users\/1"}],"replies":[{"embeddable":true,"href":"https:\/\/pornuestrolaredo.com\/index.php?rest_route=%2Fwp%2Fv2%2Fcomments&post=1932"}],"version-history":[{"count":1,"href":"https:\/\/pornuestrolaredo.com\/index.php?rest_route=\/wp\/v2\/posts\/1932\/revisions"}],"predecessor-version":[{"id":1934,"href":"https:\/\/pornuestrolaredo.com\/index.php?rest_route=\/wp\/v2\/posts\/1932\/revisions\/1934"}],"wp:featuredmedia":[{"embeddable":true,"href":"https:\/\/pornuestrolaredo.com\/index.php?rest_route=\/wp\/v2\/media\/1933"}],"wp:attachment":[{"href":"https:\/\/pornuestrolaredo.com\/index.php?rest_route=%2Fwp%2Fv2%2Fmedia&parent=1932"}],"wp:term":[{"taxonomy":"category","embeddable":true,"href":"https:\/\/pornuestrolaredo.com\/index.php?rest_route=%2Fwp%2Fv2%2Fcategories&post=1932"},{"taxonomy":"post_tag","embeddable":true,"href":"https:\/\/pornuestrolaredo.com\/index.php?rest_route=%2Fwp%2Fv2%2Ftags&post=1932"}],"curies":[{"name":"wp","href":"https:\/\/api.w.org\/{rel}","templated":true}]}}