{"id":1941,"date":"2023-02-19T03:23:44","date_gmt":"2023-02-19T03:23:44","guid":{"rendered":"https:\/\/pornuestrolaredo.com\/?p=1941"},"modified":"2023-02-19T03:23:44","modified_gmt":"2023-02-19T03:23:44","slug":"jimmy-carter-tiene-problemas-de-salud","status":"publish","type":"post","link":"https:\/\/pornuestrolaredo.com\/?p=1941","title":{"rendered":"Jimmy Carter tiene problemas de salud"},"content":{"rendered":"<p><strong><em>ATLANTA.-<\/em><\/strong> El exmandatario estadounidense Jimmy Carter, que a los 98 a\u00f1os es el m\u00e1s longevo de todos los presidentes de Estados Unidos, recibir\u00e1 cuidados paliativos en su hogar en Plains, Georgia, confirm\u00f3 el s\u00e1bado un comunicado del Centro Carter.<\/p>\n<p>El comunicado se\u00f1ala que despu\u00e9s de una serie de breves estad\u00edas en el hospital, Carter \u201cdecidi\u00f3 pasar el tiempo que le queda en casa con su familia y recibir cuidados paliativos en lugar de una intervenci\u00f3n m\u00e9dica adicional\u201d.<\/p>\n<p>De acuerdo con el comunicado, el 39no presidente de Estados Unidos cuenta con todo el apoyo de su equipo m\u00e9dico y su familia, que \u201cpide privacidad en este momento y agradece la preocupaci\u00f3n mostrada por sus numerosos admiradores\u201d.<\/p>\n<p>Carter era un gobernador de Georgia poco conocido cuando inici\u00f3 su carrera rumbo a la presidencia antes de las elecciones de 1976. Luego derrot\u00f3 al entonces presidente Gerald R. Ford, capitalizando su condici\u00f3n de forastero de Washington tras la Guerra de Vietnam y el esc\u00e1ndalo de Watergate que caus\u00f3 que Richard Nixon dejara el cargo en 1974.<\/p>\n<p>Carter cumpli\u00f3 un mandato \u00fanico y tumultuoso y fue derrotado por el republicano Ronald Reagan en 1980, una derrota aplastante que finalmente allan\u00f3 el camino para sus d\u00e9cadas de defensa mundial de la democracia, la salud p\u00fablica y los derechos humanos a trav\u00e9s del Centro Carter.<\/p>\n<p>El expresidente y su esposa, Rosalynn, de 95 a\u00f1os, abrieron el centro en 1982. Su labor le vali\u00f3 el Premio Nobel de la Paz en 2002.<\/p>\n<p>Jason Carter, el nieto de la pareja que ahora preside la junta directiva del Centro Carter, dijo el s\u00e1bado en un tuit que vio \u201ca mis dos abuelos ayer. Est\u00e1n en paz y, como siempre, su hogar est\u00e1 lleno de amor\u201d.<\/p>\n<p>Carter, que ha pasado la mayor parte de su vida en Plains, viajaba ampliamente cuando era octogenario y al inicio de su novena d\u00e9cada de vida, incluidas visitas anuales para supervisar la construcci\u00f3n de casas de la organizaci\u00f3n H\u00e1bitat para la Humanidad e iba con frecuencia al extranjero como parte de la observancia electoral del Centro Carter y sus esfuerzos para erradicar el par\u00e1sito lombriz de Guinea en los pa\u00edses en desarrollo.<\/p>\n<p>Sin embargo, la salud del exmandatario ven\u00eda mermando, en especial despu\u00e9s de que la pandemia de coronavirus limitara sus presentaciones p\u00fablicas, incluso en su querida Iglesia Bautista Maranatha, donde dio durante d\u00e9cadas lecciones de Escuela Dominical a multitudes de pie.<\/p>\n<p>En agosto de 2015, Carter se someti\u00f3 a una cirug\u00eda en la que le retiraron un peque\u00f1o tejido canceroso del h\u00edgado. Al a\u00f1o siguiente, Carter anunci\u00f3 que ya no necesitaba m\u00e1s tratamiento gracias a un medicamento experimental que le hab\u00eda eliminado todo rastro de la enfermedad.<\/p>\n<p>Carter celebr\u00f3 en octubre su cumplea\u00f1os m\u00e1s reciente con su familia y amigos en Plains, la peque\u00f1a localidad donde \u00e9l y su esposa, Rosalynn, nacieron durante los a\u00f1os entre la Primera Guerra Mundial y la Gran Depresi\u00f3n.<\/p>\n<p>El Centro Carter festej\u00f3 el a\u00f1o pasado sus 40 a\u00f1os de fomentar su agenda de derechos humanos.<\/p>\n<p>El centro ha sido precursor de la observancia electoral, ya que ha supervisado al menos 113 comicios en \u00c1frica, Am\u00e9rica Latina y Asia desde 1989.<\/p>\n<p>En lo que tal vez fue la acci\u00f3n de salud p\u00fablica ampliamente elogiada, la organizaci\u00f3n anunci\u00f3 en fecha reciente que s\u00f3lo 14 casos de infecci\u00f3n de la lombriz de Guinea en personas fueron registrados en 2021, resultado de a\u00f1os de campa\u00f1as sanitarias para mejorar el acceso al agua potable segura en \u00c1frica.<\/p>\n<p>La cifra es una gran reducci\u00f3n respecto de la fecha en la que The Carter Center comenz\u00f3 a encabezar las acciones de erradicaci\u00f3n a nivel global en 1986, cuando la enfermedad parasitaria afectaba a 3.5 millones de personas. Carter hab\u00eda dicho alguna vez que ten\u00eda esperanza de vivir m\u00e1s tiempo que el \u00faltimo par\u00e1sito de la lombriz de Guinea.<\/p>\n","protected":false},"excerpt":{"rendered":"<p>El m\u00e1s longevo de todos los presidentes de Estados Unidos, recibir\u00e1 cuidados paliativos en su hogar en Plains, Georgia<\/p>\n","protected":false},"author":1,"featured_media":1942,"comment_status":"closed","ping_status":"closed","sticky":false,"template":"","format":"standard","meta":{"_crdt_document":"","_jetpack_memberships_contains_paid_content":false,"footnotes":"","jetpack_publicize_message":"","jetpack_publicize_feature_enabled":true,"jetpack_social_post_already_shared":true,"jetpack_social_options":{"image_generator_settings":{"template":"highway","default_image_id":0,"font":"","enabled":false},"version":2},"_wpas_customize_per_network":false},"categories":[9],"tags":[],"class_list":["post-1941","post","type-post","status-publish","format-standard","has-post-thumbnail","hentry","category-el-mundo"],"magazineBlocksPostFeaturedMedia":{"thumbnail":"https:\/\/pornuestrolaredo.com\/wp-content\/uploads\/2023\/02\/Stereo91-20230218-4-150x150.jpg","medium":"https:\/\/pornuestrolaredo.com\/wp-content\/uploads\/2023\/02\/Stereo91-20230218-4-300x175.jpg","medium_large":"https:\/\/pornuestrolaredo.com\/wp-content\/uploads\/2023\/02\/Stereo91-20230218-4-768x449.jpg","large":"https:\/\/pornuestrolaredo.com\/wp-content\/uploads\/2023\/02\/Stereo91-20230218-4.jpg","1536x1536":"https:\/\/pornuestrolaredo.com\/wp-content\/uploads\/2023\/02\/Stereo91-20230218-4.jpg","2048x2048":"https:\/\/pornuestrolaredo.com\/wp-content\/uploads\/2023\/02\/Stereo91-20230218-4.jpg","morenews-large":"https:\/\/pornuestrolaredo.com\/wp-content\/uploads\/2023\/02\/Stereo91-20230218-4.jpg","morenews-medium":"https:\/\/pornuestrolaredo.com\/wp-content\/uploads\/2023\/02\/Stereo91-20230218-4.jpg"},"magazineBlocksPostAuthor":{"name":"Redactor","avatar":"https:\/\/pornuestrolaredo.com\/wp-content\/litespeed\/avatar\/dca1d7ec750c399f025f23b0b314f4cf.jpg?ver=1777612120"},"magazineBlocksPostCommentsNumber":false,"magazineBlocksPostExcerpt":"El m\u00e1s longevo de todos los presidentes de Estados Unidos, recibir\u00e1 cuidados paliativos en su hogar en Plains, Georgia","magazineBlocksPostCategories":["El Mundo"],"magazineBlocksPostViewCount":133,"magazineBlocksPostReadTime":4,"magazine_blocks_featured_image_url":{"full":["https:\/\/pornuestrolaredo.com\/wp-content\/uploads\/2023\/02\/Stereo91-20230218-4.jpg",1000,584,false],"medium":["https:\/\/pornuestrolaredo.com\/wp-content\/uploads\/2023\/02\/Stereo91-20230218-4-300x175.jpg",300,175,true],"thumbnail":["https:\/\/pornuestrolaredo.com\/wp-content\/uploads\/2023\/02\/Stereo91-20230218-4-150x150.jpg",150,150,true]},"magazine_blocks_author":{"display_name":"Redactor","author_link":"https:\/\/pornuestrolaredo.com\/?author=1"},"magazine_blocks_comment":0,"magazine_blocks_author_image":"https:\/\/pornuestrolaredo.com\/wp-content\/litespeed\/avatar\/dca1d7ec750c399f025f23b0b314f4cf.jpg?ver=1777612120","magazine_blocks_category":"<a href=\"#\" class=\"category-link category-link-9\">El Mundo<\/a>","jetpack_publicize_connections":[],"featured_image_urls":{"full":["https:\/\/pornuestrolaredo.com\/wp-content\/uploads\/2023\/02\/Stereo91-20230218-4.jpg",1000,584,false],"thumbnail":["https:\/\/pornuestrolaredo.com\/wp-content\/uploads\/2023\/02\/Stereo91-20230218-4-150x150.jpg",150,150,true],"medium":["https:\/\/pornuestrolaredo.com\/wp-content\/uploads\/2023\/02\/Stereo91-20230218-4-300x175.jpg",300,175,true],"medium_large":["https:\/\/pornuestrolaredo.com\/wp-content\/uploads\/2023\/02\/Stereo91-20230218-4-768x449.jpg",640,374,true],"large":["https:\/\/pornuestrolaredo.com\/wp-content\/uploads\/2023\/02\/Stereo91-20230218-4.jpg",640,374,false],"1536x1536":["https:\/\/pornuestrolaredo.com\/wp-content\/uploads\/2023\/02\/Stereo91-20230218-4.jpg",1000,584,false],"2048x2048":["https:\/\/pornuestrolaredo.com\/wp-content\/uploads\/2023\/02\/Stereo91-20230218-4.jpg",1000,584,false],"morenews-large":["https:\/\/pornuestrolaredo.com\/wp-content\/uploads\/2023\/02\/Stereo91-20230218-4.jpg",825,482,false],"morenews-medium":["https:\/\/pornuestrolaredo.com\/wp-content\/uploads\/2023\/02\/Stereo91-20230218-4.jpg",590,345,false]},"author_info":{"info":["Redactor"]},"category_info":"<a href=\"https:\/\/pornuestrolaredo.com\/?cat=9\" rel=\"category\">El Mundo<\/a>","tag_info":"El Mundo","comment_count":"0","jetpack_featured_media_url":"https:\/\/pornuestrolaredo.com\/wp-content\/uploads\/2023\/02\/Stereo91-20230218-4.jpg","jetpack_sharing_enabled":true,"_links":{"self":[{"href":"https:\/\/pornuestrolaredo.com\/index.php?rest_route=\/wp\/v2\/posts\/1941","targetHints":{"allow":["GET"]}}],"collection":[{"href":"https:\/\/pornuestrolaredo.com\/index.php?rest_route=\/wp\/v2\/posts"}],"about":[{"href":"https:\/\/pornuestrolaredo.com\/index.php?rest_route=\/wp\/v2\/types\/post"}],"author":[{"embeddable":true,"href":"https:\/\/pornuestrolaredo.com\/index.php?rest_route=\/wp\/v2\/users\/1"}],"replies":[{"embeddable":true,"href":"https:\/\/pornuestrolaredo.com\/index.php?rest_route=%2Fwp%2Fv2%2Fcomments&post=1941"}],"version-history":[{"count":1,"href":"https:\/\/pornuestrolaredo.com\/index.php?rest_route=\/wp\/v2\/posts\/1941\/revisions"}],"predecessor-version":[{"id":1943,"href":"https:\/\/pornuestrolaredo.com\/index.php?rest_route=\/wp\/v2\/posts\/1941\/revisions\/1943"}],"wp:featuredmedia":[{"embeddable":true,"href":"https:\/\/pornuestrolaredo.com\/index.php?rest_route=\/wp\/v2\/media\/1942"}],"wp:attachment":[{"href":"https:\/\/pornuestrolaredo.com\/index.php?rest_route=%2Fwp%2Fv2%2Fmedia&parent=1941"}],"wp:term":[{"taxonomy":"category","embeddable":true,"href":"https:\/\/pornuestrolaredo.com\/index.php?rest_route=%2Fwp%2Fv2%2Fcategories&post=1941"},{"taxonomy":"post_tag","embeddable":true,"href":"https:\/\/pornuestrolaredo.com\/index.php?rest_route=%2Fwp%2Fv2%2Ftags&post=1941"}],"curies":[{"name":"wp","href":"https:\/\/api.w.org\/{rel}","templated":true}]}}