{"id":1946,"date":"2023-02-20T18:22:33","date_gmt":"2023-02-20T18:22:33","guid":{"rendered":"https:\/\/pornuestrolaredo.com\/?p=1946"},"modified":"2023-02-20T18:22:33","modified_gmt":"2023-02-20T18:22:33","slug":"fue-una-eleccion-en-libertad-y-sin-coacciones-americo","status":"publish","type":"post","link":"https:\/\/pornuestrolaredo.com\/?p=1946","title":{"rendered":"Fue una elecci\u00f3n en libertad y sin coacciones: Am\u00e9rico"},"content":{"rendered":"<p><strong>REYNOSA.-<\/strong> En la elecci\u00f3n extraordinaria que se realiz\u00f3 en Tamaulipas, el d\u00eda de ayer, no hubo coacciones de ninguna \u00edndole y en todo el Estado se garantiz\u00f3 un clima de libertad, afirm\u00f3 el gobernador Am\u00e9rico Villarreal Anaya.<\/p>\n<p>&#8220;Con su participaci\u00f3n en las casillas, los propios ciudadanos avalan la legalidad del sufragio y la legitimidad de los resultados&#8221;, expres\u00f3.<\/p>\n<p>En el marco de la ceremonia de honores, que se realiz\u00f3 este lunes en las instalaciones del Centro de Coordinaci\u00f3n, Comando, Control, Comunicaciones, C\u00f3mputo e Inteligencia (C5), en esta ciudad, el gobernador destac\u00f3 que en la jornada electoral hubo civismo y las y los tamaulipecos reafirmaron su vocaci\u00f3n democr\u00e1tica. <\/p>\n<p>&#8220;Los resultados preliminares se\u00f1alan que hay un claro ganador y es -por cierto- reynosense. Nuestra felicitaci\u00f3n al licenciado Jos\u00e9 Ram\u00f3n G\u00f3mez Leal&#8221;, manifest\u00f3 el mandatario estatal y lo exhort\u00f3 a trabajar juntos, desde el Senado para consolidar la democracia, la justicia social y el bienestar de las y los tamaulipecos.<\/p>\n<p>En su mensaje, el Jefe del Ejecutivo record\u00f3 que este lunes, se celebra el D\u00eda Mundial de la Justicia Social, instaurado por la ONU y asegur\u00f3 que desde Tamaulipas, el gobierno que encabeza se ha sumado al llamado de construir sociedades inclusivas y sostenibles, que garanticen de forma cotidiana y tangible los mismos derechos y oportunidades para todos.<\/p>\n<p>&#8220;Nosotros consideramos que es urgente establecer un nuevo pacto social, humanista y solidario que vuelva a colocar el bienestar de todas y todos, como su principal objetivo&#8221;, precis\u00f3.<\/p>\n<p>En la ceremonia, el presidente municipal de Reynosa, Carlos Pe\u00f1a Ortiz reconoci\u00f3 la vocaci\u00f3n municipalista del gobernador Am\u00e9rico Villarreal, quien dijo, est\u00e1 comprometido a sacar adelante las necesidades de los 43 municipios de Tamaulipas.<\/p>\n<p>Acompa\u00f1aron al gobernador en esta ceremonia, el general Roberto Claudio Del Rosal Ibarra, comandante de la 8a Zona Militar; el coronel inspector general Javier Gallardo Ortiz, representante de la Guardia Nacional; el alcalde de Matamoros, Mario L\u00f3pez Hern\u00e1ndez; el secretario general de Gobierno, H\u00e9ctor Joel Villegas; el secretario de Seguridad P\u00fablica, Sergio H. Ch\u00e1vez Garc\u00eda, as\u00ed como diputados locales, secretarios del gabinete estatal, alumnos del Instituto Tecnol\u00f3gico de Reynosa y personal que labora en el C5.<\/p>\n","protected":false},"excerpt":{"rendered":"<p>El gobernador tamaulipeco asegura que los ciudadanos avalan la legalidad del sufragio con su participaci\u00f3n<\/p>\n","protected":false},"author":1,"featured_media":1948,"comment_status":"closed","ping_status":"closed","sticky":false,"template":"","format":"standard","meta":{"_crdt_document":"","_jetpack_memberships_contains_paid_content":false,"footnotes":"","jetpack_publicize_message":"","jetpack_publicize_feature_enabled":true,"jetpack_social_post_already_shared":true,"jetpack_social_options":{"image_generator_settings":{"template":"highway","default_image_id":0,"font":"","enabled":false},"version":2},"_wpas_customize_per_network":false},"categories":[11],"tags":[],"class_list":["post-1946","post","type-post","status-publish","format-standard","has-post-thumbnail","hentry","category-tamaulipas"],"magazineBlocksPostFeaturedMedia":{"thumbnail":"https:\/\/pornuestrolaredo.com\/wp-content\/uploads\/2023\/02\/PNL-20230220-1-150x150.jpg","medium":"https:\/\/pornuestrolaredo.com\/wp-content\/uploads\/2023\/02\/PNL-20230220-1-300x200.jpg","medium_large":"https:\/\/pornuestrolaredo.com\/wp-content\/uploads\/2023\/02\/PNL-20230220-1-768x512.jpg","large":"https:\/\/pornuestrolaredo.com\/wp-content\/uploads\/2023\/02\/PNL-20230220-1-1024x682.jpg","1536x1536":"https:\/\/pornuestrolaredo.com\/wp-content\/uploads\/2023\/02\/PNL-20230220-1-1536x1023.jpg","2048x2048":"https:\/\/pornuestrolaredo.com\/wp-content\/uploads\/2023\/02\/PNL-20230220-1.jpg","morenews-large":"https:\/\/pornuestrolaredo.com\/wp-content\/uploads\/2023\/02\/PNL-20230220-1.jpg","morenews-medium":"https:\/\/pornuestrolaredo.com\/wp-content\/uploads\/2023\/02\/PNL-20230220-1.jpg"},"magazineBlocksPostAuthor":{"name":"Redactor","avatar":"https:\/\/pornuestrolaredo.com\/wp-content\/litespeed\/avatar\/dca1d7ec750c399f025f23b0b314f4cf.jpg?ver=1777612120"},"magazineBlocksPostCommentsNumber":false,"magazineBlocksPostExcerpt":"El gobernador tamaulipeco asegura que los ciudadanos avalan la legalidad del sufragio con su participaci\u00f3n","magazineBlocksPostCategories":["Tamaulipas"],"magazineBlocksPostViewCount":143,"magazineBlocksPostReadTime":2,"magazine_blocks_featured_image_url":{"full":["https:\/\/pornuestrolaredo.com\/wp-content\/uploads\/2023\/02\/PNL-20230220-1.jpg",1600,1066,false],"medium":["https:\/\/pornuestrolaredo.com\/wp-content\/uploads\/2023\/02\/PNL-20230220-1-300x200.jpg",300,200,true],"thumbnail":["https:\/\/pornuestrolaredo.com\/wp-content\/uploads\/2023\/02\/PNL-20230220-1-150x150.jpg",150,150,true]},"magazine_blocks_author":{"display_name":"Redactor","author_link":"https:\/\/pornuestrolaredo.com\/?author=1"},"magazine_blocks_comment":0,"magazine_blocks_author_image":"https:\/\/pornuestrolaredo.com\/wp-content\/litespeed\/avatar\/dca1d7ec750c399f025f23b0b314f4cf.jpg?ver=1777612120","magazine_blocks_category":"<a href=\"#\" class=\"category-link category-link-11\">Tamaulipas<\/a>","jetpack_publicize_connections":[],"featured_image_urls":{"full":["https:\/\/pornuestrolaredo.com\/wp-content\/uploads\/2023\/02\/PNL-20230220-1.jpg",1600,1066,false],"thumbnail":["https:\/\/pornuestrolaredo.com\/wp-content\/uploads\/2023\/02\/PNL-20230220-1-150x150.jpg",150,150,true],"medium":["https:\/\/pornuestrolaredo.com\/wp-content\/uploads\/2023\/02\/PNL-20230220-1-300x200.jpg",300,200,true],"medium_large":["https:\/\/pornuestrolaredo.com\/wp-content\/uploads\/2023\/02\/PNL-20230220-1-768x512.jpg",640,427,true],"large":["https:\/\/pornuestrolaredo.com\/wp-content\/uploads\/2023\/02\/PNL-20230220-1-1024x682.jpg",640,426,true],"1536x1536":["https:\/\/pornuestrolaredo.com\/wp-content\/uploads\/2023\/02\/PNL-20230220-1-1536x1023.jpg",1536,1023,true],"2048x2048":["https:\/\/pornuestrolaredo.com\/wp-content\/uploads\/2023\/02\/PNL-20230220-1.jpg",1600,1066,false],"morenews-large":["https:\/\/pornuestrolaredo.com\/wp-content\/uploads\/2023\/02\/PNL-20230220-1.jpg",825,550,false],"morenews-medium":["https:\/\/pornuestrolaredo.com\/wp-content\/uploads\/2023\/02\/PNL-20230220-1.jpg",590,393,false]},"author_info":{"info":["Redactor"]},"category_info":"<a href=\"https:\/\/pornuestrolaredo.com\/?cat=11\" rel=\"category\">Tamaulipas<\/a>","tag_info":"Tamaulipas","comment_count":"0","jetpack_featured_media_url":"https:\/\/pornuestrolaredo.com\/wp-content\/uploads\/2023\/02\/PNL-20230220-1.jpg","jetpack_sharing_enabled":true,"_links":{"self":[{"href":"https:\/\/pornuestrolaredo.com\/index.php?rest_route=\/wp\/v2\/posts\/1946","targetHints":{"allow":["GET"]}}],"collection":[{"href":"https:\/\/pornuestrolaredo.com\/index.php?rest_route=\/wp\/v2\/posts"}],"about":[{"href":"https:\/\/pornuestrolaredo.com\/index.php?rest_route=\/wp\/v2\/types\/post"}],"author":[{"embeddable":true,"href":"https:\/\/pornuestrolaredo.com\/index.php?rest_route=\/wp\/v2\/users\/1"}],"replies":[{"embeddable":true,"href":"https:\/\/pornuestrolaredo.com\/index.php?rest_route=%2Fwp%2Fv2%2Fcomments&post=1946"}],"version-history":[{"count":2,"href":"https:\/\/pornuestrolaredo.com\/index.php?rest_route=\/wp\/v2\/posts\/1946\/revisions"}],"predecessor-version":[{"id":1949,"href":"https:\/\/pornuestrolaredo.com\/index.php?rest_route=\/wp\/v2\/posts\/1946\/revisions\/1949"}],"wp:featuredmedia":[{"embeddable":true,"href":"https:\/\/pornuestrolaredo.com\/index.php?rest_route=\/wp\/v2\/media\/1948"}],"wp:attachment":[{"href":"https:\/\/pornuestrolaredo.com\/index.php?rest_route=%2Fwp%2Fv2%2Fmedia&parent=1946"}],"wp:term":[{"taxonomy":"category","embeddable":true,"href":"https:\/\/pornuestrolaredo.com\/index.php?rest_route=%2Fwp%2Fv2%2Fcategories&post=1946"},{"taxonomy":"post_tag","embeddable":true,"href":"https:\/\/pornuestrolaredo.com\/index.php?rest_route=%2Fwp%2Fv2%2Ftags&post=1946"}],"curies":[{"name":"wp","href":"https:\/\/api.w.org\/{rel}","templated":true}]}}