{"id":1950,"date":"2023-02-20T19:53:29","date_gmt":"2023-02-20T19:53:29","guid":{"rendered":"https:\/\/pornuestrolaredo.com\/?p=1950"},"modified":"2023-02-20T20:20:00","modified_gmt":"2023-02-20T20:20:00","slug":"destaca-lider-nacional-de-morena-liderazgo-de-nuevo-laredo","status":"publish","type":"post","link":"https:\/\/pornuestrolaredo.com\/?p=1950","title":{"rendered":"Destaca l\u00edder nacional de Morena liderazgo de Nuevo Laredo"},"content":{"rendered":"<p><strong><em>NUEVO LAREDO.-<\/em><\/strong> El presidente nacional del partido de Movimiento Regeneraci\u00f3n Nacional (MORENA), Mario Delgado Carrillo, estuvo en la ciudad durante las elecciones extraordinarias que se desarrollan en Tamaulipas para elegir al funcionario que ocupar\u00e1 el lugar de senador de la rep\u00fablica.<\/p>\n<p>En su visita por la frontera el l\u00edder de Morena reconoci\u00f3 que Nuevo Laredo es un municipio que representa la transformaci\u00f3n que durante a\u00f1os permaneci\u00f3 estancada y que ahora es ejemplo a nivel nacional.<\/p>\n<blockquote><p>Como partido, estamos muy orgullosos de Carmen Lilia Canturosas porque ha hecho una labor extraordinaria en Nuevo Laredo\u201d, se\u00f1al\u00f3 el l\u00edder de Morena.<\/p><\/blockquote>\n<p>El dirigente nacional del partido inform\u00f3 que las casillas se encontraban instaladas casi al 99 por ciento en Tamaulipas, adem\u00e1s de la confianza que existe con las autoridades electorales para que la elecci\u00f3n se desarrolle correctamente.<\/p>\n<blockquote><p>La gente de Nuevo Laredo y de todo Tamaulipas tuvo una participaci\u00f3n ejemplar que llevaron al triunfo contundente a nuestro candidato Jos\u00e9 Ram\u00f3n G\u00f3mez Leal, esto nos confirma la confianza que el ciudadano tiene en nuestro instituto pol\u00edtico gracias al trabajo de nuestro presidente, legisladores y por supuesto alcaldes\u201d, se\u00f1al\u00f3.<\/p><\/blockquote>\n<p>Tambi\u00e9n destac\u00f3 la confianza que han tenido los tamaulipecos con el partido al haber votado por el gobernador Am\u00e9rico Villarreal Anaya.<br \/>\nPor \u00faltimo dijo que permanecer\u00e1 en Nuevo Laredo durante el transcurso de las elecciones y ser\u00e1 en este municipio cuando reciba el resultado preliminar.<\/p>\n","protected":false},"excerpt":{"rendered":"<p>Mario Delgado Carrillo: \u2018Es un municipio que representa la transformaci\u00f3n que por a\u00f1os permaneci\u00f3 estancada y ahora es ejemplo nacional<\/p>\n","protected":false},"author":1,"featured_media":1953,"comment_status":"closed","ping_status":"closed","sticky":false,"template":"","format":"standard","meta":{"_crdt_document":"","_jetpack_memberships_contains_paid_content":false,"footnotes":"","jetpack_publicize_message":"","jetpack_publicize_feature_enabled":true,"jetpack_social_post_already_shared":true,"jetpack_social_options":{"image_generator_settings":{"template":"highway","default_image_id":0,"font":"","enabled":false},"version":2},"_wpas_customize_per_network":false},"categories":[4],"tags":[],"class_list":["post-1950","post","type-post","status-publish","format-standard","has-post-thumbnail","hentry","category-los-dos-laredos"],"magazineBlocksPostFeaturedMedia":{"thumbnail":"https:\/\/pornuestrolaredo.com\/wp-content\/uploads\/2023\/02\/PNL-20230220-2-150x150.jpg","medium":"https:\/\/pornuestrolaredo.com\/wp-content\/uploads\/2023\/02\/PNL-20230220-2-300x200.jpg","medium_large":"https:\/\/pornuestrolaredo.com\/wp-content\/uploads\/2023\/02\/PNL-20230220-2-768x512.jpg","large":"https:\/\/pornuestrolaredo.com\/wp-content\/uploads\/2023\/02\/PNL-20230220-2-1024x682.jpg","1536x1536":"https:\/\/pornuestrolaredo.com\/wp-content\/uploads\/2023\/02\/PNL-20230220-2.jpg","2048x2048":"https:\/\/pornuestrolaredo.com\/wp-content\/uploads\/2023\/02\/PNL-20230220-2.jpg","morenews-large":"https:\/\/pornuestrolaredo.com\/wp-content\/uploads\/2023\/02\/PNL-20230220-2.jpg","morenews-medium":"https:\/\/pornuestrolaredo.com\/wp-content\/uploads\/2023\/02\/PNL-20230220-2.jpg"},"magazineBlocksPostAuthor":{"name":"Redactor","avatar":"https:\/\/pornuestrolaredo.com\/wp-content\/litespeed\/avatar\/dca1d7ec750c399f025f23b0b314f4cf.jpg?ver=1777612120"},"magazineBlocksPostCommentsNumber":false,"magazineBlocksPostExcerpt":"Mario Delgado Carrillo: \u2018Es un municipio que representa la transformaci\u00f3n que por a\u00f1os permaneci\u00f3 estancada y ahora es ejemplo nacional","magazineBlocksPostCategories":["Los dos Laredos"],"magazineBlocksPostViewCount":139,"magazineBlocksPostReadTime":2,"magazine_blocks_featured_image_url":{"full":["https:\/\/pornuestrolaredo.com\/wp-content\/uploads\/2023\/02\/PNL-20230220-2.jpg",1280,853,false],"medium":["https:\/\/pornuestrolaredo.com\/wp-content\/uploads\/2023\/02\/PNL-20230220-2-300x200.jpg",300,200,true],"thumbnail":["https:\/\/pornuestrolaredo.com\/wp-content\/uploads\/2023\/02\/PNL-20230220-2-150x150.jpg",150,150,true]},"magazine_blocks_author":{"display_name":"Redactor","author_link":"https:\/\/pornuestrolaredo.com\/?author=1"},"magazine_blocks_comment":0,"magazine_blocks_author_image":"https:\/\/pornuestrolaredo.com\/wp-content\/litespeed\/avatar\/dca1d7ec750c399f025f23b0b314f4cf.jpg?ver=1777612120","magazine_blocks_category":"<a href=\"#\" class=\"category-link category-link-4\">Los dos Laredos<\/a>","jetpack_publicize_connections":[],"featured_image_urls":{"full":["https:\/\/pornuestrolaredo.com\/wp-content\/uploads\/2023\/02\/PNL-20230220-2.jpg",1280,853,false],"thumbnail":["https:\/\/pornuestrolaredo.com\/wp-content\/uploads\/2023\/02\/PNL-20230220-2-150x150.jpg",150,150,true],"medium":["https:\/\/pornuestrolaredo.com\/wp-content\/uploads\/2023\/02\/PNL-20230220-2-300x200.jpg",300,200,true],"medium_large":["https:\/\/pornuestrolaredo.com\/wp-content\/uploads\/2023\/02\/PNL-20230220-2-768x512.jpg",640,427,true],"large":["https:\/\/pornuestrolaredo.com\/wp-content\/uploads\/2023\/02\/PNL-20230220-2-1024x682.jpg",640,426,true],"1536x1536":["https:\/\/pornuestrolaredo.com\/wp-content\/uploads\/2023\/02\/PNL-20230220-2.jpg",1280,853,false],"2048x2048":["https:\/\/pornuestrolaredo.com\/wp-content\/uploads\/2023\/02\/PNL-20230220-2.jpg",1280,853,false],"morenews-large":["https:\/\/pornuestrolaredo.com\/wp-content\/uploads\/2023\/02\/PNL-20230220-2.jpg",825,550,false],"morenews-medium":["https:\/\/pornuestrolaredo.com\/wp-content\/uploads\/2023\/02\/PNL-20230220-2.jpg",590,393,false]},"author_info":{"info":["Redactor"]},"category_info":"<a href=\"https:\/\/pornuestrolaredo.com\/?cat=4\" rel=\"category\">Los dos Laredos<\/a>","tag_info":"Los dos Laredos","comment_count":"0","jetpack_featured_media_url":"https:\/\/pornuestrolaredo.com\/wp-content\/uploads\/2023\/02\/PNL-20230220-2.jpg","jetpack_sharing_enabled":true,"_links":{"self":[{"href":"https:\/\/pornuestrolaredo.com\/index.php?rest_route=\/wp\/v2\/posts\/1950","targetHints":{"allow":["GET"]}}],"collection":[{"href":"https:\/\/pornuestrolaredo.com\/index.php?rest_route=\/wp\/v2\/posts"}],"about":[{"href":"https:\/\/pornuestrolaredo.com\/index.php?rest_route=\/wp\/v2\/types\/post"}],"author":[{"embeddable":true,"href":"https:\/\/pornuestrolaredo.com\/index.php?rest_route=\/wp\/v2\/users\/1"}],"replies":[{"embeddable":true,"href":"https:\/\/pornuestrolaredo.com\/index.php?rest_route=%2Fwp%2Fv2%2Fcomments&post=1950"}],"version-history":[{"count":2,"href":"https:\/\/pornuestrolaredo.com\/index.php?rest_route=\/wp\/v2\/posts\/1950\/revisions"}],"predecessor-version":[{"id":1954,"href":"https:\/\/pornuestrolaredo.com\/index.php?rest_route=\/wp\/v2\/posts\/1950\/revisions\/1954"}],"wp:featuredmedia":[{"embeddable":true,"href":"https:\/\/pornuestrolaredo.com\/index.php?rest_route=\/wp\/v2\/media\/1953"}],"wp:attachment":[{"href":"https:\/\/pornuestrolaredo.com\/index.php?rest_route=%2Fwp%2Fv2%2Fmedia&parent=1950"}],"wp:term":[{"taxonomy":"category","embeddable":true,"href":"https:\/\/pornuestrolaredo.com\/index.php?rest_route=%2Fwp%2Fv2%2Fcategories&post=1950"},{"taxonomy":"post_tag","embeddable":true,"href":"https:\/\/pornuestrolaredo.com\/index.php?rest_route=%2Fwp%2Fv2%2Ftags&post=1950"}],"curies":[{"name":"wp","href":"https:\/\/api.w.org\/{rel}","templated":true}]}}