{"id":1956,"date":"2023-02-20T22:48:21","date_gmt":"2023-02-20T22:48:21","guid":{"rendered":"https:\/\/pornuestrolaredo.com\/?p=1956"},"modified":"2023-02-20T22:49:34","modified_gmt":"2023-02-20T22:49:34","slug":"carmen-lilia-canturosas-es-la-mas-top-de-tamaulipas","status":"publish","type":"post","link":"https:\/\/pornuestrolaredo.com\/?p=1956","title":{"rendered":"Carmen Lilia Canturosas es la m\u00e1s top de Tamaulipas"},"content":{"rendered":"<p><strong>NUEVO LAREDO.-<\/strong> Producto de su trabajo y labor al frente de la actual administraci\u00f3n municipal, la alcaldesa Carmen Lilia Canturosas  Villarreal se mantiene entre los alcaldes mejor evaluados de M\u00e9xico, adem\u00e1s de presentar una tendencia a la alza en estas mediciones mensuales.<\/p>\n<p>De acuerdo con la Agencia Mitofsky, la alcaldesa de Nuevo Laredo ocupa el segundo puesto entre las alcaldesas mejor evaluadas de todo M\u00e9xico con un promedio de 56 por ciento de aprobaci\u00f3n.<\/p>\n<p>Las  cifras corresponden a un ejercicio estad\u00edstico elaborado en febrero de este a\u00f1o y en el que se confirma que Carmen Lilia adem\u00e1s de ser uno de los alcaldes mejor evaluados de todo Tamaulipas, tambi\u00e9n es la mejor posicionada de Morena en el estado.<\/p>\n<p>En esta misma encuesta, Mitofsky coloca a la neolaredense dentro del top 20 nacional en la posici\u00f3n 13. <\/p>\n<p>Mientras que medios como \u201cEl Economista\u201d, destaca de esta encuesta que Carmen Lilia se ubica dentro del Top 3 de alcaldes del norte que mejor aceptaci\u00f3n tiene con sus ciudadanos.<\/p>\n<p>Un  detalle a destacar, es el hecho de que adem\u00e1s de las cifras favorables, se muestra un  incremento  en la aceptaci\u00f3n de la gente con respecto al periodo de enero del 2022.<\/p>\n<p>Esto demuestra que el trabajo de esta administraci\u00f3n es reconocida por la ciudadan\u00eda neolaredense que mensualmente se refleja en las diversas encuestas con clara tendencia a la alza en aceptaci\u00f3n.<\/p>\n","protected":false},"excerpt":{"rendered":"<p>La alcaldesa de Nuevo Laredo ocupa el segundo lugar nacional entre las alcaldesas con mayor aprobaci\u00f3n<\/p>\n","protected":false},"author":1,"featured_media":1957,"comment_status":"closed","ping_status":"closed","sticky":false,"template":"","format":"standard","meta":{"_crdt_document":"","_jetpack_memberships_contains_paid_content":false,"footnotes":"","jetpack_publicize_message":"","jetpack_publicize_feature_enabled":true,"jetpack_social_post_already_shared":true,"jetpack_social_options":{"image_generator_settings":{"template":"highway","default_image_id":0,"font":"","enabled":false},"version":2},"_wpas_customize_per_network":false},"categories":[4],"tags":[],"class_list":["post-1956","post","type-post","status-publish","format-standard","has-post-thumbnail","hentry","category-los-dos-laredos"],"magazineBlocksPostFeaturedMedia":{"thumbnail":"https:\/\/pornuestrolaredo.com\/wp-content\/uploads\/2023\/02\/PNL-20230220-3-150x150.jpg","medium":"https:\/\/pornuestrolaredo.com\/wp-content\/uploads\/2023\/02\/PNL-20230220-3-300x150.jpg","medium_large":"https:\/\/pornuestrolaredo.com\/wp-content\/uploads\/2023\/02\/PNL-20230220-3-768x384.jpg","large":"https:\/\/pornuestrolaredo.com\/wp-content\/uploads\/2023\/02\/PNL-20230220-3-1024x512.jpg","1536x1536":"https:\/\/pornuestrolaredo.com\/wp-content\/uploads\/2023\/02\/PNL-20230220-3.jpg","2048x2048":"https:\/\/pornuestrolaredo.com\/wp-content\/uploads\/2023\/02\/PNL-20230220-3.jpg","morenews-large":"https:\/\/pornuestrolaredo.com\/wp-content\/uploads\/2023\/02\/PNL-20230220-3.jpg","morenews-medium":"https:\/\/pornuestrolaredo.com\/wp-content\/uploads\/2023\/02\/PNL-20230220-3.jpg"},"magazineBlocksPostAuthor":{"name":"Redactor","avatar":"https:\/\/pornuestrolaredo.com\/wp-content\/litespeed\/avatar\/dca1d7ec750c399f025f23b0b314f4cf.jpg?ver=1777612120"},"magazineBlocksPostCommentsNumber":false,"magazineBlocksPostExcerpt":"La alcaldesa de Nuevo Laredo ocupa el segundo lugar nacional entre las alcaldesas con mayor aprobaci\u00f3n","magazineBlocksPostCategories":["Los dos Laredos"],"magazineBlocksPostViewCount":149,"magazineBlocksPostReadTime":2,"magazine_blocks_featured_image_url":{"full":["https:\/\/pornuestrolaredo.com\/wp-content\/uploads\/2023\/02\/PNL-20230220-3.jpg",1200,600,false],"medium":["https:\/\/pornuestrolaredo.com\/wp-content\/uploads\/2023\/02\/PNL-20230220-3-300x150.jpg",300,150,true],"thumbnail":["https:\/\/pornuestrolaredo.com\/wp-content\/uploads\/2023\/02\/PNL-20230220-3-150x150.jpg",150,150,true]},"magazine_blocks_author":{"display_name":"Redactor","author_link":"https:\/\/pornuestrolaredo.com\/?author=1"},"magazine_blocks_comment":0,"magazine_blocks_author_image":"https:\/\/pornuestrolaredo.com\/wp-content\/litespeed\/avatar\/dca1d7ec750c399f025f23b0b314f4cf.jpg?ver=1777612120","magazine_blocks_category":"<a href=\"#\" class=\"category-link category-link-4\">Los dos Laredos<\/a>","jetpack_publicize_connections":[],"featured_image_urls":{"full":["https:\/\/pornuestrolaredo.com\/wp-content\/uploads\/2023\/02\/PNL-20230220-3.jpg",1200,600,false],"thumbnail":["https:\/\/pornuestrolaredo.com\/wp-content\/uploads\/2023\/02\/PNL-20230220-3-150x150.jpg",150,150,true],"medium":["https:\/\/pornuestrolaredo.com\/wp-content\/uploads\/2023\/02\/PNL-20230220-3-300x150.jpg",300,150,true],"medium_large":["https:\/\/pornuestrolaredo.com\/wp-content\/uploads\/2023\/02\/PNL-20230220-3-768x384.jpg",640,320,true],"large":["https:\/\/pornuestrolaredo.com\/wp-content\/uploads\/2023\/02\/PNL-20230220-3-1024x512.jpg",640,320,true],"1536x1536":["https:\/\/pornuestrolaredo.com\/wp-content\/uploads\/2023\/02\/PNL-20230220-3.jpg",1200,600,false],"2048x2048":["https:\/\/pornuestrolaredo.com\/wp-content\/uploads\/2023\/02\/PNL-20230220-3.jpg",1200,600,false],"morenews-large":["https:\/\/pornuestrolaredo.com\/wp-content\/uploads\/2023\/02\/PNL-20230220-3.jpg",825,413,false],"morenews-medium":["https:\/\/pornuestrolaredo.com\/wp-content\/uploads\/2023\/02\/PNL-20230220-3.jpg",590,295,false]},"author_info":{"info":["Redactor"]},"category_info":"<a href=\"https:\/\/pornuestrolaredo.com\/?cat=4\" rel=\"category\">Los dos Laredos<\/a>","tag_info":"Los dos Laredos","comment_count":"0","jetpack_featured_media_url":"https:\/\/pornuestrolaredo.com\/wp-content\/uploads\/2023\/02\/PNL-20230220-3.jpg","jetpack_sharing_enabled":true,"_links":{"self":[{"href":"https:\/\/pornuestrolaredo.com\/index.php?rest_route=\/wp\/v2\/posts\/1956","targetHints":{"allow":["GET"]}}],"collection":[{"href":"https:\/\/pornuestrolaredo.com\/index.php?rest_route=\/wp\/v2\/posts"}],"about":[{"href":"https:\/\/pornuestrolaredo.com\/index.php?rest_route=\/wp\/v2\/types\/post"}],"author":[{"embeddable":true,"href":"https:\/\/pornuestrolaredo.com\/index.php?rest_route=\/wp\/v2\/users\/1"}],"replies":[{"embeddable":true,"href":"https:\/\/pornuestrolaredo.com\/index.php?rest_route=%2Fwp%2Fv2%2Fcomments&post=1956"}],"version-history":[{"count":2,"href":"https:\/\/pornuestrolaredo.com\/index.php?rest_route=\/wp\/v2\/posts\/1956\/revisions"}],"predecessor-version":[{"id":1959,"href":"https:\/\/pornuestrolaredo.com\/index.php?rest_route=\/wp\/v2\/posts\/1956\/revisions\/1959"}],"wp:featuredmedia":[{"embeddable":true,"href":"https:\/\/pornuestrolaredo.com\/index.php?rest_route=\/wp\/v2\/media\/1957"}],"wp:attachment":[{"href":"https:\/\/pornuestrolaredo.com\/index.php?rest_route=%2Fwp%2Fv2%2Fmedia&parent=1956"}],"wp:term":[{"taxonomy":"category","embeddable":true,"href":"https:\/\/pornuestrolaredo.com\/index.php?rest_route=%2Fwp%2Fv2%2Fcategories&post=1956"},{"taxonomy":"post_tag","embeddable":true,"href":"https:\/\/pornuestrolaredo.com\/index.php?rest_route=%2Fwp%2Fv2%2Ftags&post=1956"}],"curies":[{"name":"wp","href":"https:\/\/api.w.org\/{rel}","templated":true}]}}