{"id":1977,"date":"2023-02-23T00:13:13","date_gmt":"2023-02-23T00:13:13","guid":{"rendered":"https:\/\/pornuestrolaredo.com\/?p=1977"},"modified":"2023-02-23T00:13:13","modified_gmt":"2023-02-23T00:13:13","slug":"se-secan-los-canales-de-venecia","status":"publish","type":"post","link":"https:\/\/pornuestrolaredo.com\/?p=1977","title":{"rendered":"\u00a1Se secan los canales de Venecia!"},"content":{"rendered":"<p><strong><strong>VENECIA, Italia.-<\/strong><\/strong> Algunos de los canales menores de Venecia pr\u00e1cticamente se han secado debido a un prolongado periodo de mareas bajas, lo que ha frustrado al personal de las embarcaciones y desconcertado a los turistas.<\/p>\n<p>Seg\u00fan los expertos, este per\u00edodo prolongado de mareas bajas est\u00e1 relacionado con un sistema atmosf\u00e9rico de presi\u00f3n alta que persiste en gran parte de Italia.<\/p>\n<p>Dado que los canales hacen las veces de arterias en una Venecia sin coches, el fen\u00f3meno de los \u00faltimos d\u00edas ha agravado las dificultades de la vida cotidiana en la ciudad lacustre.<\/p>\n<p>En algunos casos, los botes ambulancia han tenido que amarrar m\u00e1s lejos de su destino, obligando a los equipos m\u00e9dicos a transportar camillas a mano durante largos trayectos, ya que sus embarcaciones no pueden avanzar por canales reducidos a un hilo de agua y lodo.<\/p>\n<p>Para los turistas, esto significaba que las g\u00f3ndolas no pod\u00edan navegar por algunas arterias navegables secundarias que discurren bajo los numerosos y pintorescos puentes de Venecia.<\/p>\n<p>En pleno invierno, la presi\u00f3n atmosf\u00e9rica elevada combinada con el ciclo lunar produce niveles de agua baj\u00edsimos durante la marea menguante, se\u00f1al\u00f3 Jane Da Mosto, cient\u00edfica medioambiental y analista de desarrollo sostenible de We Are Here Venice, un grupo de defensa del medio ambiente.<\/p>\n<p>A\u00f1adi\u00f3 que el fen\u00f3meno pone de manifiesto la falta de atenci\u00f3n ante la necesidad de limpiar la red de canales interiores de Venecia.<\/p>\n<p>La navegaci\u00f3n por las principales v\u00edas navegables, incluidos los canales Grande y de la Giudecca, continu\u00f3. <\/p>\n<p>El mismo sistema de presi\u00f3n alta, agravado por la escasez de nieve fundida en los Alpes este a\u00f1o, ha contribuido a que lagos y r\u00edos del norte de Italia se hayan secado en las \u00faltimas semanas.<\/p>\n","protected":false},"excerpt":{"rendered":"<p>Expertos lo atribuyen a la baja precipitaci\u00f3n de nieve en los Alpes y el ciclo lunar que produce mareas bajas<\/p>\n","protected":false},"author":1,"featured_media":0,"comment_status":"closed","ping_status":"closed","sticky":false,"template":"","format":"standard","meta":{"_crdt_document":"","_jetpack_memberships_contains_paid_content":false,"footnotes":"","jetpack_publicize_message":"\u00a1Se secan los canales de Venecia!","jetpack_publicize_feature_enabled":true,"jetpack_social_post_already_shared":true,"jetpack_social_options":{"image_generator_settings":{"template":"highway","default_image_id":0,"font":"","enabled":false},"version":2},"_wpas_customize_per_network":false},"categories":[9],"tags":[],"class_list":["post-1977","post","type-post","status-publish","format-standard","hentry","category-el-mundo"],"magazineBlocksPostFeaturedMedia":{"thumbnail":false,"medium":false,"medium_large":false,"large":false,"1536x1536":false,"2048x2048":false,"morenews-large":false,"morenews-medium":false},"magazineBlocksPostAuthor":{"name":"Redactor","avatar":"https:\/\/pornuestrolaredo.com\/wp-content\/litespeed\/avatar\/dca1d7ec750c399f025f23b0b314f4cf.jpg?ver=1777612120"},"magazineBlocksPostCommentsNumber":false,"magazineBlocksPostExcerpt":"Expertos lo atribuyen a la baja precipitaci\u00f3n de nieve en los Alpes y el ciclo lunar que produce mareas bajas","magazineBlocksPostCategories":["El Mundo"],"magazineBlocksPostViewCount":146,"magazineBlocksPostReadTime":2,"magazine_blocks_featured_image_url":{"full":false,"medium":false,"thumbnail":false},"magazine_blocks_author":{"display_name":"Redactor","author_link":"https:\/\/pornuestrolaredo.com\/?author=1"},"magazine_blocks_comment":0,"magazine_blocks_author_image":"https:\/\/pornuestrolaredo.com\/wp-content\/litespeed\/avatar\/dca1d7ec750c399f025f23b0b314f4cf.jpg?ver=1777612120","magazine_blocks_category":"<a href=\"#\" class=\"category-link category-link-9\">El Mundo<\/a>","jetpack_publicize_connections":[],"featured_image_urls":{"full":"","thumbnail":"","medium":"","medium_large":"","large":"","1536x1536":"","2048x2048":"","morenews-large":"","morenews-medium":""},"author_info":{"info":["Redactor"]},"category_info":"<a href=\"https:\/\/pornuestrolaredo.com\/?cat=9\" rel=\"category\">El Mundo<\/a>","tag_info":"El Mundo","comment_count":"0","jetpack_featured_media_url":"","jetpack_sharing_enabled":true,"_links":{"self":[{"href":"https:\/\/pornuestrolaredo.com\/index.php?rest_route=\/wp\/v2\/posts\/1977","targetHints":{"allow":["GET"]}}],"collection":[{"href":"https:\/\/pornuestrolaredo.com\/index.php?rest_route=\/wp\/v2\/posts"}],"about":[{"href":"https:\/\/pornuestrolaredo.com\/index.php?rest_route=\/wp\/v2\/types\/post"}],"author":[{"embeddable":true,"href":"https:\/\/pornuestrolaredo.com\/index.php?rest_route=\/wp\/v2\/users\/1"}],"replies":[{"embeddable":true,"href":"https:\/\/pornuestrolaredo.com\/index.php?rest_route=%2Fwp%2Fv2%2Fcomments&post=1977"}],"version-history":[{"count":1,"href":"https:\/\/pornuestrolaredo.com\/index.php?rest_route=\/wp\/v2\/posts\/1977\/revisions"}],"predecessor-version":[{"id":1978,"href":"https:\/\/pornuestrolaredo.com\/index.php?rest_route=\/wp\/v2\/posts\/1977\/revisions\/1978"}],"wp:attachment":[{"href":"https:\/\/pornuestrolaredo.com\/index.php?rest_route=%2Fwp%2Fv2%2Fmedia&parent=1977"}],"wp:term":[{"taxonomy":"category","embeddable":true,"href":"https:\/\/pornuestrolaredo.com\/index.php?rest_route=%2Fwp%2Fv2%2Fcategories&post=1977"},{"taxonomy":"post_tag","embeddable":true,"href":"https:\/\/pornuestrolaredo.com\/index.php?rest_route=%2Fwp%2Fv2%2Ftags&post=1977"}],"curies":[{"name":"wp","href":"https:\/\/api.w.org\/{rel}","templated":true}]}}