{"id":1982,"date":"2023-02-23T02:13:38","date_gmt":"2023-02-23T02:13:38","guid":{"rendered":"https:\/\/pornuestrolaredo.com\/?p=1982"},"modified":"2023-02-23T02:13:38","modified_gmt":"2023-02-23T02:13:38","slug":"remueven-en-turquia-y-siria-montanas-de-escombros","status":"publish","type":"post","link":"https:\/\/pornuestrolaredo.com\/?p=1982","title":{"rendered":"Remueven en Turqu\u00eda y Siria monta\u00f1as de escombros"},"content":{"rendered":"<p><strong><em>SAMANDAG, Turqu\u00eda.-<\/em> <\/strong>Los equipos de demolici\u00f3n est\u00e1n removiendo monta\u00f1as de escombros que dej\u00f3 el sismo del 6 de febrero en Turqu\u00eda y Siria, mientras los rescatistas se apresuran a dar refugio a los sobrevivientes, traumatizados nuevamente por un sismo de magnitud 6.4 el lunes en la provincia de Hatay.<\/p>\n<p>El temblor de esta semana mat\u00f3 a ocho personas en Turqu\u00eda y Siria y demoli\u00f3 o da\u00f1\u00f3 m\u00e1s edificios. La cifra de muertos del terremoto del 6 de febrero en los dos pa\u00edses ha llegado a 46 mil, la mayor\u00eda de ellos en Turqu\u00eda.<\/p>\n<p>El potente terremoto en Turqu\u00eda y Siria requerir\u00e1 un operativo de reconstrucci\u00f3n en una escala \u201cjam\u00e1s vista\u201d, dijo un alto funcionario de la Uni\u00f3n Europea.<\/p>\n<p>El comisario para la Ampliaci\u00f3n y la Pol\u00edtica Europea Vecindad, Oliver Varhelyi, visit\u00f3 Ankara el mi\u00e9rcoles para los preparativos de una conferencia internacional de donantes, prevista para marzo en Bruselas. La conferencia tratar\u00e1 de movilizar fondos de la comunidad internacional para apoyar a Turqu\u00eda y Siria.<\/p>\n<p>La semana pasada, Naciones Unidas pidi\u00f3 mil millones de d\u00f3lares para las agencias humanitarias que ayudan a millones de personas afectadas por el terremoto.<\/p>\n<p>El Programa de Naciones Unidas para el Desarrollo (PNUD) dice que ayudar\u00e1 con la remoci\u00f3n y manejo de los escombros que ha dejado el terremoto.<\/p>\n<p>La agencia dijo en un comunicado que el desastre ha generado entre 116 y 210 millones de toneladas de escombros. Calcula que ocupar\u00eda una de al menos 30 kil\u00f3metros de largo por 30 de ancho (18,6 por 18,6 millas) con tres metros de altura.<\/p>\n<p>Las autoridades turcas dicen que 118.000 edificios con 412.000 unidades se han derrumbado o est\u00e1n tan da\u00f1ados que ser\u00e1 necesario demolerlos. PNUD dijo que aprovechar\u00e1 su experiencia en los terremotos de Hait\u00ed, Nepal y Pakist\u00e1n, la explosi\u00f3n en Beirut y los que escombros que deja la guerra en Ucrania.<\/p>\n","protected":false},"excerpt":{"rendered":"<p>El nuevo temblor que azot\u00f3 la regi\u00f3n el lunes traumatiz\u00f3 a los residentes de ambos pa\u00edses<\/p>\n","protected":false},"author":1,"featured_media":1983,"comment_status":"closed","ping_status":"closed","sticky":false,"template":"","format":"standard","meta":{"_crdt_document":"","_jetpack_memberships_contains_paid_content":false,"footnotes":"","jetpack_publicize_message":"Remueven en Turqu\u00eda y Siria monta\u00f1as de escombros","jetpack_publicize_feature_enabled":true,"jetpack_social_post_already_shared":true,"jetpack_social_options":{"image_generator_settings":{"template":"highway","default_image_id":0,"font":"","enabled":false},"version":2},"_wpas_customize_per_network":false},"categories":[9],"tags":[],"class_list":["post-1982","post","type-post","status-publish","format-standard","has-post-thumbnail","hentry","category-el-mundo"],"magazineBlocksPostFeaturedMedia":{"thumbnail":"https:\/\/pornuestrolaredo.com\/wp-content\/uploads\/2023\/02\/Stereo91-20230222-6-150x150.jpg","medium":"https:\/\/pornuestrolaredo.com\/wp-content\/uploads\/2023\/02\/Stereo91-20230222-6-300x200.jpg","medium_large":"https:\/\/pornuestrolaredo.com\/wp-content\/uploads\/2023\/02\/Stereo91-20230222-6-768x512.jpg","large":"https:\/\/pornuestrolaredo.com\/wp-content\/uploads\/2023\/02\/Stereo91-20230222-6.jpg","1536x1536":"https:\/\/pornuestrolaredo.com\/wp-content\/uploads\/2023\/02\/Stereo91-20230222-6.jpg","2048x2048":"https:\/\/pornuestrolaredo.com\/wp-content\/uploads\/2023\/02\/Stereo91-20230222-6.jpg","morenews-large":"https:\/\/pornuestrolaredo.com\/wp-content\/uploads\/2023\/02\/Stereo91-20230222-6.jpg","morenews-medium":"https:\/\/pornuestrolaredo.com\/wp-content\/uploads\/2023\/02\/Stereo91-20230222-6.jpg"},"magazineBlocksPostAuthor":{"name":"Redactor","avatar":"https:\/\/pornuestrolaredo.com\/wp-content\/litespeed\/avatar\/dca1d7ec750c399f025f23b0b314f4cf.jpg?ver=1777612120"},"magazineBlocksPostCommentsNumber":false,"magazineBlocksPostExcerpt":"El nuevo temblor que azot\u00f3 la regi\u00f3n el lunes traumatiz\u00f3 a los residentes de ambos pa\u00edses","magazineBlocksPostCategories":["El Mundo"],"magazineBlocksPostViewCount":141,"magazineBlocksPostReadTime":2,"magazine_blocks_featured_image_url":{"full":["https:\/\/pornuestrolaredo.com\/wp-content\/uploads\/2023\/02\/Stereo91-20230222-6.jpg",1000,667,false],"medium":["https:\/\/pornuestrolaredo.com\/wp-content\/uploads\/2023\/02\/Stereo91-20230222-6-300x200.jpg",300,200,true],"thumbnail":["https:\/\/pornuestrolaredo.com\/wp-content\/uploads\/2023\/02\/Stereo91-20230222-6-150x150.jpg",150,150,true]},"magazine_blocks_author":{"display_name":"Redactor","author_link":"https:\/\/pornuestrolaredo.com\/?author=1"},"magazine_blocks_comment":0,"magazine_blocks_author_image":"https:\/\/pornuestrolaredo.com\/wp-content\/litespeed\/avatar\/dca1d7ec750c399f025f23b0b314f4cf.jpg?ver=1777612120","magazine_blocks_category":"<a href=\"#\" class=\"category-link category-link-9\">El Mundo<\/a>","jetpack_publicize_connections":[],"featured_image_urls":{"full":["https:\/\/pornuestrolaredo.com\/wp-content\/uploads\/2023\/02\/Stereo91-20230222-6.jpg",1000,667,false],"thumbnail":["https:\/\/pornuestrolaredo.com\/wp-content\/uploads\/2023\/02\/Stereo91-20230222-6-150x150.jpg",150,150,true],"medium":["https:\/\/pornuestrolaredo.com\/wp-content\/uploads\/2023\/02\/Stereo91-20230222-6-300x200.jpg",300,200,true],"medium_large":["https:\/\/pornuestrolaredo.com\/wp-content\/uploads\/2023\/02\/Stereo91-20230222-6-768x512.jpg",640,427,true],"large":["https:\/\/pornuestrolaredo.com\/wp-content\/uploads\/2023\/02\/Stereo91-20230222-6.jpg",640,427,false],"1536x1536":["https:\/\/pornuestrolaredo.com\/wp-content\/uploads\/2023\/02\/Stereo91-20230222-6.jpg",1000,667,false],"2048x2048":["https:\/\/pornuestrolaredo.com\/wp-content\/uploads\/2023\/02\/Stereo91-20230222-6.jpg",1000,667,false],"morenews-large":["https:\/\/pornuestrolaredo.com\/wp-content\/uploads\/2023\/02\/Stereo91-20230222-6.jpg",825,550,false],"morenews-medium":["https:\/\/pornuestrolaredo.com\/wp-content\/uploads\/2023\/02\/Stereo91-20230222-6.jpg",590,394,false]},"author_info":{"info":["Redactor"]},"category_info":"<a href=\"https:\/\/pornuestrolaredo.com\/?cat=9\" rel=\"category\">El Mundo<\/a>","tag_info":"El Mundo","comment_count":"0","jetpack_featured_media_url":"https:\/\/pornuestrolaredo.com\/wp-content\/uploads\/2023\/02\/Stereo91-20230222-6.jpg","jetpack_sharing_enabled":true,"_links":{"self":[{"href":"https:\/\/pornuestrolaredo.com\/index.php?rest_route=\/wp\/v2\/posts\/1982","targetHints":{"allow":["GET"]}}],"collection":[{"href":"https:\/\/pornuestrolaredo.com\/index.php?rest_route=\/wp\/v2\/posts"}],"about":[{"href":"https:\/\/pornuestrolaredo.com\/index.php?rest_route=\/wp\/v2\/types\/post"}],"author":[{"embeddable":true,"href":"https:\/\/pornuestrolaredo.com\/index.php?rest_route=\/wp\/v2\/users\/1"}],"replies":[{"embeddable":true,"href":"https:\/\/pornuestrolaredo.com\/index.php?rest_route=%2Fwp%2Fv2%2Fcomments&post=1982"}],"version-history":[{"count":1,"href":"https:\/\/pornuestrolaredo.com\/index.php?rest_route=\/wp\/v2\/posts\/1982\/revisions"}],"predecessor-version":[{"id":1984,"href":"https:\/\/pornuestrolaredo.com\/index.php?rest_route=\/wp\/v2\/posts\/1982\/revisions\/1984"}],"wp:featuredmedia":[{"embeddable":true,"href":"https:\/\/pornuestrolaredo.com\/index.php?rest_route=\/wp\/v2\/media\/1983"}],"wp:attachment":[{"href":"https:\/\/pornuestrolaredo.com\/index.php?rest_route=%2Fwp%2Fv2%2Fmedia&parent=1982"}],"wp:term":[{"taxonomy":"category","embeddable":true,"href":"https:\/\/pornuestrolaredo.com\/index.php?rest_route=%2Fwp%2Fv2%2Fcategories&post=1982"},{"taxonomy":"post_tag","embeddable":true,"href":"https:\/\/pornuestrolaredo.com\/index.php?rest_route=%2Fwp%2Fv2%2Ftags&post=1982"}],"curies":[{"name":"wp","href":"https:\/\/api.w.org\/{rel}","templated":true}]}}